{"id":50788,"date":"2012-10-30T22:20:42","date_gmt":"2012-10-30T22:20:42","guid":{"rendered":"http:\/\/www.agrund.com\/?p=50788"},"modified":"2012-10-30T22:20:42","modified_gmt":"2012-10-30T22:20:42","slug":"sp-fashion-week-beleza-colcci","status":"publish","type":"post","link":"https:\/\/agrund.com\/index.php\/sp-fashion-week-beleza-colcci\/","title":{"rendered":"SP Fashion Week :: Beleza Colcci"},"content":{"rendered":"<p>A beleza da Colcci nesta 34\u00aa edi\u00e7\u00e3o da SP Fashion Week foi assinada por Robert Estev\u00e3o com inspira\u00e7\u00e3o militar. A sobrancelha \u00e9 marcada com olhos esfumados em marrom e acinzentado e c\u00edlios dram\u00e1ticos.<\/p>\n<p>A ma\u00e7\u00e3 do rosto foi marcada com blush rosa e boca bem ao natural. J\u00e1 para o cabelo, a escolha foi a de um rabo levemente ondulado e o esmalte escolhido para estampar a unha de todas as modelos foi o Element, da Colorama.<\/p>\n<div id=\"attachment_50795\" style=\"width: 394px\" class=\"wp-caption aligncenter\"><a class=\"lightbox\" title=\"SP Fashion Week :: Beleza Colcci\" href=\"https:\/\/i0.wp.com\/www.agrund.com\/wp-content\/uploads\/2012\/10\/IMG_7108.jpg\"><img aria-describedby=\"caption-attachment-50795\" decoding=\"async\" loading=\"lazy\" class=\" wp-image-50795  \" title=\"SP Fashion Week :: Beleza Colcci\" alt=\"SP Fashion Week :: Beleza Colcci\" src=\"https:\/\/i0.wp.com\/www.agrund.com\/wp-content\/uploads\/2012\/10\/IMG_7108.jpg?resize=384%2C576\" width=\"384\" height=\"576\" data-recalc-dims=\"1\" \/><\/a><p id=\"caption-attachment-50795\" class=\"wp-caption-text\">SP Fashion Week :: Beleza Colcci<\/p><\/div>\n<div id=\"attachment_50793\" style=\"width: 394px\" class=\"wp-caption aligncenter\"><a class=\"lightbox\" title=\"SP Fashion Week :: Beleza Colcci\" href=\"https:\/\/i0.wp.com\/www.agrund.com\/wp-content\/uploads\/2012\/10\/IMG_7098.jpg\"><img aria-describedby=\"caption-attachment-50793\" decoding=\"async\" loading=\"lazy\" class=\" wp-image-50793  \" title=\"SP Fashion Week :: Beleza Colcci\" alt=\"SP Fashion Week :: Beleza Colcci\" src=\"https:\/\/i0.wp.com\/www.agrund.com\/wp-content\/uploads\/2012\/10\/IMG_7098.jpg?resize=384%2C487\" width=\"384\" height=\"487\" data-recalc-dims=\"1\" \/><\/a><p id=\"caption-attachment-50793\" class=\"wp-caption-text\">SP Fashion Week :: Beleza Colcci<\/p><\/div>\n<div id=\"attachment_50794\" style=\"width: 528px\" class=\"wp-caption aligncenter\"><a class=\"lightbox\" title=\"SP Fashion Week :: Beleza Colcci\" href=\"https:\/\/i0.wp.com\/www.agrund.com\/wp-content\/uploads\/2012\/10\/IMG_7099.jpg\"><img aria-describedby=\"caption-attachment-50794\" decoding=\"async\" loading=\"lazy\" class=\" wp-image-50794   \" title=\"SP Fashion Week :: Beleza Colcci\" alt=\"SP Fashion Week :: Beleza Colcci\" src=\"https:\/\/i0.wp.com\/www.agrund.com\/wp-content\/uploads\/2012\/10\/IMG_7099.jpg?resize=518%2C346\" width=\"518\" height=\"346\" data-recalc-dims=\"1\" \/><\/a><p id=\"caption-attachment-50794\" class=\"wp-caption-text\">SP Fashion Week :: Beleza Colcci<\/p><\/div>\n<p>Imagens: Amanda Buck.<\/p>\n<p>&nbsp;<\/p>\n","protected":false},"excerpt":{"rendered":"<p>A beleza da Colcci nesta 34\u00aa edi\u00e7\u00e3o da SP Fashion Week foi assinada por Robert Estev\u00e3o com inspira\u00e7\u00e3o militar. A sobrancelha \u00e9 marcada com olhos esfumados em marrom e acinzentado e c\u00edlios dram\u00e1ticos. A ma\u00e7\u00e3 do rosto foi marcada com blush rosa e boca bem ao natural. J\u00e1 para o cabelo, a escolha foi a [&hellip;]<\/p>\n","protected":false},"author":8,"featured_media":50798,"comment_status":"open","ping_status":"open","sticky":false,"template":"","format":"standard","meta":{"jetpack_post_was_ever_published":false,"_jetpack_newsletter_access":"","jetpack_publicize_message":"","jetpack_is_tweetstorm":false,"jetpack_publicize_feature_enabled":true,"jetpack_social_post_already_shared":false,"jetpack_social_options":{"image_generator_settings":{"template":"highway","enabled":false}}},"categories":[2],"tags":[],"jetpack_publicize_connections":[],"jetpack_featured_media_url":"","jetpack_sharing_enabled":true,"jetpack_shortlink":"https:\/\/wp.me\/p3Hz0n-dda","jetpack_likes_enabled":true,"_links":{"self":[{"href":"https:\/\/agrund.com\/index.php\/wp-json\/wp\/v2\/posts\/50788"}],"collection":[{"href":"https:\/\/agrund.com\/index.php\/wp-json\/wp\/v2\/posts"}],"about":[{"href":"https:\/\/agrund.com\/index.php\/wp-json\/wp\/v2\/types\/post"}],"author":[{"embeddable":true,"href":"https:\/\/agrund.com\/index.php\/wp-json\/wp\/v2\/users\/8"}],"replies":[{"embeddable":true,"href":"https:\/\/agrund.com\/index.php\/wp-json\/wp\/v2\/comments?post=50788"}],"version-history":[{"count":0,"href":"https:\/\/agrund.com\/index.php\/wp-json\/wp\/v2\/posts\/50788\/revisions"}],"wp:featuredmedia":[{"embeddable":true,"href":"https:\/\/agrund.com\/index.php\/wp-json\/"}],"wp:attachment":[{"href":"https:\/\/agrund.com\/index.php\/wp-json\/wp\/v2\/media?parent=50788"}],"wp:term":[{"taxonomy":"category","embeddable":true,"href":"https:\/\/agrund.com\/index.php\/wp-json\/wp\/v2\/categories?post=50788"},{"taxonomy":"post_tag","embeddable":true,"href":"https:\/\/agrund.com\/index.php\/wp-json\/wp\/v2\/tags?post=50788"}],"curies":[{"name":"wp","href":"https:\/\/api.w.org\/{rel}","templated":true}]}}