{"id":50685,"date":"2012-10-30T18:16:30","date_gmt":"2012-10-30T18:16:30","guid":{"rendered":"http:\/\/www.agrund.com\/?p=50685"},"modified":"2012-10-30T18:16:30","modified_gmt":"2012-10-30T18:16:30","slug":"sp-fashion-week-beleza-uma","status":"publish","type":"post","link":"https:\/\/agrund.com\/index.php\/sp-fashion-week-beleza-uma\/","title":{"rendered":"SP Fashion Week :: Beleza UMA"},"content":{"rendered":"<p>Comandada pelo maquiador Marcos Costa, a beleza da UMA que ser\u00e1 apresentada aqui no SP Fashion Week\u00a0\u00e9 baseada em uma pele natural, sem r\u00edmel e com blushes nas cores coral e rosa. Uma salva para a boca, que foi preenchida com o batom Terracota da Natura Una.<\/p>\n<p>O cabelo do desfile foi assinado por Juliana Barbosa, que trouxe \u00e0 passarela uma beleza natural, sem muita forma, apenas um liso chapado com acess\u00f3rio em metal na parte inferior da cabe\u00e7a.<\/p>\n<div id=\"attachment_50705\" style=\"width: 510px\" class=\"wp-caption aligncenter\"><a class=\"lightbox\" title=\"SP Fashion Week :: Beleza UMA\" href=\"https:\/\/i0.wp.com\/www.agrund.com\/wp-content\/uploads\/2012\/10\/uma-28.jpg\"><img aria-describedby=\"caption-attachment-50705\" decoding=\"async\" loading=\"lazy\" class=\"size-full wp-image-50705\" title=\"SP Fashion Week :: Beleza UMA\" src=\"https:\/\/i0.wp.com\/www.agrund.com\/wp-content\/uploads\/2012\/10\/uma-28.jpg?resize=500%2C333\" alt=\"SP Fashion Week :: Beleza UMA\" width=\"500\" height=\"333\" data-recalc-dims=\"1\" \/><\/a><p id=\"caption-attachment-50705\" class=\"wp-caption-text\">SP Fashion Week :: Beleza UMA<\/p><\/div>\n<div id=\"attachment_50707\" style=\"width: 510px\" class=\"wp-caption aligncenter\"><a class=\"lightbox\" title=\"SP Fashion Week :: Beleza UMA\" href=\"https:\/\/i0.wp.com\/www.agrund.com\/wp-content\/uploads\/2012\/10\/uma-36.jpg\"><img aria-describedby=\"caption-attachment-50707\" decoding=\"async\" loading=\"lazy\" class=\"size-full wp-image-50707\" title=\"SP Fashion Week :: Beleza UMA\" src=\"https:\/\/i0.wp.com\/www.agrund.com\/wp-content\/uploads\/2012\/10\/uma-36.jpg?resize=500%2C750\" alt=\"SP Fashion Week :: Beleza UMA\" width=\"500\" height=\"750\" data-recalc-dims=\"1\" \/><\/a><p id=\"caption-attachment-50707\" class=\"wp-caption-text\">SP Fashion Week :: Beleza UMA<\/p><\/div>\n<div id=\"attachment_50706\" style=\"width: 343px\" class=\"wp-caption aligncenter\"><a class=\"lightbox\" title=\"SP Fashion Week :: Beleza UMA\" href=\"https:\/\/i0.wp.com\/www.agrund.com\/wp-content\/uploads\/2012\/10\/uma-35.jpg\"><img aria-describedby=\"caption-attachment-50706\" decoding=\"async\" loading=\"lazy\" class=\"size-full wp-image-50706\" title=\"SP Fashion Week :: Beleza UMA\" src=\"https:\/\/i0.wp.com\/www.agrund.com\/wp-content\/uploads\/2012\/10\/uma-35.jpg?resize=333%2C500\" alt=\"SP Fashion Week :: Beleza UMA\" width=\"333\" height=\"500\" data-recalc-dims=\"1\" \/><\/a><p id=\"caption-attachment-50706\" class=\"wp-caption-text\">SP Fashion Week :: Beleza UMA<\/p><\/div>\n<div id=\"attachment_50708\" style=\"width: 343px\" class=\"wp-caption aligncenter\"><a class=\"lightbox\" title=\"SP Fashion Week :: Beleza UMA\" href=\"https:\/\/i0.wp.com\/www.agrund.com\/wp-content\/uploads\/2012\/10\/uma-40.jpg\"><img aria-describedby=\"caption-attachment-50708\" decoding=\"async\" loading=\"lazy\" class=\"size-full wp-image-50708\" title=\"SP Fashion Week :: Beleza UMA\" src=\"https:\/\/i0.wp.com\/www.agrund.com\/wp-content\/uploads\/2012\/10\/uma-40.jpg?resize=333%2C500\" alt=\"SP Fashion Week :: Beleza UMA\" width=\"333\" height=\"500\" data-recalc-dims=\"1\" \/><\/a><p id=\"caption-attachment-50708\" class=\"wp-caption-text\">SP Fashion Week :: Beleza UMA<\/p><\/div>\n<p>Imagens: Amanda Buck.<\/p>\n<p>&nbsp;<\/p>\n","protected":false},"excerpt":{"rendered":"<p>Comandada pelo maquiador Marcos Costa, a beleza da UMA que ser\u00e1 apresentada aqui no SP Fashion Week\u00a0\u00e9 baseada em uma pele natural, sem r\u00edmel e com blushes nas cores coral e rosa. Uma salva para a boca, que foi preenchida com o batom Terracota da Natura Una. O cabelo do desfile foi assinado por Juliana [&hellip;]<\/p>\n","protected":false},"author":8,"featured_media":50704,"comment_status":"open","ping_status":"open","sticky":false,"template":"","format":"standard","meta":{"jetpack_post_was_ever_published":false,"_jetpack_newsletter_access":"","jetpack_publicize_message":"","jetpack_is_tweetstorm":false,"jetpack_publicize_feature_enabled":true,"jetpack_social_post_already_shared":false,"jetpack_social_options":{"image_generator_settings":{"template":"highway","enabled":false}}},"categories":[2],"tags":[],"jetpack_publicize_connections":[],"jetpack_featured_media_url":"","jetpack_sharing_enabled":true,"jetpack_shortlink":"https:\/\/wp.me\/p3Hz0n-dbv","jetpack_likes_enabled":true,"_links":{"self":[{"href":"https:\/\/agrund.com\/index.php\/wp-json\/wp\/v2\/posts\/50685"}],"collection":[{"href":"https:\/\/agrund.com\/index.php\/wp-json\/wp\/v2\/posts"}],"about":[{"href":"https:\/\/agrund.com\/index.php\/wp-json\/wp\/v2\/types\/post"}],"author":[{"embeddable":true,"href":"https:\/\/agrund.com\/index.php\/wp-json\/wp\/v2\/users\/8"}],"replies":[{"embeddable":true,"href":"https:\/\/agrund.com\/index.php\/wp-json\/wp\/v2\/comments?post=50685"}],"version-history":[{"count":0,"href":"https:\/\/agrund.com\/index.php\/wp-json\/wp\/v2\/posts\/50685\/revisions"}],"wp:featuredmedia":[{"embeddable":true,"href":"https:\/\/agrund.com\/index.php\/wp-json\/"}],"wp:attachment":[{"href":"https:\/\/agrund.com\/index.php\/wp-json\/wp\/v2\/media?parent=50685"}],"wp:term":[{"taxonomy":"category","embeddable":true,"href":"https:\/\/agrund.com\/index.php\/wp-json\/wp\/v2\/categories?post=50685"},{"taxonomy":"post_tag","embeddable":true,"href":"https:\/\/agrund.com\/index.php\/wp-json\/wp\/v2\/tags?post=50685"}],"curies":[{"name":"wp","href":"https:\/\/api.w.org\/{rel}","templated":true}]}}