{"id":50610,"date":"2012-10-30T13:58:48","date_gmt":"2012-10-30T13:58:48","guid":{"rendered":"http:\/\/www.agrund.com\/?p=50610"},"modified":"2012-10-30T13:58:48","modified_gmt":"2012-10-30T13:58:48","slug":"sp-fashio-week-croqui-uma-inverno-2013","status":"publish","type":"post","link":"https:\/\/agrund.com\/index.php\/sp-fashio-week-croqui-uma-inverno-2013\/","title":{"rendered":"SP Fashion Week :: Croqui UMA inverno 2013"},"content":{"rendered":"<p>A UMA revela croqui de um dos looks que ser\u00e3o apresentados hoje na 34 S\u00e3o Paulo Fashion Week.<\/p>\n<p>A estilista Raquel Davidowicz prop\u00f5e para o inverno 2013 repensar as necessidades que atendam a um \u201cnovo tempo&#8221;.Vamos aguardar!<\/p>\n<div id=\"attachment_50611\" style=\"width: 510px\" class=\"wp-caption aligncenter\"><a class=\"lightbox\" title=\"Croqui UMA inverno 2013\" href=\"https:\/\/i0.wp.com\/www.agrund.com\/wp-content\/uploads\/2012\/10\/croqui.jpg\"><img aria-describedby=\"caption-attachment-50611\" decoding=\"async\" loading=\"lazy\" class=\"size-full wp-image-50611\" title=\"Croqui UMA inverno 2013\" src=\"https:\/\/i0.wp.com\/www.agrund.com\/wp-content\/uploads\/2012\/10\/croqui.jpg?resize=500%2C869\" alt=\"Croqui UMA inverno 2013\" width=\"500\" height=\"869\" data-recalc-dims=\"1\" \/><\/a><p id=\"caption-attachment-50611\" class=\"wp-caption-text\">Croqui UMA inverno 2013<\/p><\/div>\n","protected":false},"excerpt":{"rendered":"<p>A UMA revela croqui de um dos looks que ser\u00e3o apresentados hoje na 34 S\u00e3o Paulo Fashion Week. A estilista Raquel Davidowicz prop\u00f5e para o inverno 2013 repensar as necessidades que atendam a um \u201cnovo tempo&#8221;.Vamos aguardar!<\/p>\n","protected":false},"author":8,"featured_media":50612,"comment_status":"open","ping_status":"open","sticky":false,"template":"","format":"standard","meta":{"jetpack_post_was_ever_published":false,"_jetpack_newsletter_access":"","jetpack_publicize_message":"","jetpack_is_tweetstorm":false,"jetpack_publicize_feature_enabled":true,"jetpack_social_post_already_shared":false,"jetpack_social_options":{"image_generator_settings":{"template":"highway","enabled":false}}},"categories":[2],"tags":[],"jetpack_publicize_connections":[],"jetpack_featured_media_url":"","jetpack_sharing_enabled":true,"jetpack_shortlink":"https:\/\/wp.me\/p3Hz0n-dai","jetpack_likes_enabled":true,"_links":{"self":[{"href":"https:\/\/agrund.com\/index.php\/wp-json\/wp\/v2\/posts\/50610"}],"collection":[{"href":"https:\/\/agrund.com\/index.php\/wp-json\/wp\/v2\/posts"}],"about":[{"href":"https:\/\/agrund.com\/index.php\/wp-json\/wp\/v2\/types\/post"}],"author":[{"embeddable":true,"href":"https:\/\/agrund.com\/index.php\/wp-json\/wp\/v2\/users\/8"}],"replies":[{"embeddable":true,"href":"https:\/\/agrund.com\/index.php\/wp-json\/wp\/v2\/comments?post=50610"}],"version-history":[{"count":0,"href":"https:\/\/agrund.com\/index.php\/wp-json\/wp\/v2\/posts\/50610\/revisions"}],"wp:featuredmedia":[{"embeddable":true,"href":"https:\/\/agrund.com\/index.php\/wp-json\/"}],"wp:attachment":[{"href":"https:\/\/agrund.com\/index.php\/wp-json\/wp\/v2\/media?parent=50610"}],"wp:term":[{"taxonomy":"category","embeddable":true,"href":"https:\/\/agrund.com\/index.php\/wp-json\/wp\/v2\/categories?post=50610"},{"taxonomy":"post_tag","embeddable":true,"href":"https:\/\/agrund.com\/index.php\/wp-json\/wp\/v2\/tags?post=50610"}],"curies":[{"name":"wp","href":"https:\/\/api.w.org\/{rel}","templated":true}]}}