{"id":5046,"date":"2011-02-21T09:00:41","date_gmt":"2011-02-21T12:00:41","guid":{"rendered":"http:\/\/www.agrund.com\/blogs\/notas\/?p=5046"},"modified":"2011-02-21T09:00:41","modified_gmt":"2011-02-21T12:00:41","slug":"cores-do-inverno-2011","status":"publish","type":"post","link":"https:\/\/agrund.com\/index.php\/cores-do-inverno-2011\/","title":{"rendered":"CORES DO INVERNO 2011"},"content":{"rendered":"<p>Com o fim da NYFW, a Pantone divulgou seu relat\u00f3rio de cores que ser\u00e3o tend\u00eancia no pr\u00f3ximo inverno. S\u00e3o dez cores exclusivas baseadas nos looks desfilados e ilustra\u00e7\u00f5es para mostrar de onde vieram. O editor executivo da Pantone conta que a maioria dos estilistas combinou cores brilhantes\u00a0 e claras com tons neutros e naturais, assim como os pintores combinam as cores para criar suas obras de arte, com uma forte preocupa\u00e7\u00e3o no contraste e nas texturas. Inspire-se nelas!<\/p>\n<p style=\"text-align: center\"><img decoding=\"async\" loading=\"lazy\" class=\"aligncenter size-full wp-image-5049\" src=\"https:\/\/i0.wp.com\/www.agrund.com\/arquivo\/notas\/files\/2011\/02\/pantone-fw2011-trend-600x453.jpg?resize=432%2C326\" alt=\"\" width=\"432\" height=\"326\" data-recalc-dims=\"1\" \/><\/p>\n<p style=\"text-align: center\"><img decoding=\"async\" loading=\"lazy\" class=\"aligncenter size-full wp-image-5048\" src=\"\/wp-content\/uploads\/2011\/02\/pantone-fw2011-trend-2-600x392.jpg\" alt=\"\" width=\"432\" height=\"283\" \/><img decoding=\"async\" loading=\"lazy\" class=\"aligncenter size-full wp-image-5047\" src=\"\/wp-content\/uploads\/2011\/02\/pantone-fw2011-trend-1-600x284.jpg\" alt=\"\" width=\"432\" height=\"204\" \/><\/p>\n","protected":false},"excerpt":{"rendered":"<p>Com o fim da NYFW, a Pantone divulgou seu relat\u00f3rio de cores que ser\u00e3o tend\u00eancia no pr\u00f3ximo inverno. S\u00e3o dez cores exclusivas baseadas nos looks desfilados e ilustra\u00e7\u00f5es para mostrar de onde vieram. O editor executivo da Pantone conta que a maioria dos estilistas combinou cores brilhantes\u00a0 e claras com tons neutros e naturais, assim [&hellip;]<\/p>\n","protected":false},"author":8,"featured_media":5049,"comment_status":"open","ping_status":"open","sticky":false,"template":"","format":"standard","meta":{"jetpack_post_was_ever_published":false,"_jetpack_newsletter_access":"","jetpack_publicize_message":"","jetpack_is_tweetstorm":false,"jetpack_publicize_feature_enabled":true,"jetpack_social_post_already_shared":false,"jetpack_social_options":{"image_generator_settings":{"template":"highway","enabled":false}}},"categories":[2],"tags":[],"jetpack_publicize_connections":[],"jetpack_featured_media_url":"","jetpack_sharing_enabled":true,"jetpack_shortlink":"https:\/\/wp.me\/p3Hz0n-1jo","jetpack_likes_enabled":true,"_links":{"self":[{"href":"https:\/\/agrund.com\/index.php\/wp-json\/wp\/v2\/posts\/5046"}],"collection":[{"href":"https:\/\/agrund.com\/index.php\/wp-json\/wp\/v2\/posts"}],"about":[{"href":"https:\/\/agrund.com\/index.php\/wp-json\/wp\/v2\/types\/post"}],"author":[{"embeddable":true,"href":"https:\/\/agrund.com\/index.php\/wp-json\/wp\/v2\/users\/8"}],"replies":[{"embeddable":true,"href":"https:\/\/agrund.com\/index.php\/wp-json\/wp\/v2\/comments?post=5046"}],"version-history":[{"count":0,"href":"https:\/\/agrund.com\/index.php\/wp-json\/wp\/v2\/posts\/5046\/revisions"}],"wp:featuredmedia":[{"embeddable":true,"href":"https:\/\/agrund.com\/index.php\/wp-json\/"}],"wp:attachment":[{"href":"https:\/\/agrund.com\/index.php\/wp-json\/wp\/v2\/media?parent=5046"}],"wp:term":[{"taxonomy":"category","embeddable":true,"href":"https:\/\/agrund.com\/index.php\/wp-json\/wp\/v2\/categories?post=5046"},{"taxonomy":"post_tag","embeddable":true,"href":"https:\/\/agrund.com\/index.php\/wp-json\/wp\/v2\/tags?post=5046"}],"curies":[{"name":"wp","href":"https:\/\/api.w.org\/{rel}","templated":true}]}}