{"id":50354,"date":"2012-10-29T19:55:13","date_gmt":"2012-10-29T19:55:13","guid":{"rendered":"http:\/\/www.agrund.com\/?p=50354"},"modified":"2012-10-29T19:55:13","modified_gmt":"2012-10-29T19:55:13","slug":"sp-fashion-week-entrevista-exclusiva-de-helo-rocha","status":"publish","type":"post","link":"https:\/\/agrund.com\/index.php\/sp-fashion-week-entrevista-exclusiva-de-helo-rocha\/","title":{"rendered":"SP Fashion Week :: Entrevista Exclusiva de Hel\u00f4 Rocha"},"content":{"rendered":"<p>A estilista Hel\u00f4 Rocha deu entrevista exclusiva para o AGrund contando o que vai rolar daqui \u00e0 pouco em seu desfile Inverno 2013 na 34 Edi\u00e7\u00e3o do SP Fashion Week. Aperte o play!<\/p>\n<p>&nbsp;<\/p>\n<p><span class=\"embed-youtube\" style=\"text-align:center; display: block;\"><iframe loading=\"lazy\" class=\"youtube-player\" width=\"640\" height=\"360\" src=\"https:\/\/www.youtube.com\/embed\/lTT8XOYbOQM?version=3&#038;rel=1&#038;showsearch=0&#038;showinfo=1&#038;iv_load_policy=1&#038;fs=1&#038;hl=pt-BR&#038;autohide=2&#038;wmode=transparent\" allowfullscreen=\"true\" style=\"border:0;\" sandbox=\"allow-scripts allow-same-origin allow-popups allow-presentation\"><\/iframe><\/span><\/p>\n<p>&nbsp;<\/p>\n<div id=\"attachment_50456\" style=\"width: 506px\" class=\"wp-caption aligncenter\"><a class=\"lightbox\" title=\"slide\" href=\"https:\/\/i0.wp.com\/www.agrund.com\/wp-content\/uploads\/2012\/10\/slide422.jpg\"><img aria-describedby=\"caption-attachment-50456\" decoding=\"async\" loading=\"lazy\" class=\" wp-image-50456 \" title=\"slide\" src=\"https:\/\/i0.wp.com\/www.agrund.com\/wp-content\/uploads\/2012\/10\/slide422.jpg?resize=496%2C256\" alt=\"SP Fashion Week :: Entrevista Exclusiva de Hel\u00f4 Rocha\" width=\"496\" height=\"256\" data-recalc-dims=\"1\" \/><\/a><p id=\"caption-attachment-50456\" class=\"wp-caption-text\">SP Fashion Week :: Entrevista Exclusiva de Hel\u00f4 Rocha<\/p><\/div>\n","protected":false},"excerpt":{"rendered":"<p>A estilista Hel\u00f4 Rocha deu entrevista exclusiva para o AGrund contando o que vai rolar daqui \u00e0 pouco em seu desfile Inverno 2013 na 34 Edi\u00e7\u00e3o do SP Fashion Week. Aperte o play! &nbsp; &nbsp;<\/p>\n","protected":false},"author":8,"featured_media":50456,"comment_status":"open","ping_status":"open","sticky":false,"template":"","format":"standard","meta":{"jetpack_post_was_ever_published":false,"_jetpack_newsletter_access":"","jetpack_publicize_message":"","jetpack_is_tweetstorm":false,"jetpack_publicize_feature_enabled":true,"jetpack_social_post_already_shared":false,"jetpack_social_options":{"image_generator_settings":{"template":"highway","enabled":false}}},"categories":[2],"tags":[],"jetpack_publicize_connections":[],"jetpack_featured_media_url":"","jetpack_sharing_enabled":true,"jetpack_shortlink":"https:\/\/wp.me\/p3Hz0n-d6a","jetpack_likes_enabled":true,"_links":{"self":[{"href":"https:\/\/agrund.com\/index.php\/wp-json\/wp\/v2\/posts\/50354"}],"collection":[{"href":"https:\/\/agrund.com\/index.php\/wp-json\/wp\/v2\/posts"}],"about":[{"href":"https:\/\/agrund.com\/index.php\/wp-json\/wp\/v2\/types\/post"}],"author":[{"embeddable":true,"href":"https:\/\/agrund.com\/index.php\/wp-json\/wp\/v2\/users\/8"}],"replies":[{"embeddable":true,"href":"https:\/\/agrund.com\/index.php\/wp-json\/wp\/v2\/comments?post=50354"}],"version-history":[{"count":0,"href":"https:\/\/agrund.com\/index.php\/wp-json\/wp\/v2\/posts\/50354\/revisions"}],"wp:featuredmedia":[{"embeddable":true,"href":"https:\/\/agrund.com\/index.php\/wp-json\/"}],"wp:attachment":[{"href":"https:\/\/agrund.com\/index.php\/wp-json\/wp\/v2\/media?parent=50354"}],"wp:term":[{"taxonomy":"category","embeddable":true,"href":"https:\/\/agrund.com\/index.php\/wp-json\/wp\/v2\/categories?post=50354"},{"taxonomy":"post_tag","embeddable":true,"href":"https:\/\/agrund.com\/index.php\/wp-json\/wp\/v2\/tags?post=50354"}],"curies":[{"name":"wp","href":"https:\/\/api.w.org\/{rel}","templated":true}]}}