{"id":50327,"date":"2012-10-29T15:43:09","date_gmt":"2012-10-29T15:43:09","guid":{"rendered":"http:\/\/www.agrund.com\/?p=50327"},"modified":"2012-10-29T15:43:09","modified_gmt":"2012-10-29T15:43:09","slug":"sp-fashion-week-beleza-ronaldo-fraga","status":"publish","type":"post","link":"https:\/\/agrund.com\/index.php\/sp-fashion-week-beleza-ronaldo-fraga\/","title":{"rendered":"SP Fashion Week :: Beleza \u2013 Ronaldo Fraga"},"content":{"rendered":"<p>Marcos Costa \u00e9 quem assina a beleza das modelos de Ronaldo Fraga. O beauty expert se inspirou na palavra \u201cironia\u201d para sua cria\u00e7\u00e3o. Pele levemente corrigida, iluminador fosco com um toque perolado para as ma\u00e7\u00e3s do rosto e m\u00e1scara extra volume nos c\u00edlios.<\/p>\n<p>Todos os produtos usados s\u00e3o da Natura Una. Nos cabelos, Marcos optou pelo uso de apliques de tran\u00e7as de v\u00e1rios tamanhos: algumas com um metro, outras com dois. \u201cDepende do que a modelo consegue carregar\u201d, enfatiza o maquiador.<\/p>\n<p>&nbsp;<\/p>\n<div id=\"attachment_50339\" style=\"width: 460px\" class=\"wp-caption aligncenter\"><a class=\"lightbox\" title=\"SP Fashion Week :: Beleza \u2013 Ronaldo Fraga\" href=\"https:\/\/i0.wp.com\/www.agrund.com\/wp-content\/uploads\/2012\/10\/A290090.jpg\"><img aria-describedby=\"caption-attachment-50339\" decoding=\"async\" loading=\"lazy\" class=\"size-full wp-image-50339\" title=\"SP Fashion Week :: Beleza \u2013 Ronaldo Fraga\" src=\"https:\/\/i0.wp.com\/www.agrund.com\/wp-content\/uploads\/2012\/10\/A290090.jpg?resize=450%2C600\" alt=\"SP Fashion Week :: Beleza \u2013 Ronaldo Fraga\" width=\"450\" height=\"600\" data-recalc-dims=\"1\" \/><\/a><p id=\"caption-attachment-50339\" class=\"wp-caption-text\">SP Fashion Week :: Beleza \u2013 Ronaldo Fraga<\/p><\/div>\n<div id=\"attachment_50338\" style=\"width: 460px\" class=\"wp-caption aligncenter\"><a class=\"lightbox\" title=\"_A290088SP Fashion Week :: Beleza \u2013 Ronaldo Fraga\" href=\"https:\/\/i0.wp.com\/www.agrund.com\/wp-content\/uploads\/2012\/10\/A290088.jpg\"><img aria-describedby=\"caption-attachment-50338\" decoding=\"async\" loading=\"lazy\" class=\"size-full wp-image-50338\" title=\"_A290088SP Fashion Week :: Beleza \u2013 Ronaldo Fraga\" src=\"https:\/\/i0.wp.com\/www.agrund.com\/wp-content\/uploads\/2012\/10\/A290088.jpg?resize=450%2C600\" alt=\"SP Fashion Week :: Beleza \u2013 Ronaldo Fraga\" width=\"450\" height=\"600\" data-recalc-dims=\"1\" \/><\/a><p id=\"caption-attachment-50338\" class=\"wp-caption-text\">SP Fashion Week :: Beleza \u2013 Ronaldo Fraga<\/p><\/div>\n<div id=\"attachment_50337\" style=\"width: 460px\" class=\"wp-caption aligncenter\"><a class=\"lightbox\" title=\"SP Fashion Week :: Beleza \u2013 Ronaldo Fraga\" href=\"https:\/\/i0.wp.com\/www.agrund.com\/wp-content\/uploads\/2012\/10\/A290084.jpg\"><img aria-describedby=\"caption-attachment-50337\" decoding=\"async\" loading=\"lazy\" class=\"size-full wp-image-50337\" title=\"SP Fashion Week :: Beleza \u2013 Ronaldo Fraga\" src=\"https:\/\/i0.wp.com\/www.agrund.com\/wp-content\/uploads\/2012\/10\/A290084.jpg?resize=450%2C338\" alt=\"SP Fashion Week :: Beleza \u2013 Ronaldo Fraga\" width=\"450\" height=\"338\" data-recalc-dims=\"1\" \/><\/a><p id=\"caption-attachment-50337\" class=\"wp-caption-text\">SP Fashion Week :: Beleza \u2013 Ronaldo Fraga<\/p><\/div>\n<div id=\"attachment_50336\" style=\"width: 460px\" class=\"wp-caption aligncenter\"><a class=\"lightbox\" title=\"SP Fashion Week :: Beleza \u2013 Ronaldo Fraga\" href=\"https:\/\/i0.wp.com\/www.agrund.com\/wp-content\/uploads\/2012\/10\/A290077.jpg\"><img aria-describedby=\"caption-attachment-50336\" decoding=\"async\" loading=\"lazy\" class=\"size-full wp-image-50336\" title=\"SP Fashion Week :: Beleza \u2013 Ronaldo Fraga\" src=\"https:\/\/i0.wp.com\/www.agrund.com\/wp-content\/uploads\/2012\/10\/A290077.jpg?resize=450%2C600\" alt=\"SP Fashion Week :: Beleza \u2013 Ronaldo Fraga\" width=\"450\" height=\"600\" data-recalc-dims=\"1\" \/><\/a><p id=\"caption-attachment-50336\" class=\"wp-caption-text\">SP Fashion Week :: Beleza \u2013 Ronaldo Fraga<\/p><\/div>\n<div id=\"attachment_50335\" style=\"width: 460px\" class=\"wp-caption aligncenter\"><a class=\"lightbox\" title=\"SP Fashion Week :: Beleza \u2013 Ronaldo Fraga\" href=\"https:\/\/i0.wp.com\/www.agrund.com\/wp-content\/uploads\/2012\/10\/A290075.jpg\"><img aria-describedby=\"caption-attachment-50335\" decoding=\"async\" loading=\"lazy\" class=\"size-full wp-image-50335\" title=\"SP Fashion Week :: Beleza \u2013 Ronaldo Fraga\" src=\"https:\/\/i0.wp.com\/www.agrund.com\/wp-content\/uploads\/2012\/10\/A290075.jpg?resize=450%2C338\" alt=\"SP Fashion Week :: Beleza \u2013 Ronaldo Fraga\" width=\"450\" height=\"338\" data-recalc-dims=\"1\" \/><\/a><p id=\"caption-attachment-50335\" class=\"wp-caption-text\">SP Fashion Week :: Beleza \u2013 Ronaldo Fraga<\/p><\/div>\n<div id=\"attachment_50334\" style=\"width: 460px\" class=\"wp-caption aligncenter\"><a class=\"lightbox\" title=\"SP Fashion Week :: Beleza \u2013 Ronaldo Fraga\" href=\"https:\/\/i0.wp.com\/www.agrund.com\/wp-content\/uploads\/2012\/10\/A290049.jpg\"><img aria-describedby=\"caption-attachment-50334\" decoding=\"async\" loading=\"lazy\" class=\"size-full wp-image-50334\" title=\"SP Fashion Week :: Beleza \u2013 Ronaldo Fraga\" src=\"https:\/\/i0.wp.com\/www.agrund.com\/wp-content\/uploads\/2012\/10\/A290049.jpg?resize=450%2C600\" alt=\"SP Fashion Week :: Beleza \u2013 Ronaldo Fraga\" width=\"450\" height=\"600\" data-recalc-dims=\"1\" \/><\/a><p id=\"caption-attachment-50334\" class=\"wp-caption-text\">SP Fashion Week :: Beleza \u2013 Ronaldo Fraga<\/p><\/div>\n","protected":false},"excerpt":{"rendered":"<p>Marcos Costa \u00e9 quem assina a beleza das modelos de Ronaldo Fraga. O beauty expert se inspirou na palavra \u201cironia\u201d para sua cria\u00e7\u00e3o. Pele levemente corrigida, iluminador fosco com um toque perolado para as ma\u00e7\u00e3s do rosto e m\u00e1scara extra volume nos c\u00edlios. Todos os produtos usados s\u00e3o da Natura Una. Nos cabelos, Marcos optou [&hellip;]<\/p>\n","protected":false},"author":8,"featured_media":50341,"comment_status":"open","ping_status":"open","sticky":false,"template":"","format":"standard","meta":{"jetpack_post_was_ever_published":false,"_jetpack_newsletter_access":"","jetpack_publicize_message":"","jetpack_is_tweetstorm":false,"jetpack_publicize_feature_enabled":true,"jetpack_social_post_already_shared":false,"jetpack_social_options":{"image_generator_settings":{"template":"highway","enabled":false}}},"categories":[2],"tags":[],"jetpack_publicize_connections":[],"jetpack_featured_media_url":"","jetpack_sharing_enabled":true,"jetpack_shortlink":"https:\/\/wp.me\/p3Hz0n-d5J","jetpack_likes_enabled":true,"_links":{"self":[{"href":"https:\/\/agrund.com\/index.php\/wp-json\/wp\/v2\/posts\/50327"}],"collection":[{"href":"https:\/\/agrund.com\/index.php\/wp-json\/wp\/v2\/posts"}],"about":[{"href":"https:\/\/agrund.com\/index.php\/wp-json\/wp\/v2\/types\/post"}],"author":[{"embeddable":true,"href":"https:\/\/agrund.com\/index.php\/wp-json\/wp\/v2\/users\/8"}],"replies":[{"embeddable":true,"href":"https:\/\/agrund.com\/index.php\/wp-json\/wp\/v2\/comments?post=50327"}],"version-history":[{"count":0,"href":"https:\/\/agrund.com\/index.php\/wp-json\/wp\/v2\/posts\/50327\/revisions"}],"wp:featuredmedia":[{"embeddable":true,"href":"https:\/\/agrund.com\/index.php\/wp-json\/"}],"wp:attachment":[{"href":"https:\/\/agrund.com\/index.php\/wp-json\/wp\/v2\/media?parent=50327"}],"wp:term":[{"taxonomy":"category","embeddable":true,"href":"https:\/\/agrund.com\/index.php\/wp-json\/wp\/v2\/categories?post=50327"},{"taxonomy":"post_tag","embeddable":true,"href":"https:\/\/agrund.com\/index.php\/wp-json\/wp\/v2\/tags?post=50327"}],"curies":[{"name":"wp","href":"https:\/\/api.w.org\/{rel}","templated":true}]}}