{"id":4969,"date":"2011-02-18T09:00:18","date_gmt":"2011-02-18T11:00:18","guid":{"rendered":"http:\/\/www.agrund.com\/blogs\/notas\/?p=4969"},"modified":"2011-02-18T09:00:18","modified_gmt":"2011-02-18T11:00:18","slug":"megan-fox-para-giorgio-armani-beauty","status":"publish","type":"post","link":"https:\/\/agrund.com\/index.php\/megan-fox-para-giorgio-armani-beauty\/","title":{"rendered":"MEGAN FOX PARA GIORGIO ARMANI BEAUTY"},"content":{"rendered":"<p>Lembra que mostramos <a href=\"http:\/\/www.agrund.com\/megan-fox-para-armani\/\">aqui<\/a> o v\u00eddeo e as primerias fotos de Megan Fox como o novo rosto da Giorgio Armani Beauty? As imagens de divulga\u00e7\u00e3o da cole\u00e7\u00e3o finalmente sa\u00edram \u2013 e n\u00e3o tinha como Megan estar mais incr\u00edvel.<\/p>\n<p style=\"text-align: center\"><img decoding=\"async\" loading=\"lazy\" class=\"aligncenter size-full wp-image-4970\" src=\"\/wp-content\/uploads\/2011\/02\/giorgio-armani-spring-2011-transluminence-collection-megan-fox.jpg\" alt=\"\" width=\"267\" height=\"400\" \/><\/p>\n<p style=\"text-align: center\"><img decoding=\"async\" loading=\"lazy\" class=\"aligncenter size-large wp-image-4973\" src=\"https:\/\/i0.wp.com\/www.agrund.com\/arquivo\/notas\/files\/2011\/02\/Megan_Fox_Armani_2011-682x1024.jpg?resize=409%2C614\" alt=\"\" width=\"409\" height=\"614\" data-recalc-dims=\"1\" \/><img decoding=\"async\" loading=\"lazy\" class=\"aligncenter size-full wp-image-4974\" src=\"\/wp-content\/uploads\/2011\/02\/Megan_Fox_Giorgio_Armani_Beauty_010.jpg\" alt=\"\" width=\"267\" height=\"400\" \/><img decoding=\"async\" loading=\"lazy\" class=\"aligncenter size-full wp-image-4972\" src=\"\/wp-content\/uploads\/2011\/02\/giorgio-armani-spring-2011-transluminence-collection2.jpg\" alt=\"\" width=\"400\" height=\"236\" \/><img decoding=\"async\" loading=\"lazy\" class=\"aligncenter size-full wp-image-4971\" src=\"\/wp-content\/uploads\/2011\/02\/giorgio-armani-spring-2011-transluminence-collection.jpg\" alt=\"\" width=\"400\" height=\"282\" \/><\/p>\n<p>Olhos carregados e esfuma\u00e7ados e tons de boca nude e vermelh\u00e3o sexy. Ser\u00e1 que usando todos os produtos a gente tamb\u00e9m fica a cara da Megan?<\/p>\n","protected":false},"excerpt":{"rendered":"<p>Lembra que mostramos aqui o v\u00eddeo e as primerias fotos de Megan Fox como o novo rosto da Giorgio Armani Beauty? As imagens de divulga\u00e7\u00e3o da cole\u00e7\u00e3o finalmente sa\u00edram \u2013 e n\u00e3o tinha como Megan estar mais incr\u00edvel. Olhos carregados e esfuma\u00e7ados e tons de boca nude e vermelh\u00e3o sexy. Ser\u00e1 que usando todos os [&hellip;]<\/p>\n","protected":false},"author":8,"featured_media":4970,"comment_status":"open","ping_status":"open","sticky":false,"template":"","format":"standard","meta":{"jetpack_post_was_ever_published":false,"_jetpack_newsletter_access":"","jetpack_publicize_message":"","jetpack_is_tweetstorm":false,"jetpack_publicize_feature_enabled":true,"jetpack_social_post_already_shared":false,"jetpack_social_options":{"image_generator_settings":{"template":"highway","enabled":false}}},"categories":[2],"tags":[],"jetpack_publicize_connections":[],"jetpack_featured_media_url":"","jetpack_sharing_enabled":true,"jetpack_shortlink":"https:\/\/wp.me\/p3Hz0n-1i9","jetpack_likes_enabled":true,"_links":{"self":[{"href":"https:\/\/agrund.com\/index.php\/wp-json\/wp\/v2\/posts\/4969"}],"collection":[{"href":"https:\/\/agrund.com\/index.php\/wp-json\/wp\/v2\/posts"}],"about":[{"href":"https:\/\/agrund.com\/index.php\/wp-json\/wp\/v2\/types\/post"}],"author":[{"embeddable":true,"href":"https:\/\/agrund.com\/index.php\/wp-json\/wp\/v2\/users\/8"}],"replies":[{"embeddable":true,"href":"https:\/\/agrund.com\/index.php\/wp-json\/wp\/v2\/comments?post=4969"}],"version-history":[{"count":0,"href":"https:\/\/agrund.com\/index.php\/wp-json\/wp\/v2\/posts\/4969\/revisions"}],"wp:featuredmedia":[{"embeddable":true,"href":"https:\/\/agrund.com\/index.php\/wp-json\/"}],"wp:attachment":[{"href":"https:\/\/agrund.com\/index.php\/wp-json\/wp\/v2\/media?parent=4969"}],"wp:term":[{"taxonomy":"category","embeddable":true,"href":"https:\/\/agrund.com\/index.php\/wp-json\/wp\/v2\/categories?post=4969"},{"taxonomy":"post_tag","embeddable":true,"href":"https:\/\/agrund.com\/index.php\/wp-json\/wp\/v2\/tags?post=4969"}],"curies":[{"name":"wp","href":"https:\/\/api.w.org\/{rel}","templated":true}]}}