{"id":49476,"date":"2012-10-22T22:30:27","date_gmt":"2012-10-23T00:30:27","guid":{"rendered":"http:\/\/www.agrund.com\/?p=49476"},"modified":"2012-10-22T22:30:27","modified_gmt":"2012-10-23T00:30:27","slug":"modelo-rafael-lazzini-lanca-marca-de-acessorios","status":"publish","type":"post","link":"https:\/\/agrund.com\/index.php\/modelo-rafael-lazzini-lanca-marca-de-acessorios\/","title":{"rendered":"Modelo Rafael Lazzini lan\u00e7a marca de acess\u00f3rios"},"content":{"rendered":"<p>O modelo brasileiro Rafael Lazzini est\u00e1 lan\u00e7ando uma marca de acess\u00f3rios junto com seu irm\u00e3o, Alexandre Lazzini. A primeira cole\u00e7\u00e3o da L.A.B. \u00e9 inspirada no esp\u00edrito &#8220;On the Road&#8221;, com uma pegada western vintage e ao mesmo tempo Rock&#8217;n&#8217;Roll. Dentre os produtos, est\u00e3o os chap\u00e9us Fedora, carteiras de couro, correntes de pedrarias asi\u00e1ticas e len\u00e7os de seda. As vendas ser\u00e3o feitas apenas pelo e-commerce da marca. Confira:<\/p>\n<div id=\"attachment_49483\" style=\"width: 510px\" class=\"wp-caption aligncenter\"><a class=\"lightbox\" title=\"Modelo Rafael Lazzini lan\u00e7a marca de acess\u00f3rios\" href=\"https:\/\/i0.wp.com\/www.agrund.com\/wp-content\/uploads\/2012\/10\/modelo-rafael-lazzini-lanca-marca-de-acessorios-7.jpg\"><img aria-describedby=\"caption-attachment-49483\" decoding=\"async\" loading=\"lazy\" class=\"size-full wp-image-49483\" title=\"Modelo Rafael Lazzini lan\u00e7a marca de acess\u00f3rios\" src=\"https:\/\/i0.wp.com\/www.agrund.com\/wp-content\/uploads\/2012\/10\/modelo-rafael-lazzini-lanca-marca-de-acessorios-7.jpg?resize=500%2C333\" alt=\"Modelo Rafael Lazzini lan\u00e7a marca de acess\u00f3rios\" width=\"500\" height=\"333\" data-recalc-dims=\"1\" \/><\/a><p id=\"caption-attachment-49483\" class=\"wp-caption-text\">Modelo Rafael Lazzini lan\u00e7a marca de acess\u00f3rios<\/p><\/div>\n<div id=\"attachment_49482\" style=\"width: 510px\" class=\"wp-caption aligncenter\"><a class=\"lightbox\" title=\"Modelo Rafael Lazzini lan\u00e7a marca de acess\u00f3rios\" href=\"https:\/\/i0.wp.com\/www.agrund.com\/wp-content\/uploads\/2012\/10\/modelo-rafael-lazzini-lanca-marca-de-acessorios-6.jpg\"><img aria-describedby=\"caption-attachment-49482\" decoding=\"async\" loading=\"lazy\" class=\"size-full wp-image-49482\" title=\"Modelo Rafael Lazzini lan\u00e7a marca de acess\u00f3rios\" src=\"https:\/\/i0.wp.com\/www.agrund.com\/wp-content\/uploads\/2012\/10\/modelo-rafael-lazzini-lanca-marca-de-acessorios-6.jpg?resize=500%2C342\" alt=\"Modelo Rafael Lazzini lan\u00e7a marca de acess\u00f3rios\" width=\"500\" height=\"342\" data-recalc-dims=\"1\" \/><\/a><p id=\"caption-attachment-49482\" class=\"wp-caption-text\">Modelo Rafael Lazzini lan\u00e7a marca de acess\u00f3rios<\/p><\/div>\n<div id=\"attachment_49481\" style=\"width: 510px\" class=\"wp-caption aligncenter\"><a class=\"lightbox\" title=\"Modelo Rafael Lazzini lan\u00e7a marca de acess\u00f3rios\" href=\"https:\/\/i0.wp.com\/www.agrund.com\/wp-content\/uploads\/2012\/10\/modelo-rafael-lazzini-lanca-marca-de-acessorios-5.jpg\"><img aria-describedby=\"caption-attachment-49481\" decoding=\"async\" loading=\"lazy\" class=\"size-full wp-image-49481\" title=\"Modelo Rafael Lazzini lan\u00e7a marca de acess\u00f3rios\" src=\"https:\/\/i0.wp.com\/www.agrund.com\/wp-content\/uploads\/2012\/10\/modelo-rafael-lazzini-lanca-marca-de-acessorios-5.jpg?resize=500%2C333\" alt=\"Modelo Rafael Lazzini lan\u00e7a marca de acess\u00f3rios\" width=\"500\" height=\"333\" data-recalc-dims=\"1\" \/><\/a><p id=\"caption-attachment-49481\" class=\"wp-caption-text\">Modelo Rafael Lazzini lan\u00e7a marca de acess\u00f3rios<\/p><\/div>\n<div id=\"attachment_49480\" style=\"width: 510px\" class=\"wp-caption aligncenter\"><a class=\"lightbox\" title=\"Modelo Rafael Lazzini lan\u00e7a marca de acess\u00f3rios\" href=\"https:\/\/i0.wp.com\/www.agrund.com\/wp-content\/uploads\/2012\/10\/modelo-rafael-lazzini-lanca-marca-de-acessorios-4.jpg\"><img aria-describedby=\"caption-attachment-49480\" decoding=\"async\" loading=\"lazy\" class=\"size-full wp-image-49480\" title=\"Modelo Rafael Lazzini lan\u00e7a marca de acess\u00f3rios\" src=\"https:\/\/i0.wp.com\/www.agrund.com\/wp-content\/uploads\/2012\/10\/modelo-rafael-lazzini-lanca-marca-de-acessorios-4.jpg?resize=500%2C342\" alt=\"Modelo Rafael Lazzini lan\u00e7a marca de acess\u00f3rios\" width=\"500\" height=\"342\" data-recalc-dims=\"1\" \/><\/a><p id=\"caption-attachment-49480\" class=\"wp-caption-text\">Modelo Rafael Lazzini lan\u00e7a marca de acess\u00f3rios<\/p><\/div>\n<div id=\"attachment_49479\" style=\"width: 510px\" class=\"wp-caption aligncenter\"><a class=\"lightbox\" title=\"Modelo Rafael Lazzini lan\u00e7a marca de acess\u00f3rios\" href=\"https:\/\/i0.wp.com\/www.agrund.com\/wp-content\/uploads\/2012\/10\/modelo-rafael-lazzini-lanca-marca-de-acessorios-3.jpg\"><img aria-describedby=\"caption-attachment-49479\" decoding=\"async\" loading=\"lazy\" class=\"size-full wp-image-49479\" title=\"Modelo Rafael Lazzini lan\u00e7a marca de acess\u00f3rios\" src=\"https:\/\/i0.wp.com\/www.agrund.com\/wp-content\/uploads\/2012\/10\/modelo-rafael-lazzini-lanca-marca-de-acessorios-3.jpg?resize=500%2C250\" alt=\"Modelo Rafael Lazzini lan\u00e7a marca de acess\u00f3rios\" width=\"500\" height=\"250\" data-recalc-dims=\"1\" \/><\/a><p id=\"caption-attachment-49479\" class=\"wp-caption-text\">Modelo Rafael Lazzini lan\u00e7a marca de acess\u00f3rios<\/p><\/div>\n<div id=\"attachment_49478\" style=\"width: 510px\" class=\"wp-caption aligncenter\"><a class=\"lightbox\" title=\"Modelo Rafael Lazzini lan\u00e7a marca de acess\u00f3rios\" href=\"https:\/\/i0.wp.com\/www.agrund.com\/wp-content\/uploads\/2012\/10\/modelo-rafael-lazzini-lanca-marca-de-acessorios-2.jpg\"><img aria-describedby=\"caption-attachment-49478\" decoding=\"async\" loading=\"lazy\" class=\"size-full wp-image-49478\" title=\"Modelo Rafael Lazzini lan\u00e7a marca de acess\u00f3rios\" src=\"https:\/\/i0.wp.com\/www.agrund.com\/wp-content\/uploads\/2012\/10\/modelo-rafael-lazzini-lanca-marca-de-acessorios-2.jpg?resize=500%2C750\" alt=\"Modelo Rafael Lazzini lan\u00e7a marca de acess\u00f3rios\" width=\"500\" height=\"750\" data-recalc-dims=\"1\" \/><\/a><p id=\"caption-attachment-49478\" class=\"wp-caption-text\">Modelo Rafael Lazzini lan\u00e7a marca de acess\u00f3rios<\/p><\/div>\n<div id=\"attachment_49477\" style=\"width: 510px\" class=\"wp-caption aligncenter\"><a class=\"lightbox\" title=\"Modelo Rafael Lazzini lan\u00e7a marca de acess\u00f3rios\" href=\"https:\/\/i0.wp.com\/www.agrund.com\/wp-content\/uploads\/2012\/10\/modelo-rafael-lazzini-lanca-marca-de-acessorios-1.jpg\"><img aria-describedby=\"caption-attachment-49477\" decoding=\"async\" loading=\"lazy\" class=\"size-full wp-image-49477\" title=\"Modelo Rafael Lazzini lan\u00e7a marca de acess\u00f3rios\" src=\"https:\/\/i0.wp.com\/www.agrund.com\/wp-content\/uploads\/2012\/10\/modelo-rafael-lazzini-lanca-marca-de-acessorios-1.jpg?resize=500%2C333\" alt=\"Modelo Rafael Lazzini lan\u00e7a marca de acess\u00f3rios\" width=\"500\" height=\"333\" data-recalc-dims=\"1\" \/><\/a><p id=\"caption-attachment-49477\" class=\"wp-caption-text\">Modelo Rafael Lazzini lan\u00e7a marca de acess\u00f3rios<\/p><\/div>\n<p>Imagens: Reprodu\u00e7\u00e3o.<\/p>\n","protected":false},"excerpt":{"rendered":"<p>O modelo brasileiro Rafael Lazzini est\u00e1 lan\u00e7ando uma marca de acess\u00f3rios junto com seu irm\u00e3o, Alexandre Lazzini. A primeira cole\u00e7\u00e3o da L.A.B. \u00e9 inspirada no esp\u00edrito &#8220;On the Road&#8221;, com uma pegada western vintage e ao mesmo tempo Rock&#8217;n&#8217;Roll. Dentre os produtos, est\u00e3o os chap\u00e9us Fedora, carteiras de couro, correntes de pedrarias asi\u00e1ticas e len\u00e7os [&hellip;]<\/p>\n","protected":false},"author":8,"featured_media":49484,"comment_status":"open","ping_status":"open","sticky":false,"template":"","format":"standard","meta":{"jetpack_post_was_ever_published":false,"_jetpack_newsletter_access":"","jetpack_publicize_message":"","jetpack_is_tweetstorm":false,"jetpack_publicize_feature_enabled":true,"jetpack_social_post_already_shared":false,"jetpack_social_options":{"image_generator_settings":{"template":"highway","enabled":false}}},"categories":[6],"tags":[],"jetpack_publicize_connections":[],"jetpack_featured_media_url":"","jetpack_sharing_enabled":true,"jetpack_shortlink":"https:\/\/wp.me\/p3Hz0n-cS0","jetpack_likes_enabled":true,"_links":{"self":[{"href":"https:\/\/agrund.com\/index.php\/wp-json\/wp\/v2\/posts\/49476"}],"collection":[{"href":"https:\/\/agrund.com\/index.php\/wp-json\/wp\/v2\/posts"}],"about":[{"href":"https:\/\/agrund.com\/index.php\/wp-json\/wp\/v2\/types\/post"}],"author":[{"embeddable":true,"href":"https:\/\/agrund.com\/index.php\/wp-json\/wp\/v2\/users\/8"}],"replies":[{"embeddable":true,"href":"https:\/\/agrund.com\/index.php\/wp-json\/wp\/v2\/comments?post=49476"}],"version-history":[{"count":0,"href":"https:\/\/agrund.com\/index.php\/wp-json\/wp\/v2\/posts\/49476\/revisions"}],"wp:featuredmedia":[{"embeddable":true,"href":"https:\/\/agrund.com\/index.php\/wp-json\/"}],"wp:attachment":[{"href":"https:\/\/agrund.com\/index.php\/wp-json\/wp\/v2\/media?parent=49476"}],"wp:term":[{"taxonomy":"category","embeddable":true,"href":"https:\/\/agrund.com\/index.php\/wp-json\/wp\/v2\/categories?post=49476"},{"taxonomy":"post_tag","embeddable":true,"href":"https:\/\/agrund.com\/index.php\/wp-json\/wp\/v2\/tags?post=49476"}],"curies":[{"name":"wp","href":"https:\/\/api.w.org\/{rel}","templated":true}]}}