{"id":49467,"date":"2012-10-22T20:30:59","date_gmt":"2012-10-22T22:30:59","guid":{"rendered":"http:\/\/www.agrund.com\/?p=49467"},"modified":"2012-10-22T20:30:59","modified_gmt":"2012-10-22T22:30:59","slug":"scott-speedman-na-capa-da-elle-man-canada","status":"publish","type":"post","link":"https:\/\/agrund.com\/index.php\/scott-speedman-na-capa-da-elle-man-canada\/","title":{"rendered":"Scott Speedman na capa da Elle Man Canad\u00e1"},"content":{"rendered":"<p>O ator Scott Speedman \u00e9 capa da Elle Man Canad\u00e1 edi\u00e7\u00e3o de novembro 2012. No clique de capa, Scott aparece muito elegante vestindo um trench coat verde. Segundo Noreen Flanagan, editor-chefe da Elle Canad\u00e1, o ator foi uma escolha \u00f3bvia, pois \u00e9 criativo, bem-sucedido e elegante como os leitores da revista. Confira:<\/p>\n<p>&nbsp;<\/p>\n<div id=\"attachment_49468\" style=\"width: 490px\" class=\"wp-caption aligncenter\"><a class=\"lightbox\" title=\"Scott Speedman na capa da Elle Man Canad\u00e1\" href=\"https:\/\/i0.wp.com\/www.agrund.com\/wp-content\/uploads\/2012\/10\/Scott-Speedman-na-capa-da-Elle-Man-Canad\u00e1.jpg\"><img aria-describedby=\"caption-attachment-49468\" decoding=\"async\" loading=\"lazy\" class=\" wp-image-49468 \" title=\"Scott Speedman na capa da Elle Man Canad\u00e1\" src=\"https:\/\/i0.wp.com\/www.agrund.com\/wp-content\/uploads\/2012\/10\/Scott-Speedman-na-capa-da-Elle-Man-Canad\u00e1.jpg?resize=480%2C620\" alt=\"Scott Speedman na capa da Elle Man Canad\u00e1\" width=\"480\" height=\"620\" data-recalc-dims=\"1\" \/><\/a><p id=\"caption-attachment-49468\" class=\"wp-caption-text\">Scott Speedman na capa da Elle Man Canad\u00e1<\/p><\/div>\n<p>Imagem: Reprodu\u00e7\u00e3o.<\/p>\n","protected":false},"excerpt":{"rendered":"<p>O ator Scott Speedman \u00e9 capa da Elle Man Canad\u00e1 edi\u00e7\u00e3o de novembro 2012. No clique de capa, Scott aparece muito elegante vestindo um trench coat verde. Segundo Noreen Flanagan, editor-chefe da Elle Canad\u00e1, o ator foi uma escolha \u00f3bvia, pois \u00e9 criativo, bem-sucedido e elegante como os leitores da revista. Confira: &nbsp; Imagem: Reprodu\u00e7\u00e3o.<\/p>\n","protected":false},"author":8,"featured_media":49469,"comment_status":"open","ping_status":"open","sticky":false,"template":"","format":"standard","meta":{"jetpack_post_was_ever_published":false,"_jetpack_newsletter_access":"","jetpack_publicize_message":"","jetpack_is_tweetstorm":false,"jetpack_publicize_feature_enabled":true,"jetpack_social_post_already_shared":false,"jetpack_social_options":{"image_generator_settings":{"template":"highway","enabled":false}}},"categories":[6],"tags":[],"jetpack_publicize_connections":[],"jetpack_featured_media_url":"","jetpack_sharing_enabled":true,"jetpack_shortlink":"https:\/\/wp.me\/p3Hz0n-cRR","jetpack_likes_enabled":true,"_links":{"self":[{"href":"https:\/\/agrund.com\/index.php\/wp-json\/wp\/v2\/posts\/49467"}],"collection":[{"href":"https:\/\/agrund.com\/index.php\/wp-json\/wp\/v2\/posts"}],"about":[{"href":"https:\/\/agrund.com\/index.php\/wp-json\/wp\/v2\/types\/post"}],"author":[{"embeddable":true,"href":"https:\/\/agrund.com\/index.php\/wp-json\/wp\/v2\/users\/8"}],"replies":[{"embeddable":true,"href":"https:\/\/agrund.com\/index.php\/wp-json\/wp\/v2\/comments?post=49467"}],"version-history":[{"count":0,"href":"https:\/\/agrund.com\/index.php\/wp-json\/wp\/v2\/posts\/49467\/revisions"}],"wp:featuredmedia":[{"embeddable":true,"href":"https:\/\/agrund.com\/index.php\/wp-json\/"}],"wp:attachment":[{"href":"https:\/\/agrund.com\/index.php\/wp-json\/wp\/v2\/media?parent=49467"}],"wp:term":[{"taxonomy":"category","embeddable":true,"href":"https:\/\/agrund.com\/index.php\/wp-json\/wp\/v2\/categories?post=49467"},{"taxonomy":"post_tag","embeddable":true,"href":"https:\/\/agrund.com\/index.php\/wp-json\/wp\/v2\/tags?post=49467"}],"curies":[{"name":"wp","href":"https:\/\/api.w.org\/{rel}","templated":true}]}}