{"id":49380,"date":"2012-10-22T18:00:53","date_gmt":"2012-10-22T20:00:53","guid":{"rendered":"http:\/\/www.agrund.com\/?p=49380"},"modified":"2012-10-22T18:00:53","modified_gmt":"2012-10-22T20:00:53","slug":"ator-carlos-machado-em-campanha-de-underwear","status":"publish","type":"post","link":"https:\/\/agrund.com\/index.php\/ator-carlos-machado-em-campanha-de-underwear\/","title":{"rendered":"Ator Carlos Machado em campanha de underwear"},"content":{"rendered":"<p>Para o ver\u00e3o 2013, a Jog Underwear escolheu o ator Carlos Machado para ser a estrela de sua nova cole\u00e7\u00e3o. Vaidosos e exigentes, cada vez mais os homens est\u00e3o atentos \u00e0s novidades do mercado underwear que est\u00e1 em plena ascens\u00e3o. Com uma cole\u00e7\u00e3o multifacetada para todos os estilos masculinos, a Jog underwear destaca sua linha esportiva para o ver\u00e3o 2013.<br \/>\nA Jog Sport atende as necessidades de um homem com esp\u00edrito jovem e que est\u00e1 em constante \u2018movimento\u2019. Elaboradas com tecidos confort\u00e1veis como algod\u00e3o, poliamida e algod\u00e3o com elastano, as pe\u00e7as possuem modelagens e recortes \u201cdesestruturados\u201d que remetem aos shorts anatomicamente esportivos.<br \/>\nPara dar o tom alegre e vibrante que o ver\u00e3o merece, a cartela de cores \u00e9 composta por vermelho, amarelo, laranja e royal, com destaque para um dos trends da esta\u00e7\u00e3o, as cores fl\u00fao que ora aparecem nas pe\u00e7as, ora nos el\u00e1sticos.<\/p>\n<div id=\"attachment_49383\" style=\"width: 460px\" class=\"wp-caption aligncenter\"><a class=\"lightbox\" title=\"Ator Carlos Machado em campanha de underwear\" href=\"https:\/\/i0.wp.com\/www.agrund.com\/wp-content\/uploads\/2012\/10\/ator-carlos-machado-em-campanha-de-underwear.jpg\"><img aria-describedby=\"caption-attachment-49383\" decoding=\"async\" loading=\"lazy\" class=\"size-full wp-image-49383\" title=\"Ator Carlos Machado em campanha de underwear\" src=\"https:\/\/i0.wp.com\/www.agrund.com\/wp-content\/uploads\/2012\/10\/ator-carlos-machado-em-campanha-de-underwear.jpg?resize=450%2C675\" alt=\"Ator Carlos Machado em campanha de underwear\" width=\"450\" height=\"675\" data-recalc-dims=\"1\" \/><\/a><p id=\"caption-attachment-49383\" class=\"wp-caption-text\">Ator Carlos Machado em campanha de underwear<\/p><\/div>\n<div id=\"attachment_49382\" style=\"width: 460px\" class=\"wp-caption aligncenter\"><a class=\"lightbox\" title=\"Ator Carlos Machado em campanha de underwear\" href=\"https:\/\/i0.wp.com\/www.agrund.com\/wp-content\/uploads\/2012\/10\/ator-carlos-machado-em-campanha-de-underwear-4.jpg\"><img aria-describedby=\"caption-attachment-49382\" decoding=\"async\" loading=\"lazy\" class=\"size-full wp-image-49382\" title=\"Ator Carlos Machado em campanha de underwear\" src=\"https:\/\/i0.wp.com\/www.agrund.com\/wp-content\/uploads\/2012\/10\/ator-carlos-machado-em-campanha-de-underwear-4.jpg?resize=450%2C675\" alt=\"Ator Carlos Machado em campanha de underwear\" width=\"450\" height=\"675\" data-recalc-dims=\"1\" \/><\/a><p id=\"caption-attachment-49382\" class=\"wp-caption-text\">Ator Carlos Machado em campanha de underwear<\/p><\/div>\n<div id=\"attachment_49381\" style=\"width: 460px\" class=\"wp-caption aligncenter\"><a class=\"lightbox\" title=\"Ator Carlos Machado em campanha de underwear\" href=\"https:\/\/i0.wp.com\/www.agrund.com\/wp-content\/uploads\/2012\/10\/ator-carlos-machado-em-campanha-de-underwear-2.jpg\"><img aria-describedby=\"caption-attachment-49381\" decoding=\"async\" loading=\"lazy\" class=\"size-full wp-image-49381\" title=\"Ator Carlos Machado em campanha de underwear\" src=\"https:\/\/i0.wp.com\/www.agrund.com\/wp-content\/uploads\/2012\/10\/ator-carlos-machado-em-campanha-de-underwear-2.jpg?resize=450%2C300\" alt=\"Ator Carlos Machado em campanha de underwear\" width=\"450\" height=\"300\" data-recalc-dims=\"1\" \/><\/a><p id=\"caption-attachment-49381\" class=\"wp-caption-text\">Ator Carlos Machado em campanha de underwear<\/p><\/div>\n<p>Imagens: Divulga\u00e7\u00e3o.<\/p>\n","protected":false},"excerpt":{"rendered":"<p>Para o ver\u00e3o 2013, a Jog Underwear escolheu o ator Carlos Machado para ser a estrela de sua nova cole\u00e7\u00e3o. Vaidosos e exigentes, cada vez mais os homens est\u00e3o atentos \u00e0s novidades do mercado underwear que est\u00e1 em plena ascens\u00e3o. Com uma cole\u00e7\u00e3o multifacetada para todos os estilos masculinos, a Jog underwear destaca sua linha [&hellip;]<\/p>\n","protected":false},"author":8,"featured_media":49384,"comment_status":"open","ping_status":"open","sticky":false,"template":"","format":"standard","meta":{"jetpack_post_was_ever_published":false,"_jetpack_newsletter_access":"","jetpack_publicize_message":"","jetpack_is_tweetstorm":false,"jetpack_publicize_feature_enabled":true,"jetpack_social_post_already_shared":false,"jetpack_social_options":{"image_generator_settings":{"template":"highway","enabled":false}}},"categories":[6],"tags":[],"jetpack_publicize_connections":[],"jetpack_featured_media_url":"","jetpack_sharing_enabled":true,"jetpack_shortlink":"https:\/\/wp.me\/p3Hz0n-cQs","jetpack_likes_enabled":true,"_links":{"self":[{"href":"https:\/\/agrund.com\/index.php\/wp-json\/wp\/v2\/posts\/49380"}],"collection":[{"href":"https:\/\/agrund.com\/index.php\/wp-json\/wp\/v2\/posts"}],"about":[{"href":"https:\/\/agrund.com\/index.php\/wp-json\/wp\/v2\/types\/post"}],"author":[{"embeddable":true,"href":"https:\/\/agrund.com\/index.php\/wp-json\/wp\/v2\/users\/8"}],"replies":[{"embeddable":true,"href":"https:\/\/agrund.com\/index.php\/wp-json\/wp\/v2\/comments?post=49380"}],"version-history":[{"count":0,"href":"https:\/\/agrund.com\/index.php\/wp-json\/wp\/v2\/posts\/49380\/revisions"}],"wp:featuredmedia":[{"embeddable":true,"href":"https:\/\/agrund.com\/index.php\/wp-json\/"}],"wp:attachment":[{"href":"https:\/\/agrund.com\/index.php\/wp-json\/wp\/v2\/media?parent=49380"}],"wp:term":[{"taxonomy":"category","embeddable":true,"href":"https:\/\/agrund.com\/index.php\/wp-json\/wp\/v2\/categories?post=49380"},{"taxonomy":"post_tag","embeddable":true,"href":"https:\/\/agrund.com\/index.php\/wp-json\/wp\/v2\/tags?post=49380"}],"curies":[{"name":"wp","href":"https:\/\/api.w.org\/{rel}","templated":true}]}}