{"id":49321,"date":"2012-10-22T13:00:44","date_gmt":"2012-10-22T15:00:44","guid":{"rendered":"http:\/\/www.agrund.com\/?p=49321"},"modified":"2012-10-22T13:00:44","modified_gmt":"2012-10-22T15:00:44","slug":"dan-humphrey-de-gossip-girl-se-casara-com-terno-mcqueen","status":"publish","type":"post","link":"https:\/\/agrund.com\/index.php\/dan-humphrey-de-gossip-girl-se-casara-com-terno-mcqueen\/","title":{"rendered":"Dan Humphrey de Gossip Girl se casar\u00e1 com terno McQueen"},"content":{"rendered":"<p>O personagem Dan Humphrey, do seriado Gossip Girl, finalmente ir\u00e1 se casar com Serena van der Woodsen e n\u00f3s j\u00e1 sabemos de qual estilista \u00e9 o terno do noivo. Nas imagens do casamento que j\u00e1 ca\u00edram na internet, o personagem sens\u00edvel e t\u00edmido de Dan usa um traje de cetim e l\u00e3 cinza da cole\u00e7\u00e3o inverno 2012 de Alexander McQueen. O que voc\u00ea achou?<\/p>\n<div id=\"attachment_49332\" style=\"width: 510px\" class=\"wp-caption aligncenter\"><a class=\"lightbox\" title=\"Dan Humphrey de Gossip Girl se casar\u00e1 com terno McQueen\" href=\"https:\/\/i0.wp.com\/www.agrund.com\/wp-content\/uploads\/2012\/10\/dan-humphrey-de-gossip-girl-se-casara-com-terno-mcqueen-2.jpg\"><img aria-describedby=\"caption-attachment-49332\" decoding=\"async\" loading=\"lazy\" class=\"size-full wp-image-49332\" title=\"Dan Humphrey de Gossip Girl se casar\u00e1 com terno McQueen\" src=\"https:\/\/i0.wp.com\/www.agrund.com\/wp-content\/uploads\/2012\/10\/dan-humphrey-de-gossip-girl-se-casara-com-terno-mcqueen-2.jpg?resize=500%2C412\" alt=\"Dan Humphrey de Gossip Girl se casar\u00e1 com terno McQueen\" width=\"500\" height=\"412\" data-recalc-dims=\"1\" \/><\/a><p id=\"caption-attachment-49332\" class=\"wp-caption-text\">Dan Humphrey de Gossip Girl se casar\u00e1 com terno McQueen<\/p><\/div>\n<div id=\"attachment_49331\" style=\"width: 510px\" class=\"wp-caption aligncenter\"><a class=\"lightbox\" title=\"Dan Humphrey de Gossip Girl se casar\u00e1 com terno McQueen\" href=\"https:\/\/i0.wp.com\/www.agrund.com\/wp-content\/uploads\/2012\/10\/dan-humphrey-de-gossip-girl-se-casara-com-terno-mcqueen-1.jpg\"><img aria-describedby=\"caption-attachment-49331\" decoding=\"async\" loading=\"lazy\" class=\"size-full wp-image-49331\" title=\"Dan Humphrey de Gossip Girl se casar\u00e1 com terno McQueen\" src=\"https:\/\/i0.wp.com\/www.agrund.com\/wp-content\/uploads\/2012\/10\/dan-humphrey-de-gossip-girl-se-casara-com-terno-mcqueen-1.jpg?resize=500%2C428\" alt=\"Dan Humphrey de Gossip Girl se casar\u00e1 com terno McQueen\" width=\"500\" height=\"428\" data-recalc-dims=\"1\" \/><\/a><p id=\"caption-attachment-49331\" class=\"wp-caption-text\">Dan Humphrey de Gossip Girl se casar\u00e1 com terno McQueen<\/p><\/div>\n<p>Imagens: Reprodu\u00e7\u00e3o.<\/p>\n","protected":false},"excerpt":{"rendered":"<p>O personagem Dan Humphrey, do seriado Gossip Girl, finalmente ir\u00e1 se casar com Serena van der Woodsen e n\u00f3s j\u00e1 sabemos de qual estilista \u00e9 o terno do noivo. Nas imagens do casamento que j\u00e1 ca\u00edram na internet, o personagem sens\u00edvel e t\u00edmido de Dan usa um traje de cetim e l\u00e3 cinza da cole\u00e7\u00e3o [&hellip;]<\/p>\n","protected":false},"author":8,"featured_media":49333,"comment_status":"open","ping_status":"open","sticky":false,"template":"","format":"standard","meta":{"jetpack_post_was_ever_published":false,"_jetpack_newsletter_access":"","jetpack_publicize_message":"","jetpack_is_tweetstorm":false,"jetpack_publicize_feature_enabled":true,"jetpack_social_post_already_shared":false,"jetpack_social_options":{"image_generator_settings":{"template":"highway","enabled":false}}},"categories":[6],"tags":[],"jetpack_publicize_connections":[],"jetpack_featured_media_url":"","jetpack_sharing_enabled":true,"jetpack_shortlink":"https:\/\/wp.me\/p3Hz0n-cPv","jetpack_likes_enabled":true,"_links":{"self":[{"href":"https:\/\/agrund.com\/index.php\/wp-json\/wp\/v2\/posts\/49321"}],"collection":[{"href":"https:\/\/agrund.com\/index.php\/wp-json\/wp\/v2\/posts"}],"about":[{"href":"https:\/\/agrund.com\/index.php\/wp-json\/wp\/v2\/types\/post"}],"author":[{"embeddable":true,"href":"https:\/\/agrund.com\/index.php\/wp-json\/wp\/v2\/users\/8"}],"replies":[{"embeddable":true,"href":"https:\/\/agrund.com\/index.php\/wp-json\/wp\/v2\/comments?post=49321"}],"version-history":[{"count":0,"href":"https:\/\/agrund.com\/index.php\/wp-json\/wp\/v2\/posts\/49321\/revisions"}],"wp:featuredmedia":[{"embeddable":true,"href":"https:\/\/agrund.com\/index.php\/wp-json\/"}],"wp:attachment":[{"href":"https:\/\/agrund.com\/index.php\/wp-json\/wp\/v2\/media?parent=49321"}],"wp:term":[{"taxonomy":"category","embeddable":true,"href":"https:\/\/agrund.com\/index.php\/wp-json\/wp\/v2\/categories?post=49321"},{"taxonomy":"post_tag","embeddable":true,"href":"https:\/\/agrund.com\/index.php\/wp-json\/wp\/v2\/tags?post=49321"}],"curies":[{"name":"wp","href":"https:\/\/api.w.org\/{rel}","templated":true}]}}