{"id":49302,"date":"2012-10-22T10:00:25","date_gmt":"2012-10-22T12:00:25","guid":{"rendered":"http:\/\/www.agrund.com\/?p=49302"},"modified":"2012-10-22T10:00:25","modified_gmt":"2012-10-22T12:00:25","slug":"jogador-do-real-madrid-para-campanha-de-emidio-tucci","status":"publish","type":"post","link":"https:\/\/agrund.com\/index.php\/jogador-do-real-madrid-para-campanha-de-emidio-tucci\/","title":{"rendered":"Jogador do Real Madrid para campanha de Emidio Tucci"},"content":{"rendered":"<p>Xabi Alonso, jogador do Real Madrid, saiu um pouco do campo para estrelar a campanha da Emidio Tucci. A cole\u00e7\u00e3o conta com pe\u00e7as que alternam entre os trajes socias e os mais s\u00f3brios, mas sempre mantendo linhas cl\u00e1ssicas em cores s\u00f3brias como marinho, cinza e preto. As fotos est\u00e3o fazendo sucesso e gerando compara\u00e7\u00f5es entre o jogador e David Beckham. Ser\u00e1? Confira:<\/p>\n<div id=\"attachment_49304\" style=\"width: 505px\" class=\"wp-caption aligncenter\"><a class=\"lightbox\" title=\"Jogador do Real Madrid para campanha de Emidio Tucci\" href=\"https:\/\/i0.wp.com\/www.agrund.com\/wp-content\/uploads\/2012\/10\/Xabi-Alonso-1.jpg\"><img aria-describedby=\"caption-attachment-49304\" decoding=\"async\" loading=\"lazy\" class=\" wp-image-49304 \" title=\"Jogador do Real Madrid para campanha de Emidio Tucci\" src=\"https:\/\/i0.wp.com\/www.agrund.com\/wp-content\/uploads\/2012\/10\/Xabi-Alonso-1.jpg?resize=495%2C338\" alt=\"Jogador do Real Madrid para campanha de Emidio Tucci\" width=\"495\" height=\"338\" data-recalc-dims=\"1\" \/><\/a><p id=\"caption-attachment-49304\" class=\"wp-caption-text\">Jogador do Real Madrid para campanha de Emidio Tucci<\/p><\/div>\n<div id=\"attachment_49305\" style=\"width: 505px\" class=\"wp-caption aligncenter\"><a class=\"lightbox\" title=\"Jogador do Real Madrid para campanha de Emidio Tucci\" href=\"https:\/\/i0.wp.com\/www.agrund.com\/wp-content\/uploads\/2012\/10\/Xabi-Alonso-2.jpg\"><img aria-describedby=\"caption-attachment-49305\" decoding=\"async\" loading=\"lazy\" class=\" wp-image-49305 \" title=\"Jogador do Real Madrid para campanha de Emidio Tucci\" src=\"https:\/\/i0.wp.com\/www.agrund.com\/wp-content\/uploads\/2012\/10\/Xabi-Alonso-2.jpg?resize=495%2C338\" alt=\"Jogador do Real Madrid para campanha de Emidio Tucci\" width=\"495\" height=\"338\" data-recalc-dims=\"1\" \/><\/a><p id=\"caption-attachment-49305\" class=\"wp-caption-text\">Jogador do Real Madrid para campanha de Emidio Tucci<\/p><\/div>\n<div id=\"attachment_49306\" style=\"width: 505px\" class=\"wp-caption aligncenter\"><a class=\"lightbox\" title=\"Jogador do Real Madrid para campanha de Emidio Tucci\" href=\"https:\/\/i0.wp.com\/www.agrund.com\/wp-content\/uploads\/2012\/10\/Xabi-Alonso-3.jpg\"><img aria-describedby=\"caption-attachment-49306\" decoding=\"async\" loading=\"lazy\" class=\" wp-image-49306 \" title=\"Jogador do Real Madrid para campanha de Emidio Tucci\" src=\"https:\/\/i0.wp.com\/www.agrund.com\/wp-content\/uploads\/2012\/10\/Xabi-Alonso-3.jpg?resize=495%2C743\" alt=\"Jogador do Real Madrid para campanha de Emidio Tucci\" width=\"495\" height=\"743\" data-recalc-dims=\"1\" \/><\/a><p id=\"caption-attachment-49306\" class=\"wp-caption-text\">Jogador do Real Madrid para campanha de Emidio Tucci<\/p><\/div>\n<div id=\"attachment_49307\" style=\"width: 505px\" class=\"wp-caption aligncenter\"><a class=\"lightbox\" title=\"Jogador do Real Madrid para campanha de Emidio Tucci\" href=\"https:\/\/i0.wp.com\/www.agrund.com\/wp-content\/uploads\/2012\/10\/Xabi-Alonso-5.jpg\"><img aria-describedby=\"caption-attachment-49307\" decoding=\"async\" loading=\"lazy\" class=\" wp-image-49307 \" title=\"Jogador do Real Madrid para campanha de Emidio Tucci\" src=\"https:\/\/i0.wp.com\/www.agrund.com\/wp-content\/uploads\/2012\/10\/Xabi-Alonso-5.jpg?resize=495%2C743\" alt=\"Jogador do Real Madrid para campanha de Emidio Tucci\" width=\"495\" height=\"743\" data-recalc-dims=\"1\" \/><\/a><p id=\"caption-attachment-49307\" class=\"wp-caption-text\">Jogador do Real Madrid para campanha de Emidio Tucci<\/p><\/div>\n<div id=\"attachment_49308\" style=\"width: 505px\" class=\"wp-caption aligncenter\"><a class=\"lightbox\" title=\"Jogador do Real Madrid para campanha de Emidio Tucci\" href=\"https:\/\/i0.wp.com\/www.agrund.com\/wp-content\/uploads\/2012\/10\/Xabi-Alonso-6.jpg\"><img aria-describedby=\"caption-attachment-49308\" decoding=\"async\" loading=\"lazy\" class=\" wp-image-49308 \" title=\"Jogador do Real Madrid para campanha de Emidio Tucci\" src=\"https:\/\/i0.wp.com\/www.agrund.com\/wp-content\/uploads\/2012\/10\/Xabi-Alonso-6.jpg?resize=495%2C743\" alt=\"Jogador do Real Madrid para campanha de Emidio Tucci\" width=\"495\" height=\"743\" data-recalc-dims=\"1\" \/><\/a><p id=\"caption-attachment-49308\" class=\"wp-caption-text\">Jogador do Real Madrid para campanha de Emidio Tucci<\/p><\/div>\n<div id=\"attachment_49309\" style=\"width: 505px\" class=\"wp-caption aligncenter\"><a class=\"lightbox\" title=\"Jogador do Real Madrid para campanha de Emidio Tucci\" href=\"https:\/\/i0.wp.com\/www.agrund.com\/wp-content\/uploads\/2012\/10\/Xabi-Alonso-41.jpg\"><img aria-describedby=\"caption-attachment-49309\" decoding=\"async\" loading=\"lazy\" class=\" wp-image-49309 \" title=\"Jogador do Real Madrid para campanha de Emidio Tucci\" src=\"https:\/\/i0.wp.com\/www.agrund.com\/wp-content\/uploads\/2012\/10\/Xabi-Alonso-41.jpg?resize=495%2C743\" alt=\"Jogador do Real Madrid para campanha de Emidio Tucci\" width=\"495\" height=\"743\" data-recalc-dims=\"1\" \/><\/a><p id=\"caption-attachment-49309\" class=\"wp-caption-text\">Jogador do Real Madrid para campanha de Emidio Tucci<\/p><\/div>\n<p>Imagens: Reprodu\u00e7\u00e3o.<\/p>\n","protected":false},"excerpt":{"rendered":"<p>Xabi Alonso, jogador do Real Madrid, saiu um pouco do campo para estrelar a campanha da Emidio Tucci. A cole\u00e7\u00e3o conta com pe\u00e7as que alternam entre os trajes socias e os mais s\u00f3brios, mas sempre mantendo linhas cl\u00e1ssicas em cores s\u00f3brias como marinho, cinza e preto. As fotos est\u00e3o fazendo sucesso e gerando compara\u00e7\u00f5es entre [&hellip;]<\/p>\n","protected":false},"author":8,"featured_media":49303,"comment_status":"open","ping_status":"open","sticky":false,"template":"","format":"standard","meta":{"jetpack_post_was_ever_published":false,"_jetpack_newsletter_access":"","jetpack_publicize_message":"","jetpack_is_tweetstorm":false,"jetpack_publicize_feature_enabled":true,"jetpack_social_post_already_shared":false,"jetpack_social_options":{"image_generator_settings":{"template":"highway","enabled":false}}},"categories":[6],"tags":[],"jetpack_publicize_connections":[],"jetpack_featured_media_url":"","jetpack_sharing_enabled":true,"jetpack_shortlink":"https:\/\/wp.me\/p3Hz0n-cPc","jetpack_likes_enabled":true,"_links":{"self":[{"href":"https:\/\/agrund.com\/index.php\/wp-json\/wp\/v2\/posts\/49302"}],"collection":[{"href":"https:\/\/agrund.com\/index.php\/wp-json\/wp\/v2\/posts"}],"about":[{"href":"https:\/\/agrund.com\/index.php\/wp-json\/wp\/v2\/types\/post"}],"author":[{"embeddable":true,"href":"https:\/\/agrund.com\/index.php\/wp-json\/wp\/v2\/users\/8"}],"replies":[{"embeddable":true,"href":"https:\/\/agrund.com\/index.php\/wp-json\/wp\/v2\/comments?post=49302"}],"version-history":[{"count":0,"href":"https:\/\/agrund.com\/index.php\/wp-json\/wp\/v2\/posts\/49302\/revisions"}],"wp:featuredmedia":[{"embeddable":true,"href":"https:\/\/agrund.com\/index.php\/wp-json\/"}],"wp:attachment":[{"href":"https:\/\/agrund.com\/index.php\/wp-json\/wp\/v2\/media?parent=49302"}],"wp:term":[{"taxonomy":"category","embeddable":true,"href":"https:\/\/agrund.com\/index.php\/wp-json\/wp\/v2\/categories?post=49302"},{"taxonomy":"post_tag","embeddable":true,"href":"https:\/\/agrund.com\/index.php\/wp-json\/wp\/v2\/tags?post=49302"}],"curies":[{"name":"wp","href":"https:\/\/api.w.org\/{rel}","templated":true}]}}