{"id":49082,"date":"2012-10-18T21:00:46","date_gmt":"2012-10-19T00:00:46","guid":{"rendered":"http:\/\/www.agrund.com\/?p=49082"},"modified":"2012-10-18T21:00:46","modified_gmt":"2012-10-19T00:00:46","slug":"pretty-ballerinas-abrira-loja-no-brasil","status":"publish","type":"post","link":"https:\/\/agrund.com\/index.php\/pretty-ballerinas-abrira-loja-no-brasil\/","title":{"rendered":"Pretty Ballerinas abrir\u00e1 loja no Brasil"},"content":{"rendered":"<p>A Pretty Ballerinas anunciou que abrir\u00e1 sua primeira loja no Brasil. A marca, que \u00e9 muito conceituada produzindo sapatilhas artesanalmente em sua f\u00e1brica na Espanha, chega ao shopping JK Iguatemi, em S\u00e3o Paulo, no pr\u00f3ximo m\u00eas de novembro. Confira:<\/p>\n<div id=\"attachment_49089\" style=\"width: 460px\" class=\"wp-caption aligncenter\"><a class=\"lightbox\" title=\"Pretty Ballerinas abrir\u00e1 loja no Brasil\" href=\"https:\/\/i0.wp.com\/www.agrund.com\/wp-content\/uploads\/2012\/10\/pretty-ballerinas-abrira-loja-no-brasil-11.jpg\"><img aria-describedby=\"caption-attachment-49089\" decoding=\"async\" loading=\"lazy\" class=\"size-full wp-image-49089\" title=\"Pretty Ballerinas abrir\u00e1 loja no Brasil\" src=\"https:\/\/i0.wp.com\/www.agrund.com\/wp-content\/uploads\/2012\/10\/pretty-ballerinas-abrira-loja-no-brasil-11.jpg?resize=450%2C451\" alt=\"Pretty Ballerinas abrir\u00e1 loja no Brasil\" width=\"450\" height=\"451\" data-recalc-dims=\"1\" \/><\/a><p id=\"caption-attachment-49089\" class=\"wp-caption-text\">Pretty Ballerinas abrir\u00e1 loja no Brasil<\/p><\/div>\n<div id=\"attachment_49090\" style=\"width: 460px\" class=\"wp-caption aligncenter\"><a class=\"lightbox\" title=\"Pretty Ballerinas abrir\u00e1 loja no Brasil\" href=\"https:\/\/i0.wp.com\/www.agrund.com\/wp-content\/uploads\/2012\/10\/pretty-ballerinas-abrira-loja-no-brasil-21.jpg\"><img aria-describedby=\"caption-attachment-49090\" decoding=\"async\" loading=\"lazy\" class=\"size-full wp-image-49090\" title=\"Pretty Ballerinas abrir\u00e1 loja no Brasil\" src=\"https:\/\/i0.wp.com\/www.agrund.com\/wp-content\/uploads\/2012\/10\/pretty-ballerinas-abrira-loja-no-brasil-21.jpg?resize=450%2C451\" alt=\"Pretty Ballerinas abrir\u00e1 loja no Brasil\" width=\"450\" height=\"451\" data-recalc-dims=\"1\" \/><\/a><p id=\"caption-attachment-49090\" class=\"wp-caption-text\">Pretty Ballerinas abrir\u00e1 loja no Brasil<\/p><\/div>\n<div id=\"attachment_49091\" style=\"width: 460px\" class=\"wp-caption aligncenter\"><a class=\"lightbox\" title=\"Pretty Ballerinas abrir\u00e1 loja no Brasil\" href=\"https:\/\/i0.wp.com\/www.agrund.com\/wp-content\/uploads\/2012\/10\/pretty-ballerinas-abrira-loja-no-brasil-31.jpg\"><img aria-describedby=\"caption-attachment-49091\" decoding=\"async\" loading=\"lazy\" class=\"size-full wp-image-49091\" title=\"Pretty Ballerinas abrir\u00e1 loja no Brasil\" src=\"https:\/\/i0.wp.com\/www.agrund.com\/wp-content\/uploads\/2012\/10\/pretty-ballerinas-abrira-loja-no-brasil-31.jpg?resize=450%2C451\" alt=\"Pretty Ballerinas abrir\u00e1 loja no Brasil\" width=\"450\" height=\"451\" data-recalc-dims=\"1\" \/><\/a><p id=\"caption-attachment-49091\" class=\"wp-caption-text\">Pretty Ballerinas abrir\u00e1 loja no Brasil<\/p><\/div>\n<div id=\"attachment_49092\" style=\"width: 460px\" class=\"wp-caption aligncenter\"><a class=\"lightbox\" title=\"Pretty Ballerinas abrir\u00e1 loja no Brasil\" href=\"https:\/\/i0.wp.com\/www.agrund.com\/wp-content\/uploads\/2012\/10\/pretty-ballerinas-abrira-loja-no-brasil-41.jpg\"><img aria-describedby=\"caption-attachment-49092\" decoding=\"async\" loading=\"lazy\" class=\"size-full wp-image-49092\" title=\"Pretty Ballerinas abrir\u00e1 loja no Brasil\" src=\"https:\/\/i0.wp.com\/www.agrund.com\/wp-content\/uploads\/2012\/10\/pretty-ballerinas-abrira-loja-no-brasil-41.jpg?resize=450%2C451\" alt=\"Pretty Ballerinas abrir\u00e1 loja no Brasil\" width=\"450\" height=\"451\" data-recalc-dims=\"1\" \/><\/a><p id=\"caption-attachment-49092\" class=\"wp-caption-text\">Pretty Ballerinas abrir\u00e1 loja no Brasil<\/p><\/div>\n<div id=\"attachment_49093\" style=\"width: 460px\" class=\"wp-caption aligncenter\"><a class=\"lightbox\" title=\"Pretty Ballerinas abrir\u00e1 loja no Brasil\" href=\"https:\/\/i0.wp.com\/www.agrund.com\/wp-content\/uploads\/2012\/10\/pretty-ballerinas-abrira-loja-no-brasil-51.jpg\"><img aria-describedby=\"caption-attachment-49093\" decoding=\"async\" loading=\"lazy\" class=\"size-full wp-image-49093\" title=\"Pretty Ballerinas abrir\u00e1 loja no Brasil\" src=\"https:\/\/i0.wp.com\/www.agrund.com\/wp-content\/uploads\/2012\/10\/pretty-ballerinas-abrira-loja-no-brasil-51.jpg?resize=450%2C450\" alt=\"Pretty Ballerinas abrir\u00e1 loja no Brasil\" width=\"450\" height=\"450\" data-recalc-dims=\"1\" \/><\/a><p id=\"caption-attachment-49093\" class=\"wp-caption-text\">Pretty Ballerinas abrir\u00e1 loja no Brasil<\/p><\/div>\n<p><span style=\"color: #222222;font-family: Calibri, sans-serif\">Imagens: Reprodu\u00e7\u00e3o<\/span><\/p>\n","protected":false},"excerpt":{"rendered":"<p>A Pretty Ballerinas anunciou que abrir\u00e1 sua primeira loja no Brasil. A marca, que \u00e9 muito conceituada produzindo sapatilhas artesanalmente em sua f\u00e1brica na Espanha, chega ao shopping JK Iguatemi, em S\u00e3o Paulo, no pr\u00f3ximo m\u00eas de novembro. Confira: Imagens: Reprodu\u00e7\u00e3o<\/p>\n","protected":false},"author":8,"featured_media":49088,"comment_status":"open","ping_status":"open","sticky":false,"template":"","format":"standard","meta":{"jetpack_post_was_ever_published":false,"_jetpack_newsletter_access":"","jetpack_publicize_message":"","jetpack_is_tweetstorm":false,"jetpack_publicize_feature_enabled":true,"jetpack_social_post_already_shared":false,"jetpack_social_options":{"image_generator_settings":{"template":"highway","enabled":false}}},"categories":[2],"tags":[],"jetpack_publicize_connections":[],"jetpack_featured_media_url":"","jetpack_sharing_enabled":true,"jetpack_shortlink":"https:\/\/wp.me\/p3Hz0n-cLE","jetpack_likes_enabled":true,"_links":{"self":[{"href":"https:\/\/agrund.com\/index.php\/wp-json\/wp\/v2\/posts\/49082"}],"collection":[{"href":"https:\/\/agrund.com\/index.php\/wp-json\/wp\/v2\/posts"}],"about":[{"href":"https:\/\/agrund.com\/index.php\/wp-json\/wp\/v2\/types\/post"}],"author":[{"embeddable":true,"href":"https:\/\/agrund.com\/index.php\/wp-json\/wp\/v2\/users\/8"}],"replies":[{"embeddable":true,"href":"https:\/\/agrund.com\/index.php\/wp-json\/wp\/v2\/comments?post=49082"}],"version-history":[{"count":0,"href":"https:\/\/agrund.com\/index.php\/wp-json\/wp\/v2\/posts\/49082\/revisions"}],"wp:featuredmedia":[{"embeddable":true,"href":"https:\/\/agrund.com\/index.php\/wp-json\/"}],"wp:attachment":[{"href":"https:\/\/agrund.com\/index.php\/wp-json\/wp\/v2\/media?parent=49082"}],"wp:term":[{"taxonomy":"category","embeddable":true,"href":"https:\/\/agrund.com\/index.php\/wp-json\/wp\/v2\/categories?post=49082"},{"taxonomy":"post_tag","embeddable":true,"href":"https:\/\/agrund.com\/index.php\/wp-json\/wp\/v2\/tags?post=49082"}],"curies":[{"name":"wp","href":"https:\/\/api.w.org\/{rel}","templated":true}]}}