{"id":4901,"date":"2011-02-17T14:13:42","date_gmt":"2011-02-17T16:13:42","guid":{"rendered":"http:\/\/www.agrund.com\/blogs\/notas\/?p=4901"},"modified":"2011-02-17T14:13:42","modified_gmt":"2011-02-17T16:13:42","slug":"pre-inverno-alexander-mcqueen","status":"publish","type":"post","link":"https:\/\/agrund.com\/index.php\/pre-inverno-alexander-mcqueen\/","title":{"rendered":"PR\u00c9-INVERNO ALEXANDER MCQUEEN"},"content":{"rendered":"<p>Em meio aos desfiles do NYFW, Alexander McQueen acaba de lan\u00e7ar a sua cole\u00e7\u00e3o pr\u00e9 outono\/inverno. Como sempre esperamos, todas as pe\u00e7as impressionam. Abusando da l\u00e3 e dos detalhes em couro, Sarah Burton lan\u00e7ou uma cole\u00e7\u00e3o austera e com toques militares masculinos, totalmente estruturada. As estampas digitais que estamos acostumados a ver sumiram para dar espa\u00e7o aos cortes certeiros que modelam o corpo.<\/p>\n<p>Vale a pena entrar no <a href=\"http:\/\/www.alexandermcqueen.com\/int\/en\/corporate\/archive2011_paw_womens.aspx?xtor=ES-32\">site da marca<\/a> para ver os detalhes da cole\u00e7\u00e3o.<\/p>\n<p><a href=\"https:\/\/i0.wp.com\/www.agrund.com\/files\/2011\/02\/Picture-15.png\"><img decoding=\"async\" loading=\"lazy\" class=\"size-full wp-image-4910 alignleft\" src=\"https:\/\/i0.wp.com\/www.agrund.com\/arquivo\/notas\/files\/2011\/02\/Picture-15.png?resize=215%2C366\" alt=\"\" width=\"215\" height=\"366\" data-recalc-dims=\"1\" \/><\/a><img decoding=\"async\" loading=\"lazy\" class=\"alignright size-full wp-image-4911\" src=\"https:\/\/i0.wp.com\/www.agrund.com\/arquivo\/notas\/files\/2011\/02\/Picture-16.png?resize=212%2C365\" alt=\"\" width=\"212\" height=\"365\" data-recalc-dims=\"1\" \/><\/p>\n<p><img decoding=\"async\" loading=\"lazy\" class=\"alignright size-full wp-image-4916\" src=\"https:\/\/i0.wp.com\/www.agrund.com\/arquivo\/notas\/files\/2011\/02\/Picture-17.png?resize=213%2C368\" alt=\"\" width=\"213\" height=\"368\" data-recalc-dims=\"1\" \/><img decoding=\"async\" loading=\"lazy\" class=\"alignleft size-full wp-image-4905\" src=\"https:\/\/i0.wp.com\/www.agrund.com\/arquivo\/notas\/files\/2011\/02\/Picture-10.png?resize=214%2C369\" alt=\"\" width=\"214\" height=\"369\" data-recalc-dims=\"1\" \/><img decoding=\"async\" loading=\"lazy\" class=\"alignright size-full wp-image-4906\" src=\"https:\/\/i0.wp.com\/www.agrund.com\/arquivo\/notas\/files\/2011\/02\/Picture-112.png?resize=214%2C368\" alt=\"\" width=\"214\" height=\"368\" data-recalc-dims=\"1\" \/><img decoding=\"async\" loading=\"lazy\" class=\"alignleft size-full wp-image-4909\" src=\"https:\/\/i0.wp.com\/www.agrund.com\/arquivo\/notas\/files\/2011\/02\/Picture-14.png?resize=214%2C366\" alt=\"\" width=\"214\" height=\"366\" data-recalc-dims=\"1\" \/><img decoding=\"async\" loading=\"lazy\" class=\"alignright size-full wp-image-4908\" src=\"https:\/\/i0.wp.com\/www.agrund.com\/arquivo\/notas\/files\/2011\/02\/Picture-13.png?resize=214%2C368\" alt=\"\" width=\"214\" height=\"368\" data-recalc-dims=\"1\" \/><img decoding=\"async\" loading=\"lazy\" class=\"size-full wp-image-4904 alignleft\" src=\"https:\/\/i0.wp.com\/www.agrund.com\/arquivo\/notas\/files\/2011\/02\/Picture-9.png?resize=216%2C368\" alt=\"\" width=\"216\" height=\"368\" data-recalc-dims=\"1\" \/><\/p>\n","protected":false},"excerpt":{"rendered":"<p>Em meio aos desfiles do NYFW, Alexander McQueen acaba de lan\u00e7ar a sua cole\u00e7\u00e3o pr\u00e9 outono\/inverno. Como sempre esperamos, todas as pe\u00e7as impressionam. Abusando da l\u00e3 e dos detalhes em couro, Sarah Burton lan\u00e7ou uma cole\u00e7\u00e3o austera e com toques militares masculinos, totalmente estruturada. As estampas digitais que estamos acostumados a ver sumiram para dar [&hellip;]<\/p>\n","protected":false},"author":8,"featured_media":4910,"comment_status":"open","ping_status":"open","sticky":false,"template":"","format":"standard","meta":{"jetpack_post_was_ever_published":false,"_jetpack_newsletter_access":"","jetpack_publicize_message":"","jetpack_is_tweetstorm":false,"jetpack_publicize_feature_enabled":true,"jetpack_social_post_already_shared":false,"jetpack_social_options":{"image_generator_settings":{"template":"highway","enabled":false}}},"categories":[2],"tags":[],"jetpack_publicize_connections":[],"jetpack_featured_media_url":"","jetpack_sharing_enabled":true,"jetpack_shortlink":"https:\/\/wp.me\/p3Hz0n-1h3","jetpack_likes_enabled":true,"_links":{"self":[{"href":"https:\/\/agrund.com\/index.php\/wp-json\/wp\/v2\/posts\/4901"}],"collection":[{"href":"https:\/\/agrund.com\/index.php\/wp-json\/wp\/v2\/posts"}],"about":[{"href":"https:\/\/agrund.com\/index.php\/wp-json\/wp\/v2\/types\/post"}],"author":[{"embeddable":true,"href":"https:\/\/agrund.com\/index.php\/wp-json\/wp\/v2\/users\/8"}],"replies":[{"embeddable":true,"href":"https:\/\/agrund.com\/index.php\/wp-json\/wp\/v2\/comments?post=4901"}],"version-history":[{"count":0,"href":"https:\/\/agrund.com\/index.php\/wp-json\/wp\/v2\/posts\/4901\/revisions"}],"wp:featuredmedia":[{"embeddable":true,"href":"https:\/\/agrund.com\/index.php\/wp-json\/"}],"wp:attachment":[{"href":"https:\/\/agrund.com\/index.php\/wp-json\/wp\/v2\/media?parent=4901"}],"wp:term":[{"taxonomy":"category","embeddable":true,"href":"https:\/\/agrund.com\/index.php\/wp-json\/wp\/v2\/categories?post=4901"},{"taxonomy":"post_tag","embeddable":true,"href":"https:\/\/agrund.com\/index.php\/wp-json\/wp\/v2\/tags?post=4901"}],"curies":[{"name":"wp","href":"https:\/\/api.w.org\/{rel}","templated":true}]}}