{"id":4864,"date":"2011-02-17T10:26:31","date_gmt":"2011-02-17T12:26:31","guid":{"rendered":"http:\/\/www.agrund.com\/blogs\/notas\/?p=4864"},"modified":"2011-02-17T10:26:31","modified_gmt":"2011-02-17T12:26:31","slug":"victoria-beckham-na-capa-da-allure","status":"publish","type":"post","link":"https:\/\/agrund.com\/index.php\/victoria-beckham-na-capa-da-allure\/","title":{"rendered":"VICTORIA BECKHAM NA CAPA DA ALLURE"},"content":{"rendered":"<p>Victoria Beckham \u00e9 a capa da revista Allure de mar\u00e7o. MS Beckham aparece com os ombros de fora e conta mais do mesmo \u2013 sua mudan\u00e7a de Londres para LA, seu marido, as crian\u00e7as e o sucesso de sua marca .<\/p>\n<p style=\"text-align: center\"><img decoding=\"async\" loading=\"lazy\" class=\"aligncenter size-full wp-image-4874\" src=\"\/wp-content\/uploads\/2011\/02\/Victoria-Beckham-Covers-Allure-March-2011-1-500x626.jpg\" alt=\"\" width=\"350\" height=\"438\" \/><\/p>\n<p>Veja o v\u00eddeo do making of <a href=\"http:\/\/www.allure.com\/video?videoID=784306497001\">aqui<\/a>.<\/p>\n","protected":false},"excerpt":{"rendered":"<p>Victoria Beckham \u00e9 a capa da revista Allure de mar\u00e7o. MS Beckham aparece com os ombros de fora e conta mais do mesmo \u2013 sua mudan\u00e7a de Londres para LA, seu marido, as crian\u00e7as e o sucesso de sua marca . Veja o v\u00eddeo do making of aqui.<\/p>\n","protected":false},"author":8,"featured_media":4874,"comment_status":"open","ping_status":"open","sticky":false,"template":"","format":"standard","meta":{"jetpack_post_was_ever_published":false,"_jetpack_newsletter_access":"","jetpack_publicize_message":"","jetpack_is_tweetstorm":false,"jetpack_publicize_feature_enabled":true,"jetpack_social_post_already_shared":false,"jetpack_social_options":{"image_generator_settings":{"template":"highway","enabled":false}}},"categories":[2],"tags":[],"jetpack_publicize_connections":[],"jetpack_featured_media_url":"","jetpack_sharing_enabled":true,"jetpack_shortlink":"https:\/\/wp.me\/p3Hz0n-1gs","jetpack_likes_enabled":true,"_links":{"self":[{"href":"https:\/\/agrund.com\/index.php\/wp-json\/wp\/v2\/posts\/4864"}],"collection":[{"href":"https:\/\/agrund.com\/index.php\/wp-json\/wp\/v2\/posts"}],"about":[{"href":"https:\/\/agrund.com\/index.php\/wp-json\/wp\/v2\/types\/post"}],"author":[{"embeddable":true,"href":"https:\/\/agrund.com\/index.php\/wp-json\/wp\/v2\/users\/8"}],"replies":[{"embeddable":true,"href":"https:\/\/agrund.com\/index.php\/wp-json\/wp\/v2\/comments?post=4864"}],"version-history":[{"count":0,"href":"https:\/\/agrund.com\/index.php\/wp-json\/wp\/v2\/posts\/4864\/revisions"}],"wp:featuredmedia":[{"embeddable":true,"href":"https:\/\/agrund.com\/index.php\/wp-json\/"}],"wp:attachment":[{"href":"https:\/\/agrund.com\/index.php\/wp-json\/wp\/v2\/media?parent=4864"}],"wp:term":[{"taxonomy":"category","embeddable":true,"href":"https:\/\/agrund.com\/index.php\/wp-json\/wp\/v2\/categories?post=4864"},{"taxonomy":"post_tag","embeddable":true,"href":"https:\/\/agrund.com\/index.php\/wp-json\/wp\/v2\/tags?post=4864"}],"curies":[{"name":"wp","href":"https:\/\/api.w.org\/{rel}","templated":true}]}}