{"id":48638,"date":"2012-10-16T12:00:35","date_gmt":"2012-10-16T15:00:35","guid":{"rendered":"http:\/\/www.agrund.com\/?p=48638"},"modified":"2012-10-16T12:00:35","modified_gmt":"2012-10-16T15:00:35","slug":"michael-kors-homenageia-paris-com-modelo-de-relogio","status":"publish","type":"post","link":"https:\/\/agrund.com\/index.php\/michael-kors-homenageia-paris-com-modelo-de-relogio\/","title":{"rendered":"Michael Kors homenageia Paris com modelo de rel\u00f3gio"},"content":{"rendered":"<p>Michael Kors acaba de lan\u00e7ar o segundo modelo de rel\u00f3gio da cole\u00e7\u00e3o inspirada em destinos ao redor do mundo. Paris foi a cidade escolhida para ser homenageada pelo designer. O modelo \u00e9 de edi\u00e7\u00e3o limitada, foi produzido com ouro ros\u00ea, traz um diamante no lugar do n\u00famero 12 e o nome da cidade francesa na parte inferior do visor. A pe\u00e7a j\u00e1 est\u00e1 sendo vendida no e-commerce da marca e em lojas selecionadas por US$ 650. Confira:<\/p>\n<p>&nbsp;<\/p>\n<div id=\"attachment_48640\" style=\"width: 310px\" class=\"wp-caption aligncenter\"><a class=\"lightbox\" title=\"Michael Kors homenageia Paris com modelo de rel\u00f3gio\" href=\"https:\/\/i0.wp.com\/www.agrund.com\/wp-content\/uploads\/2012\/10\/michael-kors-homenageia-paris-com-modelo-de-relogio-2.jpg\"><img aria-describedby=\"caption-attachment-48640\" decoding=\"async\" loading=\"lazy\" class=\"size-full wp-image-48640\" title=\"Michael Kors homenageia Paris com modelo de rel\u00f3gio\" src=\"https:\/\/i0.wp.com\/www.agrund.com\/wp-content\/uploads\/2012\/10\/michael-kors-homenageia-paris-com-modelo-de-relogio-2.jpg?resize=300%2C450\" alt=\"Michael Kors homenageia Paris com modelo de rel\u00f3gio\" width=\"300\" height=\"450\" data-recalc-dims=\"1\" \/><\/a><p id=\"caption-attachment-48640\" class=\"wp-caption-text\">Michael Kors homenageia Paris com modelo de rel\u00f3gio<\/p><\/div>\n<div id=\"attachment_48639\" style=\"width: 310px\" class=\"wp-caption aligncenter\"><a class=\"lightbox\" title=\"Michael Kors homenageia Paris com modelo de rel\u00f3gio\" href=\"https:\/\/i0.wp.com\/www.agrund.com\/wp-content\/uploads\/2012\/10\/michael-kors-homenageia-paris-com-modelo-de-relogio-1.jpg\"><img aria-describedby=\"caption-attachment-48639\" decoding=\"async\" loading=\"lazy\" class=\"size-full wp-image-48639\" title=\"Michael Kors homenageia Paris com modelo de rel\u00f3gio\" src=\"https:\/\/i0.wp.com\/www.agrund.com\/wp-content\/uploads\/2012\/10\/michael-kors-homenageia-paris-com-modelo-de-relogio-1.jpg?resize=300%2C366\" alt=\"Michael Kors homenageia Paris com modelo de rel\u00f3gio\" width=\"300\" height=\"366\" data-recalc-dims=\"1\" \/><\/a><p id=\"caption-attachment-48639\" class=\"wp-caption-text\">Michael Kors homenageia Paris com modelo de rel\u00f3gio<\/p><\/div>\n<p>Imagens: Reprodu\u00e7\u00e3o.<\/p>\n","protected":false},"excerpt":{"rendered":"<p>Michael Kors acaba de lan\u00e7ar o segundo modelo de rel\u00f3gio da cole\u00e7\u00e3o inspirada em destinos ao redor do mundo. Paris foi a cidade escolhida para ser homenageada pelo designer. O modelo \u00e9 de edi\u00e7\u00e3o limitada, foi produzido com ouro ros\u00ea, traz um diamante no lugar do n\u00famero 12 e o nome da cidade francesa na [&hellip;]<\/p>\n","protected":false},"author":8,"featured_media":48641,"comment_status":"open","ping_status":"open","sticky":false,"template":"","format":"standard","meta":{"jetpack_post_was_ever_published":false,"_jetpack_newsletter_access":"","jetpack_publicize_message":"","jetpack_is_tweetstorm":false,"jetpack_publicize_feature_enabled":true,"jetpack_social_post_already_shared":false,"jetpack_social_options":{"image_generator_settings":{"template":"highway","enabled":false}}},"categories":[2],"tags":[],"jetpack_publicize_connections":[],"jetpack_featured_media_url":"","jetpack_sharing_enabled":true,"jetpack_shortlink":"https:\/\/wp.me\/p3Hz0n-cEu","jetpack_likes_enabled":true,"_links":{"self":[{"href":"https:\/\/agrund.com\/index.php\/wp-json\/wp\/v2\/posts\/48638"}],"collection":[{"href":"https:\/\/agrund.com\/index.php\/wp-json\/wp\/v2\/posts"}],"about":[{"href":"https:\/\/agrund.com\/index.php\/wp-json\/wp\/v2\/types\/post"}],"author":[{"embeddable":true,"href":"https:\/\/agrund.com\/index.php\/wp-json\/wp\/v2\/users\/8"}],"replies":[{"embeddable":true,"href":"https:\/\/agrund.com\/index.php\/wp-json\/wp\/v2\/comments?post=48638"}],"version-history":[{"count":0,"href":"https:\/\/agrund.com\/index.php\/wp-json\/wp\/v2\/posts\/48638\/revisions"}],"wp:featuredmedia":[{"embeddable":true,"href":"https:\/\/agrund.com\/index.php\/wp-json\/"}],"wp:attachment":[{"href":"https:\/\/agrund.com\/index.php\/wp-json\/wp\/v2\/media?parent=48638"}],"wp:term":[{"taxonomy":"category","embeddable":true,"href":"https:\/\/agrund.com\/index.php\/wp-json\/wp\/v2\/categories?post=48638"},{"taxonomy":"post_tag","embeddable":true,"href":"https:\/\/agrund.com\/index.php\/wp-json\/wp\/v2\/tags?post=48638"}],"curies":[{"name":"wp","href":"https:\/\/api.w.org\/{rel}","templated":true}]}}