{"id":48548,"date":"2012-10-15T23:00:02","date_gmt":"2012-10-16T02:00:02","guid":{"rendered":"http:\/\/www.agrund.com\/?p=48548"},"modified":"2012-10-15T23:00:02","modified_gmt":"2012-10-16T02:00:02","slug":"ator-victor-pecoraro-em-campanha-de-marca-masculina","status":"publish","type":"post","link":"https:\/\/agrund.com\/index.php\/ator-victor-pecoraro-em-campanha-de-marca-masculina\/","title":{"rendered":"Ator Victor Pecoraro em campanha de marca masculina"},"content":{"rendered":"<p>&nbsp;<\/p>\n<p>Victor Pecoraro protagoniza as fotos e o v\u00eddeo da campanha ver\u00e3o 2013 da marca masculina Invert. A grife cria um novo personagem para o ator, um agricultor com toda rusticidade e sujeira caracter\u00edsticas do universo proposto, casando com a inspira\u00e7\u00e3o da cole\u00e7\u00e3o da marca, a \u00e1rvore sagrada origin\u00e1ria da \u00c1frica, o Baob\u00e1. Confira as fotos e o v\u00eddeo!<\/p>\n<div id=\"attachment_48615\" style=\"width: 560px\" class=\"wp-caption aligncenter\"><a class=\"lightbox\" title=\"Ator Victor Pecoraro em campanha de marca masculina\" href=\"https:\/\/i0.wp.com\/www.agrund.com\/wp-content\/uploads\/2012\/10\/Invert-Ver\u00e3o13-09.jpg\"><img aria-describedby=\"caption-attachment-48615\" decoding=\"async\" loading=\"lazy\" class=\"size-full wp-image-48615\" title=\"Ator Victor Pecoraro em campanha de marca masculina\" src=\"https:\/\/i0.wp.com\/www.agrund.com\/wp-content\/uploads\/2012\/10\/Invert-Ver\u00e3o13-09.jpg?resize=550%2C734\" alt=\"Ator Victor Pecoraro em campanha de marca masculina\" width=\"550\" height=\"734\" data-recalc-dims=\"1\" \/><\/a><p id=\"caption-attachment-48615\" class=\"wp-caption-text\">Ator Victor Pecoraro em campanha de marca masculina<\/p><\/div>\n<div id=\"attachment_48614\" style=\"width: 560px\" class=\"wp-caption aligncenter\"><a class=\"lightbox\" title=\"Ator Victor Pecoraro em campanha de marca masculina\" href=\"https:\/\/i0.wp.com\/www.agrund.com\/wp-content\/uploads\/2012\/10\/Invert-Ver\u00e3o13-08.jpg\"><img aria-describedby=\"caption-attachment-48614\" decoding=\"async\" loading=\"lazy\" class=\"size-full wp-image-48614\" title=\"Ator Victor Pecoraro em campanha de marca masculina\" src=\"https:\/\/i0.wp.com\/www.agrund.com\/wp-content\/uploads\/2012\/10\/Invert-Ver\u00e3o13-08.jpg?resize=550%2C785\" alt=\"Ator Victor Pecoraro em campanha de marca masculina\" width=\"550\" height=\"785\" data-recalc-dims=\"1\" \/><\/a><p id=\"caption-attachment-48614\" class=\"wp-caption-text\">Ator Victor Pecoraro em campanha de marca masculina<\/p><\/div>\n<div id=\"attachment_48613\" style=\"width: 560px\" class=\"wp-caption aligncenter\"><a class=\"lightbox\" title=\"Ator Victor Pecoraro em campanha de marca masculina\" href=\"https:\/\/i0.wp.com\/www.agrund.com\/wp-content\/uploads\/2012\/10\/Invert-Ver\u00e3o13-06.jpg\"><img aria-describedby=\"caption-attachment-48613\" decoding=\"async\" loading=\"lazy\" class=\"size-full wp-image-48613\" title=\"Ator Victor Pecoraro em campanha de marca masculina\" src=\"https:\/\/i0.wp.com\/www.agrund.com\/wp-content\/uploads\/2012\/10\/Invert-Ver\u00e3o13-06.jpg?resize=550%2C732\" alt=\"Ator Victor Pecoraro em campanha de marca masculina\" width=\"550\" height=\"732\" data-recalc-dims=\"1\" \/><\/a><p id=\"caption-attachment-48613\" class=\"wp-caption-text\">Ator Victor Pecoraro em campanha de marca masculina<\/p><\/div>\n<div id=\"attachment_48612\" style=\"width: 560px\" class=\"wp-caption aligncenter\"><a class=\"lightbox\" title=\"Ator Victor Pecoraro em campanha de marca masculina\" href=\"https:\/\/i0.wp.com\/www.agrund.com\/wp-content\/uploads\/2012\/10\/Invert-Ver\u00e3o13-05.jpg\"><img aria-describedby=\"caption-attachment-48612\" decoding=\"async\" loading=\"lazy\" class=\"size-full wp-image-48612\" title=\"Ator Victor Pecoraro em campanha de marca masculina\" src=\"https:\/\/i0.wp.com\/www.agrund.com\/wp-content\/uploads\/2012\/10\/Invert-Ver\u00e3o13-05.jpg?resize=550%2C367\" alt=\"Ator Victor Pecoraro em campanha de marca masculina\" width=\"550\" height=\"367\" data-recalc-dims=\"1\" \/><\/a><p id=\"caption-attachment-48612\" class=\"wp-caption-text\">Ator Victor Pecoraro em campanha de marca masculina<\/p><\/div>\n<div id=\"attachment_48611\" style=\"width: 560px\" class=\"wp-caption aligncenter\"><a class=\"lightbox\" title=\"Ator Victor Pecoraro em campanha de marca masculina\" href=\"https:\/\/i0.wp.com\/www.agrund.com\/wp-content\/uploads\/2012\/10\/Invert-Ver\u00e3o13-03.jpg\"><img aria-describedby=\"caption-attachment-48611\" decoding=\"async\" loading=\"lazy\" class=\"size-full wp-image-48611\" title=\"Ator Victor Pecoraro em campanha de marca masculina\" src=\"https:\/\/i0.wp.com\/www.agrund.com\/wp-content\/uploads\/2012\/10\/Invert-Ver\u00e3o13-03.jpg?resize=550%2C430\" alt=\"Ator Victor Pecoraro em campanha de marca masculina\" width=\"550\" height=\"430\" data-recalc-dims=\"1\" \/><\/a><p id=\"caption-attachment-48611\" class=\"wp-caption-text\">Ator Victor Pecoraro em campanha de marca masculina<\/p><\/div>\n<div id=\"attachment_48610\" style=\"width: 560px\" class=\"wp-caption aligncenter\"><a class=\"lightbox\" title=\"Ator Victor Pecoraro em campanha de marca masculina\" href=\"https:\/\/i0.wp.com\/www.agrund.com\/wp-content\/uploads\/2012\/10\/Invert-Ver\u00e3o13-02.jpg\"><img aria-describedby=\"caption-attachment-48610\" decoding=\"async\" loading=\"lazy\" class=\"size-full wp-image-48610\" title=\"Ator Victor Pecoraro em campanha de marca masculina\" src=\"https:\/\/i0.wp.com\/www.agrund.com\/wp-content\/uploads\/2012\/10\/Invert-Ver\u00e3o13-02.jpg?resize=550%2C367\" alt=\"Ator Victor Pecoraro em campanha de marca masculina\" width=\"550\" height=\"367\" data-recalc-dims=\"1\" \/><\/a><p id=\"caption-attachment-48610\" class=\"wp-caption-text\">Ator Victor Pecoraro em campanha de marca masculina<\/p><\/div>\n<div id=\"attachment_48609\" style=\"width: 560px\" class=\"wp-caption aligncenter\"><a class=\"lightbox\" title=\"Ator Victor Pecoraro em campanha de marca masculina\" href=\"https:\/\/i0.wp.com\/www.agrund.com\/wp-content\/uploads\/2012\/10\/Invert-Ver\u00e3o13-01.jpg\"><img aria-describedby=\"caption-attachment-48609\" decoding=\"async\" loading=\"lazy\" class=\"size-full wp-image-48609\" title=\"Ator Victor Pecoraro em campanha de marca masculina\" src=\"https:\/\/i0.wp.com\/www.agrund.com\/wp-content\/uploads\/2012\/10\/Invert-Ver\u00e3o13-01.jpg?resize=550%2C736\" alt=\"Ator Victor Pecoraro em campanha de marca masculina\" width=\"550\" height=\"736\" data-recalc-dims=\"1\" \/><\/a><p id=\"caption-attachment-48609\" class=\"wp-caption-text\">Ator Victor Pecoraro em campanha de marca masculina<\/p><\/div>\n<p>Imagens e V\u00eddeo: Divulga\u00e7\u00e3o.<\/p>\n","protected":false},"excerpt":{"rendered":"<p>&nbsp; Victor Pecoraro protagoniza as fotos e o v\u00eddeo da campanha ver\u00e3o 2013 da marca masculina Invert. A grife cria um novo personagem para o ator, um agricultor com toda rusticidade e sujeira caracter\u00edsticas do universo proposto, casando com a inspira\u00e7\u00e3o da cole\u00e7\u00e3o da marca, a \u00e1rvore sagrada origin\u00e1ria da \u00c1frica, o Baob\u00e1. Confira as [&hellip;]<\/p>\n","protected":false},"author":8,"featured_media":48616,"comment_status":"open","ping_status":"open","sticky":false,"template":"","format":"standard","meta":{"jetpack_post_was_ever_published":false,"_jetpack_newsletter_access":"","jetpack_publicize_message":"","jetpack_is_tweetstorm":false,"jetpack_publicize_feature_enabled":true,"jetpack_social_post_already_shared":false,"jetpack_social_options":{"image_generator_settings":{"template":"highway","enabled":false}}},"categories":[6],"tags":[],"jetpack_publicize_connections":[],"jetpack_featured_media_url":"","jetpack_sharing_enabled":true,"jetpack_shortlink":"https:\/\/wp.me\/p3Hz0n-cD2","jetpack_likes_enabled":true,"_links":{"self":[{"href":"https:\/\/agrund.com\/index.php\/wp-json\/wp\/v2\/posts\/48548"}],"collection":[{"href":"https:\/\/agrund.com\/index.php\/wp-json\/wp\/v2\/posts"}],"about":[{"href":"https:\/\/agrund.com\/index.php\/wp-json\/wp\/v2\/types\/post"}],"author":[{"embeddable":true,"href":"https:\/\/agrund.com\/index.php\/wp-json\/wp\/v2\/users\/8"}],"replies":[{"embeddable":true,"href":"https:\/\/agrund.com\/index.php\/wp-json\/wp\/v2\/comments?post=48548"}],"version-history":[{"count":0,"href":"https:\/\/agrund.com\/index.php\/wp-json\/wp\/v2\/posts\/48548\/revisions"}],"wp:featuredmedia":[{"embeddable":true,"href":"https:\/\/agrund.com\/index.php\/wp-json\/"}],"wp:attachment":[{"href":"https:\/\/agrund.com\/index.php\/wp-json\/wp\/v2\/media?parent=48548"}],"wp:term":[{"taxonomy":"category","embeddable":true,"href":"https:\/\/agrund.com\/index.php\/wp-json\/wp\/v2\/categories?post=48548"},{"taxonomy":"post_tag","embeddable":true,"href":"https:\/\/agrund.com\/index.php\/wp-json\/wp\/v2\/tags?post=48548"}],"curies":[{"name":"wp","href":"https:\/\/api.w.org\/{rel}","templated":true}]}}