{"id":48533,"date":"2012-10-15T20:00:56","date_gmt":"2012-10-15T23:00:56","guid":{"rendered":"http:\/\/www.agrund.com\/?p=48533"},"modified":"2012-10-15T20:00:56","modified_gmt":"2012-10-15T23:00:56","slug":"marvel-lanca-camisetas-de-o-justiceiro","status":"publish","type":"post","link":"https:\/\/agrund.com\/index.php\/marvel-lanca-camisetas-de-o-justiceiro\/","title":{"rendered":"Marvel lan\u00e7a camisetas de O Justiceiro"},"content":{"rendered":"<div>\n<div>\n<p><span style=\"font-family: Calibri\">A Marvel e a The Hundreds firmaram parceria para uma cole\u00e7\u00e3o especial de O Justiceiro. A linha traz camisetas com ilustra\u00e7\u00f5es do personagem, a caveira, que \u00e9 o s\u00edmbolo do personagem, e tamb\u00e9m capas das revistas em quadrinhos. Confira:<\/span><\/p>\n<div id=\"attachment_48538\" style=\"width: 510px\" class=\"wp-caption aligncenter\"><a class=\"lightbox\" title=\"Marvel lan\u00e7a camisetas de O Justiceiro\" href=\"https:\/\/i0.wp.com\/www.agrund.com\/wp-content\/uploads\/2012\/10\/Marvel-lan\u00e7a-camisetas-de-O-Justiceiro-5.jpg\"><img aria-describedby=\"caption-attachment-48538\" decoding=\"async\" loading=\"lazy\" class=\"size-full wp-image-48538\" title=\"Marvel lan\u00e7a camisetas de O Justiceiro\" src=\"https:\/\/i0.wp.com\/www.agrund.com\/wp-content\/uploads\/2012\/10\/Marvel-lan\u00e7a-camisetas-de-O-Justiceiro-5.jpg?resize=500%2C333\" alt=\"Marvel lan\u00e7a camisetas de O Justiceiro\" width=\"500\" height=\"333\" data-recalc-dims=\"1\" \/><\/a><p id=\"caption-attachment-48538\" class=\"wp-caption-text\">Marvel lan\u00e7a camisetas de O Justiceiro<\/p><\/div>\n<div id=\"attachment_48537\" style=\"width: 510px\" class=\"wp-caption aligncenter\"><a class=\"lightbox\" title=\"Marvel lan\u00e7a camisetas de O Justiceiro\" href=\"https:\/\/i0.wp.com\/www.agrund.com\/wp-content\/uploads\/2012\/10\/Marvel-lan\u00e7a-camisetas-de-O-Justiceiro-4.jpg\"><img aria-describedby=\"caption-attachment-48537\" decoding=\"async\" loading=\"lazy\" class=\"size-full wp-image-48537\" title=\"Marvel lan\u00e7a camisetas de O Justiceiro\" src=\"https:\/\/i0.wp.com\/www.agrund.com\/wp-content\/uploads\/2012\/10\/Marvel-lan\u00e7a-camisetas-de-O-Justiceiro-4.jpg?resize=500%2C333\" alt=\"Marvel lan\u00e7a camisetas de O Justiceiro\" width=\"500\" height=\"333\" data-recalc-dims=\"1\" \/><\/a><p id=\"caption-attachment-48537\" class=\"wp-caption-text\">Marvel lan\u00e7a camisetas de O Justiceiro<\/p><\/div>\n<div id=\"attachment_48536\" style=\"width: 510px\" class=\"wp-caption aligncenter\"><a class=\"lightbox\" title=\"Marvel lan\u00e7a camisetas de O Justiceiro\" href=\"https:\/\/i0.wp.com\/www.agrund.com\/wp-content\/uploads\/2012\/10\/Marvel-lan\u00e7a-camisetas-de-O-Justiceiro-3.jpg\"><img aria-describedby=\"caption-attachment-48536\" decoding=\"async\" loading=\"lazy\" class=\"size-full wp-image-48536\" title=\"Marvel lan\u00e7a camisetas de O Justiceiro\" src=\"https:\/\/i0.wp.com\/www.agrund.com\/wp-content\/uploads\/2012\/10\/Marvel-lan\u00e7a-camisetas-de-O-Justiceiro-3.jpg?resize=500%2C333\" alt=\"Marvel lan\u00e7a camisetas de O Justiceiro\" width=\"500\" height=\"333\" data-recalc-dims=\"1\" \/><\/a><p id=\"caption-attachment-48536\" class=\"wp-caption-text\">Marvel lan\u00e7a camisetas de O Justiceiro<\/p><\/div>\n<div id=\"attachment_48535\" style=\"width: 510px\" class=\"wp-caption aligncenter\"><a class=\"lightbox\" title=\"Marvel lan\u00e7a camisetas de O Justiceiro\" href=\"https:\/\/i0.wp.com\/www.agrund.com\/wp-content\/uploads\/2012\/10\/Marvel-lan\u00e7a-camisetas-de-O-Justiceiro-2.jpg\"><img aria-describedby=\"caption-attachment-48535\" decoding=\"async\" loading=\"lazy\" class=\"size-full wp-image-48535\" title=\"Marvel lan\u00e7a camisetas de O Justiceiro\" src=\"https:\/\/i0.wp.com\/www.agrund.com\/wp-content\/uploads\/2012\/10\/Marvel-lan\u00e7a-camisetas-de-O-Justiceiro-2.jpg?resize=500%2C333\" alt=\"Marvel lan\u00e7a camisetas de O Justiceiro\" width=\"500\" height=\"333\" data-recalc-dims=\"1\" \/><\/a><p id=\"caption-attachment-48535\" class=\"wp-caption-text\">Marvel lan\u00e7a camisetas de O Justiceiro<\/p><\/div>\n<div id=\"attachment_48534\" style=\"width: 510px\" class=\"wp-caption aligncenter\"><a class=\"lightbox\" title=\"Marvel lan\u00e7a camisetas de O Justiceiro\" href=\"https:\/\/i0.wp.com\/www.agrund.com\/wp-content\/uploads\/2012\/10\/Marvel-lan\u00e7a-camisetas-de-O-Justiceiro-1.jpg\"><img aria-describedby=\"caption-attachment-48534\" decoding=\"async\" loading=\"lazy\" class=\"size-full wp-image-48534\" title=\"Marvel lan\u00e7a camisetas de O Justiceiro\" src=\"https:\/\/i0.wp.com\/www.agrund.com\/wp-content\/uploads\/2012\/10\/Marvel-lan\u00e7a-camisetas-de-O-Justiceiro-1.jpg?resize=500%2C333\" alt=\"Marvel lan\u00e7a camisetas de O Justiceiro\" width=\"500\" height=\"333\" data-recalc-dims=\"1\" \/><\/a><p id=\"caption-attachment-48534\" class=\"wp-caption-text\">Marvel lan\u00e7a camisetas de O Justiceiro<\/p><\/div>\n<p>Imagens: Reprodu\u00e7\u00e3o.<\/p>\n<\/div>\n<\/div>\n","protected":false},"excerpt":{"rendered":"<p>A Marvel e a The Hundreds firmaram parceria para uma cole\u00e7\u00e3o especial de O Justiceiro. A linha traz camisetas com ilustra\u00e7\u00f5es do personagem, a caveira, que \u00e9 o s\u00edmbolo do personagem, e tamb\u00e9m capas das revistas em quadrinhos. Confira: Imagens: Reprodu\u00e7\u00e3o.<\/p>\n","protected":false},"author":8,"featured_media":48539,"comment_status":"open","ping_status":"open","sticky":false,"template":"","format":"standard","meta":{"jetpack_post_was_ever_published":false,"_jetpack_newsletter_access":"","jetpack_publicize_message":"","jetpack_is_tweetstorm":false,"jetpack_publicize_feature_enabled":true,"jetpack_social_post_already_shared":false,"jetpack_social_options":{"image_generator_settings":{"template":"highway","enabled":false}}},"categories":[6],"tags":[],"jetpack_publicize_connections":[],"jetpack_featured_media_url":"","jetpack_sharing_enabled":true,"jetpack_shortlink":"https:\/\/wp.me\/p3Hz0n-cCN","jetpack_likes_enabled":true,"_links":{"self":[{"href":"https:\/\/agrund.com\/index.php\/wp-json\/wp\/v2\/posts\/48533"}],"collection":[{"href":"https:\/\/agrund.com\/index.php\/wp-json\/wp\/v2\/posts"}],"about":[{"href":"https:\/\/agrund.com\/index.php\/wp-json\/wp\/v2\/types\/post"}],"author":[{"embeddable":true,"href":"https:\/\/agrund.com\/index.php\/wp-json\/wp\/v2\/users\/8"}],"replies":[{"embeddable":true,"href":"https:\/\/agrund.com\/index.php\/wp-json\/wp\/v2\/comments?post=48533"}],"version-history":[{"count":0,"href":"https:\/\/agrund.com\/index.php\/wp-json\/wp\/v2\/posts\/48533\/revisions"}],"wp:featuredmedia":[{"embeddable":true,"href":"https:\/\/agrund.com\/index.php\/wp-json\/"}],"wp:attachment":[{"href":"https:\/\/agrund.com\/index.php\/wp-json\/wp\/v2\/media?parent=48533"}],"wp:term":[{"taxonomy":"category","embeddable":true,"href":"https:\/\/agrund.com\/index.php\/wp-json\/wp\/v2\/categories?post=48533"},{"taxonomy":"post_tag","embeddable":true,"href":"https:\/\/agrund.com\/index.php\/wp-json\/wp\/v2\/tags?post=48533"}],"curies":[{"name":"wp","href":"https:\/\/api.w.org\/{rel}","templated":true}]}}