{"id":48505,"date":"2012-10-15T18:00:44","date_gmt":"2012-10-15T21:00:44","guid":{"rendered":"http:\/\/www.agrund.com\/?p=48505"},"modified":"2012-10-15T18:00:44","modified_gmt":"2012-10-15T21:00:44","slug":"hm-divulga-lookbook-para-inverno-2013","status":"publish","type":"post","link":"https:\/\/agrund.com\/index.php\/hm-divulga-lookbook-para-inverno-2013\/","title":{"rendered":"H&amp;M divulga lookbook para inverno 2013"},"content":{"rendered":"<p><span style=\"font-family: Calibri\">A H&amp;M divulgou algumas imagens de seu lookbook masculino para o inverno 2013. Com as imagens, podemos perceber que a fast fahsion investe no blazer para seu inverno. A pe\u00e7a aparece em diversas cores, desde os mais s\u00f3brios no preto aos mais modernos em azul claro, e em diversos tecidos como no veludo, moletom e at\u00e9 com um tecido resinado. O que voc\u00eas acham?<\/span><\/p>\n<p>&nbsp;<\/p>\n<div id=\"attachment_48511\" style=\"width: 394px\" class=\"wp-caption aligncenter\"><a class=\"lightbox\" title=\"H&amp;M divulga lookbook para inverno 2013\" href=\"https:\/\/i0.wp.com\/www.agrund.com\/wp-content\/uploads\/2012\/10\/hm-divulga-lookbook-para-inverno-2013-6.jpg\"><img aria-describedby=\"caption-attachment-48511\" decoding=\"async\" loading=\"lazy\" class=\" wp-image-48511 \" title=\"H&amp;M divulga lookbook para inverno 2013\" src=\"https:\/\/i0.wp.com\/www.agrund.com\/wp-content\/uploads\/2012\/10\/hm-divulga-lookbook-para-inverno-2013-6.jpg?resize=384%2C512\" alt=\"H&amp;M divulga lookbook para inverno 2013\" width=\"384\" height=\"512\" data-recalc-dims=\"1\" \/><\/a><p id=\"caption-attachment-48511\" class=\"wp-caption-text\">H&amp;M divulga lookbook para inverno 2013<\/p><\/div>\n<div id=\"attachment_48510\" style=\"width: 394px\" class=\"wp-caption aligncenter\"><a class=\"lightbox\" title=\"H&amp;M divulga lookbook para inverno 2013\" href=\"https:\/\/i0.wp.com\/www.agrund.com\/wp-content\/uploads\/2012\/10\/hm-divulga-lookbook-para-inverno-2013-5.jpg\"><img aria-describedby=\"caption-attachment-48510\" decoding=\"async\" loading=\"lazy\" class=\" wp-image-48510 \" title=\"H&amp;M divulga lookbook para inverno 2013\" src=\"https:\/\/i0.wp.com\/www.agrund.com\/wp-content\/uploads\/2012\/10\/hm-divulga-lookbook-para-inverno-2013-5.jpg?resize=384%2C517\" alt=\"H&amp;M divulga lookbook para inverno 2013\" width=\"384\" height=\"517\" data-recalc-dims=\"1\" \/><\/a><p id=\"caption-attachment-48510\" class=\"wp-caption-text\">H&amp;M divulga lookbook para inverno 2013<\/p><\/div>\n<div id=\"attachment_48509\" style=\"width: 394px\" class=\"wp-caption aligncenter\"><a class=\"lightbox\" title=\"H&amp;M divulga lookbook para inverno 2013\" href=\"https:\/\/i0.wp.com\/www.agrund.com\/wp-content\/uploads\/2012\/10\/hm-divulga-lookbook-para-inverno-2013-4.jpg\"><img aria-describedby=\"caption-attachment-48509\" decoding=\"async\" loading=\"lazy\" class=\" wp-image-48509 \" title=\"H&amp;M divulga lookbook para inverno 2013\" src=\"https:\/\/i0.wp.com\/www.agrund.com\/wp-content\/uploads\/2012\/10\/hm-divulga-lookbook-para-inverno-2013-4.jpg?resize=384%2C517\" alt=\"H&amp;M divulga lookbook para inverno 2013\" width=\"384\" height=\"517\" data-recalc-dims=\"1\" \/><\/a><p id=\"caption-attachment-48509\" class=\"wp-caption-text\">H&amp;M divulga lookbook para inverno 2013<\/p><\/div>\n<div id=\"attachment_48508\" style=\"width: 394px\" class=\"wp-caption aligncenter\"><a class=\"lightbox\" title=\"H&amp;M divulga lookbook para inverno 2013\" href=\"https:\/\/i0.wp.com\/www.agrund.com\/wp-content\/uploads\/2012\/10\/hm-divulga-lookbook-para-inverno-2013-3.jpg\"><img aria-describedby=\"caption-attachment-48508\" decoding=\"async\" loading=\"lazy\" class=\" wp-image-48508 \" title=\"H&amp;M divulga lookbook para inverno 2013\" src=\"https:\/\/i0.wp.com\/www.agrund.com\/wp-content\/uploads\/2012\/10\/hm-divulga-lookbook-para-inverno-2013-3.jpg?resize=384%2C520\" alt=\"H&amp;M divulga lookbook para inverno 2013\" width=\"384\" height=\"520\" data-recalc-dims=\"1\" \/><\/a><p id=\"caption-attachment-48508\" class=\"wp-caption-text\">H&amp;M divulga lookbook para inverno 2013<\/p><\/div>\n<div id=\"attachment_48507\" style=\"width: 394px\" class=\"wp-caption aligncenter\"><a class=\"lightbox\" title=\"H&amp;M divulga lookbook para inverno 2013\" href=\"https:\/\/i0.wp.com\/www.agrund.com\/wp-content\/uploads\/2012\/10\/hm-divulga-lookbook-para-inverno-2013-2.jpg\"><img aria-describedby=\"caption-attachment-48507\" decoding=\"async\" loading=\"lazy\" class=\" wp-image-48507 \" title=\"H&amp;M divulga lookbook para inverno 2013\" src=\"https:\/\/i0.wp.com\/www.agrund.com\/wp-content\/uploads\/2012\/10\/hm-divulga-lookbook-para-inverno-2013-2.jpg?resize=384%2C524\" alt=\"H&amp;M divulga lookbook para inverno 2013\" width=\"384\" height=\"524\" data-recalc-dims=\"1\" \/><\/a><p id=\"caption-attachment-48507\" class=\"wp-caption-text\">H&amp;M divulga lookbook para inverno 2013<\/p><\/div>\n<div id=\"attachment_48506\" style=\"width: 394px\" class=\"wp-caption aligncenter\"><a class=\"lightbox\" title=\"H&amp;M divulga lookbook para inverno 2013\" href=\"https:\/\/i0.wp.com\/www.agrund.com\/wp-content\/uploads\/2012\/10\/hm-divulga-lookbook-para-inverno-2013-1.jpg\"><img aria-describedby=\"caption-attachment-48506\" decoding=\"async\" loading=\"lazy\" class=\" wp-image-48506 \" title=\"H&amp;M divulga lookbook para inverno 2013\" src=\"https:\/\/i0.wp.com\/www.agrund.com\/wp-content\/uploads\/2012\/10\/hm-divulga-lookbook-para-inverno-2013-1.jpg?resize=384%2C514\" alt=\"H&amp;M divulga lookbook para inverno 2013\" width=\"384\" height=\"514\" data-recalc-dims=\"1\" \/><\/a><p id=\"caption-attachment-48506\" class=\"wp-caption-text\">H&amp;M divulga lookbook para inverno 2013<\/p><\/div>\n<p><span style=\"font-family: Calibri\">Imagens: Reprodu\u00e7\u00e3o.<\/span><\/p>\n","protected":false},"excerpt":{"rendered":"<p>A H&amp;M divulgou algumas imagens de seu lookbook masculino para o inverno 2013. Com as imagens, podemos perceber que a fast fahsion investe no blazer para seu inverno. A pe\u00e7a aparece em diversas cores, desde os mais s\u00f3brios no preto aos mais modernos em azul claro, e em diversos tecidos como no veludo, moletom e [&hellip;]<\/p>\n","protected":false},"author":8,"featured_media":48512,"comment_status":"open","ping_status":"open","sticky":false,"template":"","format":"standard","meta":{"jetpack_post_was_ever_published":false,"_jetpack_newsletter_access":"","jetpack_publicize_message":"","jetpack_is_tweetstorm":false,"jetpack_publicize_feature_enabled":true,"jetpack_social_post_already_shared":false,"jetpack_social_options":{"image_generator_settings":{"template":"highway","enabled":false}}},"categories":[6],"tags":[],"jetpack_publicize_connections":[],"jetpack_featured_media_url":"","jetpack_sharing_enabled":true,"jetpack_shortlink":"https:\/\/wp.me\/p3Hz0n-cCl","jetpack_likes_enabled":true,"_links":{"self":[{"href":"https:\/\/agrund.com\/index.php\/wp-json\/wp\/v2\/posts\/48505"}],"collection":[{"href":"https:\/\/agrund.com\/index.php\/wp-json\/wp\/v2\/posts"}],"about":[{"href":"https:\/\/agrund.com\/index.php\/wp-json\/wp\/v2\/types\/post"}],"author":[{"embeddable":true,"href":"https:\/\/agrund.com\/index.php\/wp-json\/wp\/v2\/users\/8"}],"replies":[{"embeddable":true,"href":"https:\/\/agrund.com\/index.php\/wp-json\/wp\/v2\/comments?post=48505"}],"version-history":[{"count":0,"href":"https:\/\/agrund.com\/index.php\/wp-json\/wp\/v2\/posts\/48505\/revisions"}],"wp:featuredmedia":[{"embeddable":true,"href":"https:\/\/agrund.com\/index.php\/wp-json\/"}],"wp:attachment":[{"href":"https:\/\/agrund.com\/index.php\/wp-json\/wp\/v2\/media?parent=48505"}],"wp:term":[{"taxonomy":"category","embeddable":true,"href":"https:\/\/agrund.com\/index.php\/wp-json\/wp\/v2\/categories?post=48505"},{"taxonomy":"post_tag","embeddable":true,"href":"https:\/\/agrund.com\/index.php\/wp-json\/wp\/v2\/tags?post=48505"}],"curies":[{"name":"wp","href":"https:\/\/api.w.org\/{rel}","templated":true}]}}