{"id":48490,"date":"2012-10-15T15:00:48","date_gmt":"2012-10-15T18:00:48","guid":{"rendered":"http:\/\/www.agrund.com\/?p=48490"},"modified":"2012-10-15T15:00:48","modified_gmt":"2012-10-15T18:00:48","slug":"as-bolsas-que-circularam-na-edicao-passada-da-spfw","status":"publish","type":"post","link":"https:\/\/agrund.com\/index.php\/as-bolsas-que-circularam-na-edicao-passada-da-spfw\/","title":{"rendered":"As bolsas que circularam na edi\u00e7\u00e3o passada da SPFW"},"content":{"rendered":"<p>Entre os dias 29 e 31 de outubro come\u00e7a a temporada de inverno 2013 da SPFW, agora no Parque Villa-Lobos. Vamos rever algumas bolsas masculinas que andaram pelos corredores da bienal na temporada passada? Se voc\u00ea ainda \u00e9 do tipo que acha que homem n\u00e3o usa bolsa, pense bem! Que tal come\u00e7ar a investir nesse acess\u00f3rio que facilita tanto a vida? Fica a dica!<\/p>\n<div id=\"attachment_48496\" style=\"width: 360px\" class=\"wp-caption aligncenter\"><a class=\"lightbox\" title=\"As bolsas que circularam na edi\u00e7\u00e3o passada da SPFW\" href=\"https:\/\/i0.wp.com\/www.agrund.com\/wp-content\/uploads\/2012\/10\/as-bolsas-que-circularam-na-edicao-passada-da-spfw-6.jpg\"><img aria-describedby=\"caption-attachment-48496\" decoding=\"async\" loading=\"lazy\" class=\"size-full wp-image-48496\" title=\"As bolsas que circularam na edi\u00e7\u00e3o passada da SPFW\" src=\"https:\/\/i0.wp.com\/www.agrund.com\/wp-content\/uploads\/2012\/10\/as-bolsas-que-circularam-na-edicao-passada-da-spfw-6.jpg?resize=350%2C524\" alt=\"As bolsas que circularam na edi\u00e7\u00e3o passada da SPFW\" width=\"350\" height=\"524\" data-recalc-dims=\"1\" \/><\/a><p id=\"caption-attachment-48496\" class=\"wp-caption-text\">As bolsas que circularam na edi\u00e7\u00e3o passada da SPFW<\/p><\/div>\n<div id=\"attachment_48495\" style=\"width: 360px\" class=\"wp-caption aligncenter\"><a class=\"lightbox\" title=\"As bolsas que circularam na edi\u00e7\u00e3o passada da SPFW\" href=\"https:\/\/i0.wp.com\/www.agrund.com\/wp-content\/uploads\/2012\/10\/as-bolsas-que-circularam-na-edicao-passada-da-spfw-5.jpg\"><img aria-describedby=\"caption-attachment-48495\" decoding=\"async\" loading=\"lazy\" class=\"size-full wp-image-48495\" title=\"As bolsas que circularam na edi\u00e7\u00e3o passada da SPFW\" src=\"https:\/\/i0.wp.com\/www.agrund.com\/wp-content\/uploads\/2012\/10\/as-bolsas-que-circularam-na-edicao-passada-da-spfw-5.jpg?resize=350%2C524\" alt=\"As bolsas que circularam na edi\u00e7\u00e3o passada da SPFW\" width=\"350\" height=\"524\" data-recalc-dims=\"1\" \/><\/a><p id=\"caption-attachment-48495\" class=\"wp-caption-text\">As bolsas que circularam na edi\u00e7\u00e3o passada da SPFW<\/p><\/div>\n<div id=\"attachment_48494\" style=\"width: 360px\" class=\"wp-caption aligncenter\"><a class=\"lightbox\" title=\"As bolsas que circularam na edi\u00e7\u00e3o passada da SPFW\" href=\"https:\/\/i0.wp.com\/www.agrund.com\/wp-content\/uploads\/2012\/10\/as-bolsas-que-circularam-na-edicao-passada-da-spfw-4.jpg\"><img aria-describedby=\"caption-attachment-48494\" decoding=\"async\" loading=\"lazy\" class=\"size-full wp-image-48494\" title=\"As bolsas que circularam na edi\u00e7\u00e3o passada da SPFW\" src=\"https:\/\/i0.wp.com\/www.agrund.com\/wp-content\/uploads\/2012\/10\/as-bolsas-que-circularam-na-edicao-passada-da-spfw-4.jpg?resize=350%2C524\" alt=\"As bolsas que circularam na edi\u00e7\u00e3o passada da SPFW\" width=\"350\" height=\"524\" data-recalc-dims=\"1\" \/><\/a><p id=\"caption-attachment-48494\" class=\"wp-caption-text\">As bolsas que circularam na edi\u00e7\u00e3o passada da SPFW<\/p><\/div>\n<div id=\"attachment_48493\" style=\"width: 360px\" class=\"wp-caption aligncenter\"><a class=\"lightbox\" title=\"As bolsas que circularam na edi\u00e7\u00e3o passada da SPFW\" href=\"https:\/\/i0.wp.com\/www.agrund.com\/wp-content\/uploads\/2012\/10\/as-bolsas-que-circularam-na-edicao-passada-da-spfw-3.jpg\"><img aria-describedby=\"caption-attachment-48493\" decoding=\"async\" loading=\"lazy\" class=\"size-full wp-image-48493\" title=\"As bolsas que circularam na edi\u00e7\u00e3o passada da SPFW\" src=\"https:\/\/i0.wp.com\/www.agrund.com\/wp-content\/uploads\/2012\/10\/as-bolsas-que-circularam-na-edicao-passada-da-spfw-3.jpg?resize=350%2C476\" alt=\"As bolsas que circularam na edi\u00e7\u00e3o passada da SPFW\" width=\"350\" height=\"476\" data-recalc-dims=\"1\" \/><\/a><p id=\"caption-attachment-48493\" class=\"wp-caption-text\">As bolsas que circularam na edi\u00e7\u00e3o passada da SPFW<\/p><\/div>\n<div id=\"attachment_48492\" style=\"width: 360px\" class=\"wp-caption aligncenter\"><a class=\"lightbox\" title=\"As bolsas que circularam na edi\u00e7\u00e3o passada da SPFW\" href=\"https:\/\/i0.wp.com\/www.agrund.com\/wp-content\/uploads\/2012\/10\/as-bolsas-que-circularam-na-edicao-passada-da-spfw-2.jpg\"><img aria-describedby=\"caption-attachment-48492\" decoding=\"async\" loading=\"lazy\" class=\"size-full wp-image-48492\" title=\"As bolsas que circularam na edi\u00e7\u00e3o passada da SPFW\" src=\"https:\/\/i0.wp.com\/www.agrund.com\/wp-content\/uploads\/2012\/10\/as-bolsas-que-circularam-na-edicao-passada-da-spfw-2.jpg?resize=350%2C524\" alt=\"As bolsas que circularam na edi\u00e7\u00e3o passada da SPFW\" width=\"350\" height=\"524\" data-recalc-dims=\"1\" \/><\/a><p id=\"caption-attachment-48492\" class=\"wp-caption-text\">As bolsas que circularam na edi\u00e7\u00e3o passada da SPFW<\/p><\/div>\n<div id=\"attachment_48491\" style=\"width: 360px\" class=\"wp-caption aligncenter\"><a class=\"lightbox\" title=\"As bolsas que circularam na edi\u00e7\u00e3o passada da SPFW\" href=\"https:\/\/i0.wp.com\/www.agrund.com\/wp-content\/uploads\/2012\/10\/as-bolsas-que-circularam-na-edicao-passada-da-spfw-1.jpg\"><img aria-describedby=\"caption-attachment-48491\" decoding=\"async\" loading=\"lazy\" class=\"size-full wp-image-48491\" title=\"As bolsas que circularam na edi\u00e7\u00e3o passada da SPFW\" src=\"https:\/\/i0.wp.com\/www.agrund.com\/wp-content\/uploads\/2012\/10\/as-bolsas-que-circularam-na-edicao-passada-da-spfw-1.jpg?resize=350%2C524\" alt=\"As bolsas que circularam na edi\u00e7\u00e3o passada da SPFW\" width=\"350\" height=\"524\" data-recalc-dims=\"1\" \/><\/a><p id=\"caption-attachment-48491\" class=\"wp-caption-text\">As bolsas que circularam na edi\u00e7\u00e3o passada da SPFW<\/p><\/div>\n<p>Imagens: M\u00e1rcia Dias.<\/p>\n","protected":false},"excerpt":{"rendered":"<p>Entre os dias 29 e 31 de outubro come\u00e7a a temporada de inverno 2013 da SPFW, agora no Parque Villa-Lobos. Vamos rever algumas bolsas masculinas que andaram pelos corredores da bienal na temporada passada? Se voc\u00ea ainda \u00e9 do tipo que acha que homem n\u00e3o usa bolsa, pense bem! Que tal come\u00e7ar a investir nesse [&hellip;]<\/p>\n","protected":false},"author":8,"featured_media":48497,"comment_status":"open","ping_status":"open","sticky":false,"template":"","format":"standard","meta":{"jetpack_post_was_ever_published":false,"_jetpack_newsletter_access":"","jetpack_publicize_message":"","jetpack_is_tweetstorm":false,"jetpack_publicize_feature_enabled":true,"jetpack_social_post_already_shared":false,"jetpack_social_options":{"image_generator_settings":{"template":"highway","enabled":false}}},"categories":[6],"tags":[],"jetpack_publicize_connections":[],"jetpack_featured_media_url":"","jetpack_sharing_enabled":true,"jetpack_shortlink":"https:\/\/wp.me\/p3Hz0n-cC6","jetpack_likes_enabled":true,"_links":{"self":[{"href":"https:\/\/agrund.com\/index.php\/wp-json\/wp\/v2\/posts\/48490"}],"collection":[{"href":"https:\/\/agrund.com\/index.php\/wp-json\/wp\/v2\/posts"}],"about":[{"href":"https:\/\/agrund.com\/index.php\/wp-json\/wp\/v2\/types\/post"}],"author":[{"embeddable":true,"href":"https:\/\/agrund.com\/index.php\/wp-json\/wp\/v2\/users\/8"}],"replies":[{"embeddable":true,"href":"https:\/\/agrund.com\/index.php\/wp-json\/wp\/v2\/comments?post=48490"}],"version-history":[{"count":0,"href":"https:\/\/agrund.com\/index.php\/wp-json\/wp\/v2\/posts\/48490\/revisions"}],"wp:featuredmedia":[{"embeddable":true,"href":"https:\/\/agrund.com\/index.php\/wp-json\/"}],"wp:attachment":[{"href":"https:\/\/agrund.com\/index.php\/wp-json\/wp\/v2\/media?parent=48490"}],"wp:term":[{"taxonomy":"category","embeddable":true,"href":"https:\/\/agrund.com\/index.php\/wp-json\/wp\/v2\/categories?post=48490"},{"taxonomy":"post_tag","embeddable":true,"href":"https:\/\/agrund.com\/index.php\/wp-json\/wp\/v2\/tags?post=48490"}],"curies":[{"name":"wp","href":"https:\/\/api.w.org\/{rel}","templated":true}]}}