{"id":48424,"date":"2012-10-15T11:00:38","date_gmt":"2012-10-15T14:00:38","guid":{"rendered":"http:\/\/www.agrund.com\/?p=48424"},"modified":"2012-10-15T11:00:38","modified_gmt":"2012-10-15T14:00:38","slug":"estilistas-assinam-camisetas-em-prol-da-diversidade","status":"publish","type":"post","link":"https:\/\/agrund.com\/index.php\/estilistas-assinam-camisetas-em-prol-da-diversidade\/","title":{"rendered":"Estilistas assinam camisetas em prol da diversidade"},"content":{"rendered":"<p>A campanha realizada pela Conex\u00e3o Solid\u00e1ria comercializar\u00e1 produtos feitos por cooperativas de costureiras. Parte da renda ser\u00e1 revertida para a Casa de Apoio Brenda Lee, que ajuda pacientes HIV+. A campanha, que recebeu o nome de \u201cTodas as cores, todos os amores\u201d, tem lan\u00e7amento com show de Gaby Amarantos no dia 19 de outubro na Uni\u00e3o Fraternal, em S\u00e3o Paulo.<br \/>\nDez estilistas assinar\u00e3o estampas de camisetas produzidas nas cores do arco-\u00edris. S\u00e3o eles: Ronaldo Fraga, Walter Rodrigues, Wal\u00e9rio Ara\u00fajo, Fernanda Yamamoto, Wilson Ranieri, Mark Greiner, Est\u00fadio Xingu, Weider Silveira, Andrea Ribeiro e Michele X. Cada camiseta, que tamb\u00e9m conta com a vers\u00e3o feminina, ser\u00e1 vendida por R$ 49,00 e poder\u00e1 ser adquirida no site oficial da campanha: www.todasascorestodososamores.com.br<\/p>\n<div id=\"attachment_48435\" style=\"width: 450px\" class=\"wp-caption aligncenter\"><a class=\"lightbox\" title=\"Estilistas assinam camisetas em prol da diversidade\" href=\"https:\/\/i0.wp.com\/www.agrund.com\/wp-content\/uploads\/2012\/10\/Wilson-Raniere-Masc.jpg\"><img aria-describedby=\"caption-attachment-48435\" decoding=\"async\" loading=\"lazy\" class=\" wp-image-48435 \" title=\"Estilistas assinam camisetas em prol da diversidade\" src=\"https:\/\/i0.wp.com\/www.agrund.com\/wp-content\/uploads\/2012\/10\/Wilson-Raniere-Masc.jpg?resize=440%2C440\" alt=\"Wilson Raniere\" width=\"440\" height=\"440\" data-recalc-dims=\"1\" \/><\/a><p id=\"caption-attachment-48435\" class=\"wp-caption-text\">Wilson Raniere<\/p><\/div>\n<div id=\"attachment_48434\" style=\"width: 450px\" class=\"wp-caption aligncenter\"><a class=\"lightbox\" title=\"Estilistas assinam camisetas em prol da diversidade\" href=\"https:\/\/i0.wp.com\/www.agrund.com\/wp-content\/uploads\/2012\/10\/weider-Silveiro-masc.jpg\"><img aria-describedby=\"caption-attachment-48434\" decoding=\"async\" loading=\"lazy\" class=\" wp-image-48434 \" title=\"Estilistas assinam camisetas em prol da diversidade\" src=\"https:\/\/i0.wp.com\/www.agrund.com\/wp-content\/uploads\/2012\/10\/weider-Silveiro-masc.jpg?resize=440%2C1023\" alt=\"Weider Silveiro\" width=\"440\" height=\"1023\" data-recalc-dims=\"1\" \/><\/a><p id=\"caption-attachment-48434\" class=\"wp-caption-text\">Weider Silveiro<\/p><\/div>\n<div id=\"attachment_48433\" style=\"width: 450px\" class=\"wp-caption aligncenter\"><a class=\"lightbox\" title=\"Estilistas assinam camisetas em prol da diversidade\" href=\"https:\/\/i0.wp.com\/www.agrund.coEstilistasassinamcamisetasemproldadiversidadem\/wp-content\/uploads\/2012\/10\/walter-Rodigues-masc.jpg\"><img aria-describedby=\"caption-attachment-48433\" decoding=\"async\" loading=\"lazy\" class=\" wp-image-48433 \" title=\"Estilistas assinam camisetas em prol da diversidade\" src=\"https:\/\/i0.wp.com\/www.agrund.com\/wp-content\/uploads\/2012\/10\/walter-Rodigues-masc.jpg?resize=440%2C1023\" alt=\"Walter Rodigues\" width=\"440\" height=\"1023\" data-recalc-dims=\"1\" \/><\/a><p id=\"caption-attachment-48433\" class=\"wp-caption-text\">Walter Rodigues<\/p><\/div>\n<div id=\"attachment_48432\" style=\"width: 450px\" class=\"wp-caption aligncenter\"><a class=\"lightbox\" title=\"Estilistas assinam camisetas em prol da diversidade\" href=\"https:\/\/i0.wp.com\/www.agrund.com\/wp-content\/uploads\/2012\/10\/Wal\u00e9rio-Araujo-masc.jpg\"><img aria-describedby=\"caption-attachment-48432\" decoding=\"async\" loading=\"lazy\" class=\" wp-image-48432 \" title=\"Estilistas assinam camisetas em prol da diversidade\" src=\"https:\/\/i0.wp.com\/www.agrund.com\/wp-content\/uploads\/2012\/10\/Wal\u00e9rio-Araujo-masc.jpg?resize=440%2C1023\" alt=\"Wal\u00e9rio Araujo \" width=\"440\" height=\"1023\" data-recalc-dims=\"1\" \/><\/a><p id=\"caption-attachment-48432\" class=\"wp-caption-text\">Wal\u00e9rio Araujo<\/p><\/div>\n<div id=\"attachment_48430\" style=\"width: 450px\" class=\"wp-caption aligncenter\"><a class=\"lightbox\" title=\"Estilistas assinam camisetas em prol da diversidade\" href=\"https:\/\/i0.wp.com\/www.agrund.com\/wp-content\/uploads\/2012\/10\/Ronaldo-Fraga-Masculina.jpg\"><img aria-describedby=\"caption-attachment-48430\" decoding=\"async\" loading=\"lazy\" class=\" wp-image-48430 \" title=\"Estilistas assinam camisetas em prol da diversidade\" src=\"https:\/\/i0.wp.com\/www.agrund.com\/wp-content\/uploads\/2012\/10\/Ronaldo-Fraga-Masculina.jpg?resize=440%2C440\" alt=\"Ronaldo Fraga\" width=\"440\" height=\"440\" data-recalc-dims=\"1\" \/><\/a><p id=\"caption-attachment-48430\" class=\"wp-caption-text\">Ronaldo Fraga<\/p><\/div>\n<div id=\"attachment_48429\" style=\"width: 450px\" class=\"wp-caption aligncenter\"><a class=\"lightbox\" title=\"Estilistas assinam camisetas em prol da diversidade\" href=\"https:\/\/i0.wp.com\/www.agrund.com\/wp-content\/uploads\/2012\/10\/michelly-K-masc.jpg\"><img aria-describedby=\"caption-attachment-48429\" decoding=\"async\" loading=\"lazy\" class=\" wp-image-48429 \" title=\"Estilistas assinam camisetas em prol da diversidade\" src=\"https:\/\/i0.wp.com\/www.agrund.com\/wp-content\/uploads\/2012\/10\/michelly-K-masc.jpg?resize=440%2C1023\" alt=\"Michelly K \" width=\"440\" height=\"1023\" data-recalc-dims=\"1\" \/><\/a><p id=\"caption-attachment-48429\" class=\"wp-caption-text\">Michelly K<\/p><\/div>\n<div id=\"attachment_48428\" style=\"width: 450px\" class=\"wp-caption aligncenter\"><a class=\"lightbox\" title=\"Estilistas assinam camisetas em prol da diversidade\" href=\"https:\/\/i0.wp.com\/www.agrund.com\/wp-content\/uploads\/2012\/10\/MARK-Greiner-masc.jpg\"><img aria-describedby=\"caption-attachment-48428\" decoding=\"async\" loading=\"lazy\" class=\" wp-image-48428 \" title=\"Estilistas assinam camisetas em prol da diversidade\" src=\"https:\/\/i0.wp.com\/www.agrund.com\/wp-content\/uploads\/2012\/10\/MARK-Greiner-masc.jpg?resize=440%2C1023\" alt=\"Mark Greiner\" width=\"440\" height=\"1023\" data-recalc-dims=\"1\" \/><\/a><p id=\"caption-attachment-48428\" class=\"wp-caption-text\">Mark Greiner<\/p><\/div>\n<div id=\"attachment_48427\" style=\"width: 450px\" class=\"wp-caption aligncenter\"><a class=\"lightbox\" title=\"Estilistas assinam camisetas em prol da diversidade\" href=\"https:\/\/i0.wp.com\/www.agrund.com\/wp-content\/uploads\/2012\/10\/Fernadoa-Yamamodo-masc.jpg\"><img aria-describedby=\"caption-attachment-48427\" decoding=\"async\" loading=\"lazy\" class=\" wp-image-48427 \" title=\"Estilistas assinam camisetas em prol da diversidade\" src=\"https:\/\/i0.wp.com\/www.agrund.com\/wp-content\/uploads\/2012\/10\/Fernadoa-Yamamodo-masc.jpg?resize=440%2C1023\" alt=\"Fernanda Yamamoto\" width=\"440\" height=\"1023\" data-recalc-dims=\"1\" \/><\/a><p id=\"caption-attachment-48427\" class=\"wp-caption-text\">Fernanda Yamamoto<\/p><\/div>\n<div id=\"attachment_48426\" style=\"width: 450px\" class=\"wp-caption aligncenter\"><a class=\"lightbox\" title=\"Estilistas assinam camisetas em prol da diversidade\" href=\"https:\/\/i0.wp.com\/www.agrund.com\/wp-content\/uploads\/2012\/10\/Est\u00fadio-Xingu-Masculina.jpg\"><img aria-describedby=\"caption-attachment-48426\" decoding=\"async\" loading=\"lazy\" class=\" wp-image-48426 \" title=\"Estilistas assinam camisetas em prol da diversidade\" src=\"https:\/\/i0.wp.com\/www.agrund.com\/wp-content\/uploads\/2012\/10\/Est\u00fadio-Xingu-Masculina.jpg?resize=440%2C440\" alt=\"Est\u00fadio Xingu\" width=\"440\" height=\"440\" data-recalc-dims=\"1\" \/><\/a><p id=\"caption-attachment-48426\" class=\"wp-caption-text\">Est\u00fadio Xingu<\/p><\/div>\n<div id=\"attachment_48425\" style=\"width: 450px\" class=\"wp-caption aligncenter\"><a class=\"lightbox\" title=\"Estilistas assinam camisetas em prol da diversidade\" href=\"https:\/\/i0.wp.com\/www.agrund.com\/wp-content\/uploads\/2012\/10\/Andrea-Ribeiro-masc.jpg\"><img aria-describedby=\"caption-attachment-48425\" decoding=\"async\" loading=\"lazy\" class=\" wp-image-48425 \" title=\"Estilistas assinam camisetas em prol da diversidade\" src=\"https:\/\/i0.wp.com\/www.agrund.com\/wp-content\/uploads\/2012\/10\/Andrea-Ribeiro-masc.jpg?resize=440%2C1023\" alt=\"Andrea Ribeiro\" width=\"440\" height=\"1023\" data-recalc-dims=\"1\" \/><\/a><p id=\"caption-attachment-48425\" class=\"wp-caption-text\">Andrea Ribeiro<\/p><\/div>\n<p>Imagens: Divulga\u00e7\u00e3o.<\/p>\n","protected":false},"excerpt":{"rendered":"<p>A campanha realizada pela Conex\u00e3o Solid\u00e1ria comercializar\u00e1 produtos feitos por cooperativas de costureiras. Parte da renda ser\u00e1 revertida para a Casa de Apoio Brenda Lee, que ajuda pacientes HIV+. A campanha, que recebeu o nome de \u201cTodas as cores, todos os amores\u201d, tem lan\u00e7amento com show de Gaby Amarantos no dia 19 de outubro na [&hellip;]<\/p>\n","protected":false},"author":8,"featured_media":48431,"comment_status":"open","ping_status":"open","sticky":false,"template":"","format":"standard","meta":{"jetpack_post_was_ever_published":false,"_jetpack_newsletter_access":"","jetpack_publicize_message":"","jetpack_is_tweetstorm":false,"jetpack_publicize_feature_enabled":true,"jetpack_social_post_already_shared":false,"jetpack_social_options":{"image_generator_settings":{"template":"highway","enabled":false}}},"categories":[6],"tags":[],"jetpack_publicize_connections":[],"jetpack_featured_media_url":"","jetpack_sharing_enabled":true,"jetpack_shortlink":"https:\/\/wp.me\/p3Hz0n-cB2","jetpack_likes_enabled":true,"_links":{"self":[{"href":"https:\/\/agrund.com\/index.php\/wp-json\/wp\/v2\/posts\/48424"}],"collection":[{"href":"https:\/\/agrund.com\/index.php\/wp-json\/wp\/v2\/posts"}],"about":[{"href":"https:\/\/agrund.com\/index.php\/wp-json\/wp\/v2\/types\/post"}],"author":[{"embeddable":true,"href":"https:\/\/agrund.com\/index.php\/wp-json\/wp\/v2\/users\/8"}],"replies":[{"embeddable":true,"href":"https:\/\/agrund.com\/index.php\/wp-json\/wp\/v2\/comments?post=48424"}],"version-history":[{"count":0,"href":"https:\/\/agrund.com\/index.php\/wp-json\/wp\/v2\/posts\/48424\/revisions"}],"wp:featuredmedia":[{"embeddable":true,"href":"https:\/\/agrund.com\/index.php\/wp-json\/"}],"wp:attachment":[{"href":"https:\/\/agrund.com\/index.php\/wp-json\/wp\/v2\/media?parent=48424"}],"wp:term":[{"taxonomy":"category","embeddable":true,"href":"https:\/\/agrund.com\/index.php\/wp-json\/wp\/v2\/categories?post=48424"},{"taxonomy":"post_tag","embeddable":true,"href":"https:\/\/agrund.com\/index.php\/wp-json\/wp\/v2\/tags?post=48424"}],"curies":[{"name":"wp","href":"https:\/\/api.w.org\/{rel}","templated":true}]}}