{"id":48413,"date":"2012-10-15T10:00:08","date_gmt":"2012-10-15T13:00:08","guid":{"rendered":"http:\/\/www.agrund.com\/?p=48413"},"modified":"2012-10-15T10:00:08","modified_gmt":"2012-10-15T13:00:08","slug":"campanha-rich-verao-2013","status":"publish","type":"post","link":"https:\/\/agrund.com\/index.php\/campanha-rich-verao-2013\/","title":{"rendered":"Campanha :: Rich Ver\u00e3o 2013"},"content":{"rendered":"<p>A marca masculina Rich foi buscar inspira\u00e7\u00e3o no universo do fot\u00f3grafo alem\u00e3o August Sander. Com a atmosfera vintage de lutas, as fotos foram realizadas por Marcio Del Nero com styling de Thidy Alvis. Confira!<\/p>\n<div id=\"attachment_48421\" style=\"width: 510px\" class=\"wp-caption aligncenter\"><a class=\"lightbox\" title=\"Campanha :: Rich Ver\u00e3o 2013\" href=\"https:\/\/i0.wp.com\/www.agrund.com\/wp-content\/uploads\/2012\/10\/campanha-rich-verao-2013-6.jpg\"><img aria-describedby=\"caption-attachment-48421\" decoding=\"async\" loading=\"lazy\" class=\"size-full wp-image-48421\" title=\"Campanha :: Rich Ver\u00e3o 2013\" src=\"https:\/\/i0.wp.com\/www.agrund.com\/wp-content\/uploads\/2012\/10\/campanha-rich-verao-2013-6.jpg?resize=500%2C659\" alt=\"Campanha :: Rich Ver\u00e3o 2013\" width=\"500\" height=\"659\" data-recalc-dims=\"1\" \/><\/a><p id=\"caption-attachment-48421\" class=\"wp-caption-text\">Campanha :: Rich Ver\u00e3o 2013<\/p><\/div>\n<div id=\"attachment_48420\" style=\"width: 510px\" class=\"wp-caption aligncenter\"><a class=\"lightbox\" title=\"Campanha :: Rich Ver\u00e3o 2013\" href=\"https:\/\/i0.wp.com\/www.agrund.com\/wp-content\/uploads\/2012\/10\/campanha-rich-verao-2013-5.jpg\"><img aria-describedby=\"caption-attachment-48420\" decoding=\"async\" loading=\"lazy\" class=\"size-full wp-image-48420\" title=\"Campanha :: Rich Ver\u00e3o 2013\" src=\"https:\/\/i0.wp.com\/www.agrund.com\/wp-content\/uploads\/2012\/10\/campanha-rich-verao-2013-5.jpg?resize=500%2C313\" alt=\"Campanha :: Rich Ver\u00e3o 2013\" width=\"500\" height=\"313\" data-recalc-dims=\"1\" \/><\/a><p id=\"caption-attachment-48420\" class=\"wp-caption-text\">Campanha :: Rich Ver\u00e3o 2013<\/p><\/div>\n<div id=\"attachment_48419\" style=\"width: 510px\" class=\"wp-caption aligncenter\"><a class=\"lightbox\" title=\"Campanha :: Rich Ver\u00e3o 2013\" href=\"https:\/\/i0.wp.com\/www.agrund.com\/wp-content\/uploads\/2012\/10\/campanha-rich-verao-2013-4.jpg\"><img aria-describedby=\"caption-attachment-48419\" decoding=\"async\" loading=\"lazy\" class=\"size-full wp-image-48419\" title=\"Campanha :: Rich Ver\u00e3o 2013\" src=\"https:\/\/i0.wp.com\/www.agrund.com\/wp-content\/uploads\/2012\/10\/campanha-rich-verao-2013-4.jpg?resize=500%2C326\" alt=\"Campanha :: Rich Ver\u00e3o 2013\" width=\"500\" height=\"326\" data-recalc-dims=\"1\" \/><\/a><p id=\"caption-attachment-48419\" class=\"wp-caption-text\">Campanha :: Rich Ver\u00e3o 2013<\/p><\/div>\n<div id=\"attachment_48418\" style=\"width: 510px\" class=\"wp-caption aligncenter\"><a class=\"lightbox\" title=\"Campanha :: Rich Ver\u00e3o 2013\" href=\"https:\/\/i0.wp.com\/www.agrund.com\/wp-content\/uploads\/2012\/10\/campanha-rich-verao-2013-3.jpg\"><img aria-describedby=\"caption-attachment-48418\" decoding=\"async\" loading=\"lazy\" class=\"size-full wp-image-48418\" title=\"Campanha :: Rich Ver\u00e3o 2013\" src=\"https:\/\/i0.wp.com\/www.agrund.com\/wp-content\/uploads\/2012\/10\/campanha-rich-verao-2013-3.jpg?resize=500%2C713\" alt=\"Campanha :: Rich Ver\u00e3o 2013\" width=\"500\" height=\"713\" data-recalc-dims=\"1\" \/><\/a><p id=\"caption-attachment-48418\" class=\"wp-caption-text\">Campanha :: Rich Ver\u00e3o 2013<\/p><\/div>\n<div id=\"attachment_48417\" style=\"width: 510px\" class=\"wp-caption aligncenter\"><a class=\"lightbox\" title=\"Campanha :: Rich Ver\u00e3o 2013\" href=\"https:\/\/i0.wp.com\/www.agrund.com\/wp-content\/uploads\/2012\/10\/campanha-rich-verao-2013-2.jpg\"><img aria-describedby=\"caption-attachment-48417\" decoding=\"async\" loading=\"lazy\" class=\"size-full wp-image-48417\" title=\"Campanha :: Rich Ver\u00e3o 2013\" src=\"https:\/\/i0.wp.com\/www.agrund.com\/wp-content\/uploads\/2012\/10\/campanha-rich-verao-2013-2.jpg?resize=500%2C385\" alt=\"Campanha :: Rich Ver\u00e3o 2013\" width=\"500\" height=\"385\" data-recalc-dims=\"1\" \/><\/a><p id=\"caption-attachment-48417\" class=\"wp-caption-text\">Campanha :: Rich Ver\u00e3o 2013<\/p><\/div>\n<div id=\"attachment_48416\" style=\"width: 510px\" class=\"wp-caption aligncenter\"><a class=\"lightbox\" title=\"Campanha :: Rich Ver\u00e3o 2013\" href=\"https:\/\/i0.wp.com\/www.agrund.com\/wp-content\/uploads\/2012\/10\/campanha-rich-verao-2013-1.jpg\"><img aria-describedby=\"caption-attachment-48416\" decoding=\"async\" loading=\"lazy\" class=\"size-full wp-image-48416\" title=\"Campanha :: Rich Ver\u00e3o 2013\" src=\"https:\/\/i0.wp.com\/www.agrund.com\/wp-content\/uploads\/2012\/10\/campanha-rich-verao-2013-1.jpg?resize=500%2C333\" alt=\"Campanha :: Rich Ver\u00e3o 2013\" width=\"500\" height=\"333\" data-recalc-dims=\"1\" \/><\/a><p id=\"caption-attachment-48416\" class=\"wp-caption-text\">Campanha :: Rich Ver\u00e3o 2013<\/p><\/div>\n<p>Imagens: Divulga\u00e7\u00e3o.<\/p>\n","protected":false},"excerpt":{"rendered":"<p>A marca masculina Rich foi buscar inspira\u00e7\u00e3o no universo do fot\u00f3grafo alem\u00e3o August Sander. Com a atmosfera vintage de lutas, as fotos foram realizadas por Marcio Del Nero com styling de Thidy Alvis. Confira! Imagens: Divulga\u00e7\u00e3o.<\/p>\n","protected":false},"author":8,"featured_media":48422,"comment_status":"open","ping_status":"open","sticky":false,"template":"","format":"standard","meta":{"jetpack_post_was_ever_published":false,"_jetpack_newsletter_access":"","jetpack_publicize_message":"","jetpack_is_tweetstorm":false,"jetpack_publicize_feature_enabled":true,"jetpack_social_post_already_shared":false,"jetpack_social_options":{"image_generator_settings":{"template":"highway","enabled":false}}},"categories":[6],"tags":[],"jetpack_publicize_connections":[],"jetpack_featured_media_url":"","jetpack_sharing_enabled":true,"jetpack_shortlink":"https:\/\/wp.me\/p3Hz0n-cAR","jetpack_likes_enabled":true,"_links":{"self":[{"href":"https:\/\/agrund.com\/index.php\/wp-json\/wp\/v2\/posts\/48413"}],"collection":[{"href":"https:\/\/agrund.com\/index.php\/wp-json\/wp\/v2\/posts"}],"about":[{"href":"https:\/\/agrund.com\/index.php\/wp-json\/wp\/v2\/types\/post"}],"author":[{"embeddable":true,"href":"https:\/\/agrund.com\/index.php\/wp-json\/wp\/v2\/users\/8"}],"replies":[{"embeddable":true,"href":"https:\/\/agrund.com\/index.php\/wp-json\/wp\/v2\/comments?post=48413"}],"version-history":[{"count":0,"href":"https:\/\/agrund.com\/index.php\/wp-json\/wp\/v2\/posts\/48413\/revisions"}],"wp:featuredmedia":[{"embeddable":true,"href":"https:\/\/agrund.com\/index.php\/wp-json\/"}],"wp:attachment":[{"href":"https:\/\/agrund.com\/index.php\/wp-json\/wp\/v2\/media?parent=48413"}],"wp:term":[{"taxonomy":"category","embeddable":true,"href":"https:\/\/agrund.com\/index.php\/wp-json\/wp\/v2\/categories?post=48413"},{"taxonomy":"post_tag","embeddable":true,"href":"https:\/\/agrund.com\/index.php\/wp-json\/wp\/v2\/tags?post=48413"}],"curies":[{"name":"wp","href":"https:\/\/api.w.org\/{rel}","templated":true}]}}