{"id":48272,"date":"2012-10-11T19:30:35","date_gmt":"2012-10-11T22:30:35","guid":{"rendered":"http:\/\/www.agrund.com\/?p=48272"},"modified":"2012-10-11T19:30:35","modified_gmt":"2012-10-11T22:30:35","slug":"estilistas-e-editores-de-moda-viram-desenho-na-barneys","status":"publish","type":"post","link":"https:\/\/agrund.com\/index.php\/estilistas-e-editores-de-moda-viram-desenho-na-barneys\/","title":{"rendered":"Estilistas e Editores de moda viram desenho na Barneys"},"content":{"rendered":"<p>Voc\u00eas se lembram que contamos <a href=\"http:\/\/www.agrund.com\/barneys-e-disney-criam-decoracao-para-o-natal-de-nova-york\/\">AQUI<\/a> que alguns estilistas ir\u00e3o vestir os personagens da Disney no natal da Barneys, em Nova York? Agora, a loja de departamentos acaba de divulgar os primeiros tra\u00e7os do desenho animado que ser\u00e1 parte da campanha de divulga\u00e7\u00e3o. Nele, Minnie est\u00e1 na primeira fila de um desfile sentada ao lado de nomes como Alber Elbaz, Suzy Menkes, BryanBoy, Steven Meisel e Carine Roitfeld. Confira o desenho dos estilistas e editores de moda:<\/p>\n<p>&nbsp;<\/p>\n<div id=\"attachment_48273\" style=\"width: 511px\" class=\"wp-caption aligncenter\"><a class=\"lightbox\" title=\"Estilistas e Editores de moda viram desenho na Barneys\" href=\"https:\/\/i0.wp.com\/www.agrund.com\/wp-content\/uploads\/2012\/10\/estilistas-e-editores-de-moda-viram-desenho-na-barneys.jpg\"><img aria-describedby=\"caption-attachment-48273\" decoding=\"async\" loading=\"lazy\" class=\" wp-image-48273  \" title=\"Estilistas e Editores de moda viram desenho na Barneys\" src=\"https:\/\/i0.wp.com\/www.agrund.com\/wp-content\/uploads\/2012\/10\/estilistas-e-editores-de-moda-viram-desenho-na-barneys.jpg?resize=501%2C197\" alt=\"Estilistas e Editores de moda viram desenho na Barneys\" width=\"501\" height=\"197\" data-recalc-dims=\"1\" \/><\/a><p id=\"caption-attachment-48273\" class=\"wp-caption-text\">Alber Elbaz, BryanBoy, Suzy Menkes, Steve Meisel e Carine Roitfeld<\/p><\/div>\n<p>Imagem: Reprodu\u00e7\u00e3o.<\/p>\n","protected":false},"excerpt":{"rendered":"<p>Voc\u00eas se lembram que contamos AQUI que alguns estilistas ir\u00e3o vestir os personagens da Disney no natal da Barneys, em Nova York? Agora, a loja de departamentos acaba de divulgar os primeiros tra\u00e7os do desenho animado que ser\u00e1 parte da campanha de divulga\u00e7\u00e3o. Nele, Minnie est\u00e1 na primeira fila de um desfile sentada ao lado [&hellip;]<\/p>\n","protected":false},"author":8,"featured_media":48274,"comment_status":"open","ping_status":"open","sticky":false,"template":"","format":"standard","meta":{"jetpack_post_was_ever_published":false,"_jetpack_newsletter_access":"","jetpack_publicize_message":"","jetpack_is_tweetstorm":false,"jetpack_publicize_feature_enabled":true,"jetpack_social_post_already_shared":false,"jetpack_social_options":{"image_generator_settings":{"template":"highway","enabled":false}}},"categories":[2],"tags":[],"jetpack_publicize_connections":[],"jetpack_featured_media_url":"","jetpack_sharing_enabled":true,"jetpack_shortlink":"https:\/\/wp.me\/p3Hz0n-cyA","jetpack_likes_enabled":true,"_links":{"self":[{"href":"https:\/\/agrund.com\/index.php\/wp-json\/wp\/v2\/posts\/48272"}],"collection":[{"href":"https:\/\/agrund.com\/index.php\/wp-json\/wp\/v2\/posts"}],"about":[{"href":"https:\/\/agrund.com\/index.php\/wp-json\/wp\/v2\/types\/post"}],"author":[{"embeddable":true,"href":"https:\/\/agrund.com\/index.php\/wp-json\/wp\/v2\/users\/8"}],"replies":[{"embeddable":true,"href":"https:\/\/agrund.com\/index.php\/wp-json\/wp\/v2\/comments?post=48272"}],"version-history":[{"count":0,"href":"https:\/\/agrund.com\/index.php\/wp-json\/wp\/v2\/posts\/48272\/revisions"}],"wp:featuredmedia":[{"embeddable":true,"href":"https:\/\/agrund.com\/index.php\/wp-json\/"}],"wp:attachment":[{"href":"https:\/\/agrund.com\/index.php\/wp-json\/wp\/v2\/media?parent=48272"}],"wp:term":[{"taxonomy":"category","embeddable":true,"href":"https:\/\/agrund.com\/index.php\/wp-json\/wp\/v2\/categories?post=48272"},{"taxonomy":"post_tag","embeddable":true,"href":"https:\/\/agrund.com\/index.php\/wp-json\/wp\/v2\/tags?post=48272"}],"curies":[{"name":"wp","href":"https:\/\/api.w.org\/{rel}","templated":true}]}}