{"id":48179,"date":"2012-10-11T12:00:07","date_gmt":"2012-10-11T15:00:07","guid":{"rendered":"http:\/\/www.agrund.com\/?p=48179"},"modified":"2012-10-11T12:00:07","modified_gmt":"2012-10-11T15:00:07","slug":"mae-de-pink-se-choca-com-novo-video-da-filha","status":"publish","type":"post","link":"https:\/\/agrund.com\/index.php\/mae-de-pink-se-choca-com-novo-video-da-filha\/","title":{"rendered":"M\u00e3e de Pink se choca com novo v\u00eddeo da filha"},"content":{"rendered":"<p>A cantora\u00a0Pink\u00a0queria ver a rea\u00e7\u00e3o da m\u00e3e Judith antes do lan\u00e7amento do videoclipe da nova m\u00fasica &#8216;Try&#8217;, segundo hit do rec\u00e9m-lan\u00e7ado \u00e1lbum &#8216;The Truth About Love&#8217;.<\/p>\n<p>Pink comentou com os seguidores do Twitter que a m\u00e3e teria ficado &#8220;sem palavras&#8221; ao se deparar com o conte\u00fado do que estava assistindo. &#8220;Minha m\u00e3e, ap\u00f3s ver o novo v\u00eddeo, falou: &#8216;Nossa, filha. Estou sem palavras. E at\u00e9 um pouco desconfort\u00e1vel. Pelo menos ningu\u00e9m pode dizer que voc\u00ea n\u00e3o gosta de arriscar&#8217;. Obrigada, m\u00e3e&#8221;, tuitou a cantora.<\/p>\n<p>No aparentemente controverso v\u00eddeo, a estrela vive uma intensa hist\u00f3ria de amor embalada por uma dan\u00e7a Apache. A m\u00e3e da pequena Willow, de apenas 16 meses, j\u00e1 havia declarado que o v\u00eddeo de &#8216;Try&#8217; \u00e9 o melhor que j\u00e1 fez. &#8220;Esse v\u00eddeo foi o mais divertido de toda a minha carreira. Minha vontade era de que n\u00e3o terminasse nunca mais. Esse \u00e9, sem d\u00favida, meu trabalho preferido&#8221;.<\/p>\n<p>Dirigido por Floria Sigismondi e coreografado pelo grupo The Golden Boyz, o v\u00eddeo ainda conta com a colabora\u00e7\u00e3o do parceiro de trap\u00e9zio de Pink, Sebastien Stella.<\/p>\n<p>&nbsp;<\/p>\n<div id=\"attachment_48180\" style=\"width: 490px\" class=\"wp-caption aligncenter\"><a class=\"lightbox\" title=\"M\u00e3e de Pink se choca com novo v\u00eddeo da filha\" href=\"https:\/\/i0.wp.com\/www.agrund.com\/wp-content\/uploads\/2012\/10\/mae-de-pink-se-choca-com-novo-video-da-filha.jpg\"><img aria-describedby=\"caption-attachment-48180\" decoding=\"async\" loading=\"lazy\" class=\" wp-image-48180 \" title=\"M\u00e3e de Pink se choca com novo v\u00eddeo da filha\" src=\"https:\/\/i0.wp.com\/www.agrund.com\/wp-content\/uploads\/2012\/10\/mae-de-pink-se-choca-com-novo-video-da-filha.jpg?resize=480%2C320\" alt=\"M\u00e3e de Pink se choca com novo v\u00eddeo da filha\" width=\"480\" height=\"320\" data-recalc-dims=\"1\" \/><\/a><p id=\"caption-attachment-48180\" class=\"wp-caption-text\">M\u00e3e de Pink se choca com novo v\u00eddeo da filha<\/p><\/div>\n<p>Imagem: Reprodu\u00e7\u00e3o.<\/p>\n","protected":false},"excerpt":{"rendered":"<p>A cantora\u00a0Pink\u00a0queria ver a rea\u00e7\u00e3o da m\u00e3e Judith antes do lan\u00e7amento do videoclipe da nova m\u00fasica &#8216;Try&#8217;, segundo hit do rec\u00e9m-lan\u00e7ado \u00e1lbum &#8216;The Truth About Love&#8217;. Pink comentou com os seguidores do Twitter que a m\u00e3e teria ficado &#8220;sem palavras&#8221; ao se deparar com o conte\u00fado do que estava assistindo. &#8220;Minha m\u00e3e, ap\u00f3s ver o [&hellip;]<\/p>\n","protected":false},"author":8,"featured_media":48181,"comment_status":"open","ping_status":"open","sticky":false,"template":"","format":"standard","meta":{"jetpack_post_was_ever_published":false,"_jetpack_newsletter_access":"","jetpack_publicize_message":"","jetpack_is_tweetstorm":false,"jetpack_publicize_feature_enabled":true,"jetpack_social_post_already_shared":false,"jetpack_social_options":{"image_generator_settings":{"template":"highway","enabled":false}}},"categories":[2],"tags":[],"jetpack_publicize_connections":[],"jetpack_featured_media_url":"","jetpack_sharing_enabled":true,"jetpack_shortlink":"https:\/\/wp.me\/p3Hz0n-cx5","jetpack_likes_enabled":true,"_links":{"self":[{"href":"https:\/\/agrund.com\/index.php\/wp-json\/wp\/v2\/posts\/48179"}],"collection":[{"href":"https:\/\/agrund.com\/index.php\/wp-json\/wp\/v2\/posts"}],"about":[{"href":"https:\/\/agrund.com\/index.php\/wp-json\/wp\/v2\/types\/post"}],"author":[{"embeddable":true,"href":"https:\/\/agrund.com\/index.php\/wp-json\/wp\/v2\/users\/8"}],"replies":[{"embeddable":true,"href":"https:\/\/agrund.com\/index.php\/wp-json\/wp\/v2\/comments?post=48179"}],"version-history":[{"count":0,"href":"https:\/\/agrund.com\/index.php\/wp-json\/wp\/v2\/posts\/48179\/revisions"}],"wp:featuredmedia":[{"embeddable":true,"href":"https:\/\/agrund.com\/index.php\/wp-json\/"}],"wp:attachment":[{"href":"https:\/\/agrund.com\/index.php\/wp-json\/wp\/v2\/media?parent=48179"}],"wp:term":[{"taxonomy":"category","embeddable":true,"href":"https:\/\/agrund.com\/index.php\/wp-json\/wp\/v2\/categories?post=48179"},{"taxonomy":"post_tag","embeddable":true,"href":"https:\/\/agrund.com\/index.php\/wp-json\/wp\/v2\/tags?post=48179"}],"curies":[{"name":"wp","href":"https:\/\/api.w.org\/{rel}","templated":true}]}}