{"id":47801,"date":"2012-10-09T10:00:17","date_gmt":"2012-10-09T13:00:17","guid":{"rendered":"http:\/\/www.agrund.com\/?p=47801"},"modified":"2012-10-09T10:00:17","modified_gmt":"2012-10-09T13:00:17","slug":"saint-laurent-paris-verao-2013-com-anja-rubik","status":"publish","type":"post","link":"https:\/\/agrund.com\/index.php\/saint-laurent-paris-verao-2013-com-anja-rubik\/","title":{"rendered":"Saint Laurent Paris ver\u00e3o 2013 com Anja Rubik"},"content":{"rendered":"<p><span style=\"font-family: tahoma, sans-serif\">O novo site da Saint Laurent Paris divulgou imagens da modelo Anja Rubik, mesmo ainda n\u00e3o confirmadas como oficiais. Nas imagens, a top aparece usando pe\u00e7as da cole\u00e7\u00e3o ver\u00e3o 2013 da Maison que foram apresentadas na \u00faltima edi\u00e7\u00e3o da semana de moda de Paris.<\/span><\/p>\n<p><span style=\"font-family: tahoma, sans-serif\">De acordo com o fashionista,\u00a0uma das poss\u00edveis loca\u00e7\u00f5es para o ensaio foi o ateli\u00ea de alta-costura da grife e o fot\u00f3grafo seria\u00a0Hedi Slimane, diretor criativo da Maison, assim como foi para a campanha de acess\u00f3rios. Confira:<\/span><\/p>\n<p>&nbsp;<\/p>\n<div id=\"attachment_47809\" style=\"width: 510px\" class=\"wp-caption aligncenter\"><a class=\"lightbox\" title=\"Saint Laurent Paris ver\u00e3o 2013 com Anja Rubik\" href=\"https:\/\/i0.wp.com\/www.agrund.com\/wp-content\/uploads\/2012\/10\/Saint-Laurent-Paris-ver\u00e3o-2013-com-Anja-Rubik-8.jpg\"><img aria-describedby=\"caption-attachment-47809\" decoding=\"async\" loading=\"lazy\" class=\"size-full wp-image-47809\" title=\"Saint Laurent Paris ver\u00e3o 2013 com Anja Rubik\" src=\"https:\/\/i0.wp.com\/www.agrund.com\/wp-content\/uploads\/2012\/10\/Saint-Laurent-Paris-ver\u00e3o-2013-com-Anja-Rubik-8.jpg?resize=500%2C374\" alt=\"Saint Laurent Paris ver\u00e3o 2013 com Anja Rubik\" width=\"500\" height=\"374\" data-recalc-dims=\"1\" \/><\/a><p id=\"caption-attachment-47809\" class=\"wp-caption-text\">Saint Laurent Paris ver\u00e3o 2013 com Anja Rubik<\/p><\/div>\n<div id=\"attachment_47808\" style=\"width: 510px\" class=\"wp-caption aligncenter\"><a class=\"lightbox\" title=\"Saint Laurent Paris ver\u00e3o 2013 com Anja Rubik\" href=\"https:\/\/i0.wp.com\/www.agrund.com\/wp-content\/uploads\/2012\/10\/Saint-Laurent-Paris-ver\u00e3o-2013-com-Anja-Rubik-7.jpg\"><img aria-describedby=\"caption-attachment-47808\" decoding=\"async\" loading=\"lazy\" class=\"size-full wp-image-47808\" title=\"Saint Laurent Paris ver\u00e3o 2013 com Anja Rubik\" src=\"https:\/\/i0.wp.com\/www.agrund.com\/wp-content\/uploads\/2012\/10\/Saint-Laurent-Paris-ver\u00e3o-2013-com-Anja-Rubik-7.jpg?resize=500%2C374\" alt=\"Saint Laurent Paris ver\u00e3o 2013 com Anja Rubik\" width=\"500\" height=\"374\" data-recalc-dims=\"1\" \/><\/a><p id=\"caption-attachment-47808\" class=\"wp-caption-text\">Saint Laurent Paris ver\u00e3o 2013 com Anja Rubik<\/p><\/div>\n<div id=\"attachment_47807\" style=\"width: 510px\" class=\"wp-caption aligncenter\"><a class=\"lightbox\" title=\"Saint Laurent Paris ver\u00e3o 2013 com Anja Rubik\" href=\"https:\/\/i0.wp.com\/www.agrund.com\/wp-content\/uploads\/2012\/10\/Saint-Laurent-Paris-ver\u00e3o-2013-com-Anja-Rubik-6.jpg\"><img aria-describedby=\"caption-attachment-47807\" decoding=\"async\" loading=\"lazy\" class=\"size-full wp-image-47807\" title=\"Saint Laurent Paris ver\u00e3o 2013 com Anja Rubik\" src=\"https:\/\/i0.wp.com\/www.agrund.com\/wp-content\/uploads\/2012\/10\/Saint-Laurent-Paris-ver\u00e3o-2013-com-Anja-Rubik-6.jpg?resize=500%2C374\" alt=\"Saint Laurent Paris ver\u00e3o 2013 com Anja Rubik\" width=\"500\" height=\"374\" data-recalc-dims=\"1\" \/><\/a><p id=\"caption-attachment-47807\" class=\"wp-caption-text\">Saint Laurent Paris ver\u00e3o 2013 com Anja Rubik<\/p><\/div>\n<div id=\"attachment_47806\" style=\"width: 510px\" class=\"wp-caption aligncenter\"><a class=\"lightbox\" title=\"Saint Laurent Paris ver\u00e3o 2013 com Anja Rubik\" href=\"https:\/\/i0.wp.com\/www.agrund.com\/wp-content\/uploads\/2012\/10\/Saint-Laurent-Paris-ver\u00e3o-2013-com-Anja-Rubik-5.jpg\"><img aria-describedby=\"caption-attachment-47806\" decoding=\"async\" loading=\"lazy\" class=\"size-full wp-image-47806\" title=\"Saint Laurent Paris ver\u00e3o 2013 com Anja Rubik\" src=\"https:\/\/i0.wp.com\/www.agrund.com\/wp-content\/uploads\/2012\/10\/Saint-Laurent-Paris-ver\u00e3o-2013-com-Anja-Rubik-5.jpg?resize=500%2C374\" alt=\"Saint Laurent Paris ver\u00e3o 2013 com Anja Rubik\" width=\"500\" height=\"374\" data-recalc-dims=\"1\" \/><\/a><p id=\"caption-attachment-47806\" class=\"wp-caption-text\">Saint Laurent Paris ver\u00e3o 2013 com Anja Rubik<\/p><\/div>\n<div id=\"attachment_47805\" style=\"width: 510px\" class=\"wp-caption aligncenter\"><a class=\"lightbox\" title=\"Saint Laurent Paris ver\u00e3o 2013 com Anja Rubik\" href=\"https:\/\/i0.wp.com\/www.agrund.com\/wp-content\/uploads\/2012\/10\/Saint-Laurent-Paris-ver\u00e3o-2013-com-Anja-Rubik-4.jpg\"><img aria-describedby=\"caption-attachment-47805\" decoding=\"async\" loading=\"lazy\" class=\"size-full wp-image-47805\" title=\"Saint Laurent Paris ver\u00e3o 2013 com Anja Rubik\" src=\"https:\/\/i0.wp.com\/www.agrund.com\/wp-content\/uploads\/2012\/10\/Saint-Laurent-Paris-ver\u00e3o-2013-com-Anja-Rubik-4.jpg?resize=500%2C374\" alt=\"Saint Laurent Paris ver\u00e3o 2013 com Anja Rubik\" width=\"500\" height=\"374\" data-recalc-dims=\"1\" \/><\/a><p id=\"caption-attachment-47805\" class=\"wp-caption-text\">Saint Laurent Paris ver\u00e3o 2013 com Anja Rubik<\/p><\/div>\n<div id=\"attachment_47804\" style=\"width: 510px\" class=\"wp-caption aligncenter\"><a class=\"lightbox\" title=\"Saint Laurent Paris ver\u00e3o 2013 com Anja Rubik\" href=\"https:\/\/i0.wp.com\/www.agrund.com\/wp-content\/uploads\/2012\/10\/Saint-Laurent-Paris-ver\u00e3o-2013-com-Anja-Rubik-3.jpg\"><img aria-describedby=\"caption-attachment-47804\" decoding=\"async\" loading=\"lazy\" class=\"size-full wp-image-47804\" title=\"Saint Laurent Paris ver\u00e3o 2013 com Anja Rubik\" src=\"https:\/\/i0.wp.com\/www.agrund.com\/wp-content\/uploads\/2012\/10\/Saint-Laurent-Paris-ver\u00e3o-2013-com-Anja-Rubik-3.jpg?resize=500%2C374\" alt=\"Saint Laurent Paris ver\u00e3o 2013 com Anja Rubik\" width=\"500\" height=\"374\" data-recalc-dims=\"1\" \/><\/a><p id=\"caption-attachment-47804\" class=\"wp-caption-text\">Saint Laurent Paris ver\u00e3o 2013 com Anja Rubik<\/p><\/div>\n<div id=\"attachment_47803\" style=\"width: 510px\" class=\"wp-caption aligncenter\"><a class=\"lightbox\" title=\"Saint Laurent Paris ver\u00e3o 2013 com Anja Rubik\" href=\"https:\/\/i0.wp.com\/www.agrund.com\/wp-content\/uploads\/2012\/10\/Saint-Laurent-Paris-ver\u00e3o-2013-com-Anja-Rubik-2.jpg\"><img aria-describedby=\"caption-attachment-47803\" decoding=\"async\" loading=\"lazy\" class=\"size-full wp-image-47803\" title=\"Saint Laurent Paris ver\u00e3o 2013 com Anja Rubik\" src=\"https:\/\/i0.wp.com\/www.agrund.com\/wp-content\/uploads\/2012\/10\/Saint-Laurent-Paris-ver\u00e3o-2013-com-Anja-Rubik-2.jpg?resize=500%2C374\" alt=\"Saint Laurent Paris ver\u00e3o 2013 com Anja Rubik\" width=\"500\" height=\"374\" data-recalc-dims=\"1\" \/><\/a><p id=\"caption-attachment-47803\" class=\"wp-caption-text\">Saint Laurent Paris ver\u00e3o 2013 com Anja Rubik<\/p><\/div>\n<div id=\"attachment_47802\" style=\"width: 510px\" class=\"wp-caption aligncenter\"><a class=\"lightbox\" title=\"Saint Laurent Paris ver\u00e3o 2013 com Anja Rubik\" href=\"https:\/\/i0.wp.com\/www.agrund.com\/wp-content\/uploads\/2012\/10\/Saint-Laurent-Paris-ver\u00e3o-2013-com-Anja-Rubik-1.jpg\"><img aria-describedby=\"caption-attachment-47802\" decoding=\"async\" loading=\"lazy\" class=\"size-full wp-image-47802\" title=\"Saint Laurent Paris ver\u00e3o 2013 com Anja Rubik\" src=\"https:\/\/i0.wp.com\/www.agrund.com\/wp-content\/uploads\/2012\/10\/Saint-Laurent-Paris-ver\u00e3o-2013-com-Anja-Rubik-1.jpg?resize=500%2C374\" alt=\"Saint Laurent Paris ver\u00e3o 2013 com Anja Rubik\" width=\"500\" height=\"374\" data-recalc-dims=\"1\" \/><\/a><p id=\"caption-attachment-47802\" class=\"wp-caption-text\">Saint Laurent Paris ver\u00e3o 2013 com Anja Rubik<\/p><\/div>\n<p>Imagens: Reprodu\u00e7\u00e3o.<\/p>\n","protected":false},"excerpt":{"rendered":"<p>O novo site da Saint Laurent Paris divulgou imagens da modelo Anja Rubik, mesmo ainda n\u00e3o confirmadas como oficiais. Nas imagens, a top aparece usando pe\u00e7as da cole\u00e7\u00e3o ver\u00e3o 2013 da Maison que foram apresentadas na \u00faltima edi\u00e7\u00e3o da semana de moda de Paris. De acordo com o fashionista,\u00a0uma das poss\u00edveis loca\u00e7\u00f5es para o ensaio [&hellip;]<\/p>\n","protected":false},"author":8,"featured_media":47810,"comment_status":"open","ping_status":"open","sticky":false,"template":"","format":"standard","meta":{"jetpack_post_was_ever_published":false,"_jetpack_newsletter_access":"","jetpack_publicize_message":"","jetpack_is_tweetstorm":false,"jetpack_publicize_feature_enabled":true,"jetpack_social_post_already_shared":false,"jetpack_social_options":{"image_generator_settings":{"template":"highway","enabled":false}}},"categories":[2],"tags":[],"jetpack_publicize_connections":[],"jetpack_featured_media_url":"","jetpack_sharing_enabled":true,"jetpack_shortlink":"https:\/\/wp.me\/p3Hz0n-cqZ","jetpack_likes_enabled":true,"_links":{"self":[{"href":"https:\/\/agrund.com\/index.php\/wp-json\/wp\/v2\/posts\/47801"}],"collection":[{"href":"https:\/\/agrund.com\/index.php\/wp-json\/wp\/v2\/posts"}],"about":[{"href":"https:\/\/agrund.com\/index.php\/wp-json\/wp\/v2\/types\/post"}],"author":[{"embeddable":true,"href":"https:\/\/agrund.com\/index.php\/wp-json\/wp\/v2\/users\/8"}],"replies":[{"embeddable":true,"href":"https:\/\/agrund.com\/index.php\/wp-json\/wp\/v2\/comments?post=47801"}],"version-history":[{"count":0,"href":"https:\/\/agrund.com\/index.php\/wp-json\/wp\/v2\/posts\/47801\/revisions"}],"wp:featuredmedia":[{"embeddable":true,"href":"https:\/\/agrund.com\/index.php\/wp-json\/"}],"wp:attachment":[{"href":"https:\/\/agrund.com\/index.php\/wp-json\/wp\/v2\/media?parent=47801"}],"wp:term":[{"taxonomy":"category","embeddable":true,"href":"https:\/\/agrund.com\/index.php\/wp-json\/wp\/v2\/categories?post=47801"},{"taxonomy":"post_tag","embeddable":true,"href":"https:\/\/agrund.com\/index.php\/wp-json\/wp\/v2\/tags?post=47801"}],"curies":[{"name":"wp","href":"https:\/\/api.w.org\/{rel}","templated":true}]}}