{"id":4779,"date":"2011-02-16T09:00:47","date_gmt":"2011-02-16T11:00:47","guid":{"rendered":"http:\/\/www.agrund.com\/blogs\/notas\/?p=4779"},"modified":"2011-02-16T09:00:47","modified_gmt":"2011-02-16T11:00:47","slug":"jeremy-scott-x-swatch","status":"publish","type":"post","link":"https:\/\/agrund.com\/index.php\/jeremy-scott-x-swatch\/","title":{"rendered":"JEREMY SCOTT X SWATCH"},"content":{"rendered":"<p>Ainda mais bem sucedidas do que as cole\u00e7\u00f5es de Jeremy Scott, s\u00e3o suas parcerias. Alem de sua cole\u00e7\u00e3o para a Adidas, agora o estilista se juntou para a Swatch para criar uma linha exclusiva de rel\u00f3gios. Todos com a sua cara e estilo \u2013 divertidos, com um ar de desenho animado e, claro, com asinhas. O estilista disse que \u00e9 f\u00e3 da marca desde crian\u00e7a e divulgou algumas fotos dos modelos em seu twitter, d\u00ea uma olhada:<\/p>\n<p style=\"text-align: center\"><img decoding=\"async\" loading=\"lazy\" class=\"size-medium wp-image-4780 aligncenter\" src=\"https:\/\/i0.wp.com\/www.agrund.com\/arquivo\/notas\/files\/2011\/02\/jeremy-scott-swatch-00-279x300.jpg?resize=279%2C300\" alt=\"\" width=\"279\" height=\"300\" data-recalc-dims=\"1\" \/><\/p>\n<p style=\"text-align: center\"><img decoding=\"async\" loading=\"lazy\" class=\"size-full wp-image-4781 aligncenter\" src=\"https:\/\/i0.wp.com\/www.agrund.com\/arquivo\/notas\/files\/2011\/02\/jeremy-scott-swatch-01.jpg?resize=456%2C1038\" alt=\"\" width=\"456\" height=\"1038\" data-recalc-dims=\"1\" \/><\/p>\n<p style=\"text-align: center\"><img decoding=\"async\" loading=\"lazy\" class=\"aligncenter size-full wp-image-4782\" src=\"https:\/\/i0.wp.com\/www.agrund.com\/arquivo\/notas\/files\/2011\/02\/jeremy-scott-swatch-02.jpg?resize=456%2C1039\" alt=\"\" width=\"456\" height=\"1039\" data-recalc-dims=\"1\" \/><img decoding=\"async\" loading=\"lazy\" class=\"aligncenter size-full wp-image-4783\" src=\"https:\/\/i0.wp.com\/www.agrund.com\/arquivo\/notas\/files\/2011\/02\/jeremy-scott-swatch-03.jpg?resize=456%2C1054\" alt=\"\" width=\"456\" height=\"1054\" data-recalc-dims=\"1\" \/><\/p>\n","protected":false},"excerpt":{"rendered":"<p>Ainda mais bem sucedidas do que as cole\u00e7\u00f5es de Jeremy Scott, s\u00e3o suas parcerias. Alem de sua cole\u00e7\u00e3o para a Adidas, agora o estilista se juntou para a Swatch para criar uma linha exclusiva de rel\u00f3gios. Todos com a sua cara e estilo \u2013 divertidos, com um ar de desenho animado e, claro, com asinhas. [&hellip;]<\/p>\n","protected":false},"author":8,"featured_media":4780,"comment_status":"open","ping_status":"open","sticky":false,"template":"","format":"standard","meta":{"jetpack_post_was_ever_published":false,"_jetpack_newsletter_access":"","jetpack_publicize_message":"","jetpack_is_tweetstorm":false,"jetpack_publicize_feature_enabled":true,"jetpack_social_post_already_shared":false,"jetpack_social_options":{"image_generator_settings":{"template":"highway","enabled":false}}},"categories":[2],"tags":[],"jetpack_publicize_connections":[],"jetpack_featured_media_url":"","jetpack_sharing_enabled":true,"jetpack_shortlink":"https:\/\/wp.me\/p3Hz0n-1f5","jetpack_likes_enabled":true,"_links":{"self":[{"href":"https:\/\/agrund.com\/index.php\/wp-json\/wp\/v2\/posts\/4779"}],"collection":[{"href":"https:\/\/agrund.com\/index.php\/wp-json\/wp\/v2\/posts"}],"about":[{"href":"https:\/\/agrund.com\/index.php\/wp-json\/wp\/v2\/types\/post"}],"author":[{"embeddable":true,"href":"https:\/\/agrund.com\/index.php\/wp-json\/wp\/v2\/users\/8"}],"replies":[{"embeddable":true,"href":"https:\/\/agrund.com\/index.php\/wp-json\/wp\/v2\/comments?post=4779"}],"version-history":[{"count":0,"href":"https:\/\/agrund.com\/index.php\/wp-json\/wp\/v2\/posts\/4779\/revisions"}],"wp:featuredmedia":[{"embeddable":true,"href":"https:\/\/agrund.com\/index.php\/wp-json\/"}],"wp:attachment":[{"href":"https:\/\/agrund.com\/index.php\/wp-json\/wp\/v2\/media?parent=4779"}],"wp:term":[{"taxonomy":"category","embeddable":true,"href":"https:\/\/agrund.com\/index.php\/wp-json\/wp\/v2\/categories?post=4779"},{"taxonomy":"post_tag","embeddable":true,"href":"https:\/\/agrund.com\/index.php\/wp-json\/wp\/v2\/tags?post=4779"}],"curies":[{"name":"wp","href":"https:\/\/api.w.org\/{rel}","templated":true}]}}