{"id":47601,"date":"2012-10-08T14:00:41","date_gmt":"2012-10-08T17:00:41","guid":{"rendered":"http:\/\/www.agrund.com\/?p=47601"},"modified":"2012-10-08T14:00:41","modified_gmt":"2012-10-08T17:00:41","slug":"editorial-jeans-para-mymag","status":"publish","type":"post","link":"https:\/\/agrund.com\/index.php\/editorial-jeans-para-mymag\/","title":{"rendered":"Editorial \u2013 Jeans para MyMag"},"content":{"rendered":"<p>Gente, olha que legal esse editorial. As fotos foram para a revista MyMag. O styling \u00e9 meu e do Arlindo e as fotos s\u00e3o do querido Luis Crispino. Aqui, dissecamos o jeans e trouxemos a licen\u00e7a po\u00e9tica que o editorial nos permite para criarmos looks modernos e ousados. Confira as fotos e aguardo seus coment\u00e1rios. Bjo Fabio!<\/p>\n<div id=\"attachment_47609\" style=\"width: 560px\" class=\"wp-caption aligncenter\"><a class=\"lightbox\" title=\"Editorial \u2013 Jeans para MyMag\" href=\"https:\/\/i0.wp.com\/www.agrund.com\/wp-content\/uploads\/2012\/10\/MM8.jpg\"><img aria-describedby=\"caption-attachment-47609\" decoding=\"async\" loading=\"lazy\" class=\"size-full wp-image-47609\" title=\"Editorial \u2013 Jeans para MyMag\" src=\"https:\/\/i0.wp.com\/www.agrund.com\/wp-content\/uploads\/2012\/10\/MM8.jpg?resize=550%2C718\" alt=\"Editorial \u2013 Jeans para MyMag\" width=\"550\" height=\"718\" data-recalc-dims=\"1\" \/><\/a><p id=\"caption-attachment-47609\" class=\"wp-caption-text\">Editorial \u2013 Jeans para MyMag<\/p><\/div>\n<div id=\"attachment_47608\" style=\"width: 560px\" class=\"wp-caption aligncenter\"><a class=\"lightbox\" title=\"Editorial \u2013 Jeans para MyMag\" href=\"https:\/\/i0.wp.com\/www.agrund.com\/wp-content\/uploads\/2012\/10\/MM7.jpg\"><img aria-describedby=\"caption-attachment-47608\" decoding=\"async\" loading=\"lazy\" class=\"size-full wp-image-47608\" title=\"Editorial \u2013 Jeans para MyMag\" src=\"https:\/\/i0.wp.com\/www.agrund.com\/wp-content\/uploads\/2012\/10\/MM7.jpg?resize=550%2C718\" alt=\"Editorial \u2013 Jeans para MyMag\" width=\"550\" height=\"718\" data-recalc-dims=\"1\" \/><\/a><p id=\"caption-attachment-47608\" class=\"wp-caption-text\">Editorial \u2013 Jeans para MyMag<\/p><\/div>\n<div id=\"attachment_47607\" style=\"width: 560px\" class=\"wp-caption aligncenter\"><a class=\"lightbox\" title=\"Editorial \u2013 Jeans para MyMag\" href=\"https:\/\/i0.wp.com\/www.agrund.com\/wp-content\/uploads\/2012\/10\/MM6.jpg\"><img aria-describedby=\"caption-attachment-47607\" decoding=\"async\" loading=\"lazy\" class=\"size-full wp-image-47607\" title=\"Editorial \u2013 Jeans para MyMag\" src=\"https:\/\/i0.wp.com\/www.agrund.com\/wp-content\/uploads\/2012\/10\/MM6.jpg?resize=550%2C718\" alt=\"Editorial \u2013 Jeans para MyMag\" width=\"550\" height=\"718\" data-recalc-dims=\"1\" \/><\/a><p id=\"caption-attachment-47607\" class=\"wp-caption-text\">Editorial \u2013 Jeans para MyMag<\/p><\/div>\n<div id=\"attachment_47606\" style=\"width: 560px\" class=\"wp-caption aligncenter\"><a class=\"lightbox\" title=\"Editorial \u2013 Jeans para MyMag\" href=\"https:\/\/i0.wp.com\/www.agrund.com\/wp-content\/uploads\/2012\/10\/MM5.jpg\"><img aria-describedby=\"caption-attachment-47606\" decoding=\"async\" loading=\"lazy\" class=\"size-full wp-image-47606\" title=\"Editorial \u2013 Jeans para MyMag\" src=\"https:\/\/i0.wp.com\/www.agrund.com\/wp-content\/uploads\/2012\/10\/MM5.jpg?resize=550%2C718\" alt=\"Editorial \u2013 Jeans para MyMag\" width=\"550\" height=\"718\" data-recalc-dims=\"1\" \/><\/a><p id=\"caption-attachment-47606\" class=\"wp-caption-text\">Editorial \u2013 Jeans para MyMag<\/p><\/div>\n<div id=\"attachment_47605\" style=\"width: 560px\" class=\"wp-caption aligncenter\"><a class=\"lightbox\" title=\"Editorial \u2013 Jeans para MyMag\" href=\"https:\/\/i0.wp.com\/www.agrund.com\/wp-content\/uploads\/2012\/10\/MM4.jpg\"><img aria-describedby=\"caption-attachment-47605\" decoding=\"async\" loading=\"lazy\" class=\"size-full wp-image-47605\" title=\"Editorial \u2013 Jeans para MyMag\" src=\"https:\/\/i0.wp.com\/www.agrund.com\/wp-content\/uploads\/2012\/10\/MM4.jpg?resize=550%2C718\" alt=\"Editorial \u2013 Jeans para MyMag\" width=\"550\" height=\"718\" data-recalc-dims=\"1\" \/><\/a><p id=\"caption-attachment-47605\" class=\"wp-caption-text\">Editorial \u2013 Jeans para MyMag<\/p><\/div>\n<div id=\"attachment_47604\" style=\"width: 560px\" class=\"wp-caption aligncenter\"><a class=\"lightbox\" title=\"Editorial \u2013 Jeans para MyMag\" href=\"https:\/\/i0.wp.com\/www.agrund.com\/wp-content\/uploads\/2012\/10\/MM3.jpg\"><img aria-describedby=\"caption-attachment-47604\" decoding=\"async\" loading=\"lazy\" class=\"size-full wp-image-47604\" title=\"Editorial \u2013 Jeans para MyMag\" src=\"https:\/\/i0.wp.com\/www.agrund.com\/wp-content\/uploads\/2012\/10\/MM3.jpg?resize=550%2C719\" alt=\"Editorial \u2013 Jeans para MyMag\" width=\"550\" height=\"719\" data-recalc-dims=\"1\" \/><\/a><p id=\"caption-attachment-47604\" class=\"wp-caption-text\">Editorial \u2013 Jeans para MyMag<\/p><\/div>\n<div id=\"attachment_47603\" style=\"width: 560px\" class=\"wp-caption aligncenter\"><a class=\"lightbox\" title=\"Editorial \u2013 Jeans para MyMag\" href=\"https:\/\/i0.wp.com\/www.agrund.com\/wp-content\/uploads\/2012\/10\/MM2.jpg\"><img aria-describedby=\"caption-attachment-47603\" decoding=\"async\" loading=\"lazy\" class=\"size-full wp-image-47603\" title=\"Editorial \u2013 Jeans para MyMag\" src=\"https:\/\/i0.wp.com\/www.agrund.com\/wp-content\/uploads\/2012\/10\/MM2.jpg?resize=550%2C719\" alt=\"Editorial \u2013 Jeans para MyMag\" width=\"550\" height=\"719\" data-recalc-dims=\"1\" \/><\/a><p id=\"caption-attachment-47603\" class=\"wp-caption-text\">Editorial \u2013 Jeans para MyMag<\/p><\/div>\n<div id=\"attachment_47602\" style=\"width: 560px\" class=\"wp-caption aligncenter\"><a class=\"lightbox\" title=\"Editorial \u2013 Jeans para MyMag\" href=\"https:\/\/i0.wp.com\/www.agrund.com\/wp-content\/uploads\/2012\/10\/MM1.jpg\"><img aria-describedby=\"caption-attachment-47602\" decoding=\"async\" loading=\"lazy\" class=\"size-full wp-image-47602\" title=\"Editorial \u2013 Jeans para MyMag\" src=\"https:\/\/i0.wp.com\/www.agrund.com\/wp-content\/uploads\/2012\/10\/MM1.jpg?resize=550%2C718\" alt=\"Editorial \u2013 Jeans para MyMag\" width=\"550\" height=\"718\" data-recalc-dims=\"1\" \/><\/a><p id=\"caption-attachment-47602\" class=\"wp-caption-text\">Editorial \u2013 Jeans para MyMag<\/p><\/div>\n<div id=\"attachment_47610\" style=\"width: 560px\" class=\"wp-caption aligncenter\"><a class=\"lightbox\" title=\"Editorial \u2013 Jeans para MyMag\" href=\"https:\/\/i0.wp.com\/www.agrund.com\/wp-content\/uploads\/2012\/10\/MM9.jpg\"><img aria-describedby=\"caption-attachment-47610\" decoding=\"async\" loading=\"lazy\" class=\"size-full wp-image-47610\" title=\"Editorial \u2013 Jeans para MyMag\" src=\"https:\/\/i0.wp.com\/www.agrund.com\/wp-content\/uploads\/2012\/10\/MM9.jpg?resize=550%2C719\" alt=\"Editorial \u2013 Jeans para MyMag\" width=\"550\" height=\"719\" data-recalc-dims=\"1\" \/><\/a><p id=\"caption-attachment-47610\" class=\"wp-caption-text\">Editorial \u2013 Jeans para MyMag<\/p><\/div>\n<p>&nbsp;<\/p>\n","protected":false},"excerpt":{"rendered":"<p>Gente, olha que legal esse editorial. As fotos foram para a revista MyMag. O styling \u00e9 meu e do Arlindo e as fotos s\u00e3o do querido Luis Crispino. Aqui, dissecamos o jeans e trouxemos a licen\u00e7a po\u00e9tica que o editorial nos permite para criarmos looks modernos e ousados. Confira as fotos e aguardo seus coment\u00e1rios. [&hellip;]<\/p>\n","protected":false},"author":8,"featured_media":47611,"comment_status":"open","ping_status":"open","sticky":false,"template":"","format":"standard","meta":{"jetpack_post_was_ever_published":false,"_jetpack_newsletter_access":"","jetpack_publicize_message":"","jetpack_is_tweetstorm":false,"jetpack_publicize_feature_enabled":true,"jetpack_social_post_already_shared":false,"jetpack_social_options":{"image_generator_settings":{"template":"highway","enabled":false}}},"categories":[6],"tags":[],"jetpack_publicize_connections":[],"jetpack_featured_media_url":"","jetpack_sharing_enabled":true,"jetpack_shortlink":"https:\/\/wp.me\/p3Hz0n-cnL","jetpack_likes_enabled":true,"_links":{"self":[{"href":"https:\/\/agrund.com\/index.php\/wp-json\/wp\/v2\/posts\/47601"}],"collection":[{"href":"https:\/\/agrund.com\/index.php\/wp-json\/wp\/v2\/posts"}],"about":[{"href":"https:\/\/agrund.com\/index.php\/wp-json\/wp\/v2\/types\/post"}],"author":[{"embeddable":true,"href":"https:\/\/agrund.com\/index.php\/wp-json\/wp\/v2\/users\/8"}],"replies":[{"embeddable":true,"href":"https:\/\/agrund.com\/index.php\/wp-json\/wp\/v2\/comments?post=47601"}],"version-history":[{"count":0,"href":"https:\/\/agrund.com\/index.php\/wp-json\/wp\/v2\/posts\/47601\/revisions"}],"wp:featuredmedia":[{"embeddable":true,"href":"https:\/\/agrund.com\/index.php\/wp-json\/"}],"wp:attachment":[{"href":"https:\/\/agrund.com\/index.php\/wp-json\/wp\/v2\/media?parent=47601"}],"wp:term":[{"taxonomy":"category","embeddable":true,"href":"https:\/\/agrund.com\/index.php\/wp-json\/wp\/v2\/categories?post=47601"},{"taxonomy":"post_tag","embeddable":true,"href":"https:\/\/agrund.com\/index.php\/wp-json\/wp\/v2\/tags?post=47601"}],"curies":[{"name":"wp","href":"https:\/\/api.w.org\/{rel}","templated":true}]}}