{"id":47379,"date":"2012-10-04T16:00:55","date_gmt":"2012-10-04T19:00:55","guid":{"rendered":"http:\/\/www.agrund.com\/?p=47379"},"modified":"2012-10-04T16:00:55","modified_gmt":"2012-10-04T19:00:55","slug":"isabeli-fontana-e-morena-rosa-desenvolvem-estampas-para-campanha-beneficente","status":"publish","type":"post","link":"https:\/\/agrund.com\/index.php\/isabeli-fontana-e-morena-rosa-desenvolvem-estampas-para-campanha-beneficente\/","title":{"rendered":"Isabeli Fontana e Morena Rosa desenvolvem estampas para campanha beneficente"},"content":{"rendered":"<p>A top Isabeli Fontana, junto com a Morena Rosa e a Funda\u00e7\u00e3o Abrinq \u2013 Save the Children , se uniram para o projeto One Love. O objetivo do projeto \u00e9 arrecadar fundos para a institui\u00e7\u00e3o e para isso, Isabeli desenvolveu estampas para modelos de biqu\u00ednis exclusivos. A cada produto vendido ser\u00e3o revertidos R$ 10,00 para a Funda\u00e7\u00e3o Abrinq e voc\u00ea j\u00e1 pode encontr\u00e1-los nas lojas Morena Rosa de todo o Brasil.<\/p>\n<div id=\"attachment_47380\" style=\"width: 570px\" class=\"wp-caption aligncenter\"><a class=\"lightbox\" title=\"Isabeli Fontana e Morena Rosa desenvolvem estampas para campanha beneficente\" href=\"https:\/\/i0.wp.com\/www.agrund.com\/wp-content\/uploads\/2012\/10\/isabeli-fontana-one-love-campanha-beneficente.jpg\"><img aria-describedby=\"caption-attachment-47380\" decoding=\"async\" loading=\"lazy\" class=\" wp-image-47380 \" title=\"Isabeli Fontana e Morena Rosa desenvolvem estampas para campanha beneficente\" src=\"https:\/\/i0.wp.com\/www.agrund.com\/wp-content\/uploads\/2012\/10\/isabeli-fontana-one-love-campanha-beneficente.jpg?resize=560%2C400\" alt=\"Isabeli Fontana e Morena Rosa desenvolvem estampas para campanha beneficente\" width=\"560\" height=\"400\" data-recalc-dims=\"1\" \/><\/a><p id=\"caption-attachment-47380\" class=\"wp-caption-text\">Isabeli Fontana e Morena Rosa desenvolvem estampas para campanha beneficente<\/p><\/div>\n<p>Imagem: Reprodu\u00e7\u00e3o.<\/p>\n","protected":false},"excerpt":{"rendered":"<p>A top Isabeli Fontana, junto com a Morena Rosa e a Funda\u00e7\u00e3o Abrinq \u2013 Save the Children , se uniram para o projeto One Love. O objetivo do projeto \u00e9 arrecadar fundos para a institui\u00e7\u00e3o e para isso, Isabeli desenvolveu estampas para modelos de biqu\u00ednis exclusivos. A cada produto vendido ser\u00e3o revertidos R$ 10,00 para [&hellip;]<\/p>\n","protected":false},"author":8,"featured_media":47381,"comment_status":"open","ping_status":"open","sticky":false,"template":"","format":"standard","meta":{"jetpack_post_was_ever_published":false,"_jetpack_newsletter_access":"","jetpack_publicize_message":"","jetpack_is_tweetstorm":false,"jetpack_publicize_feature_enabled":true,"jetpack_social_post_already_shared":false,"jetpack_social_options":{"image_generator_settings":{"template":"highway","enabled":false}}},"categories":[2],"tags":[],"jetpack_publicize_connections":[],"jetpack_featured_media_url":"","jetpack_sharing_enabled":true,"jetpack_shortlink":"https:\/\/wp.me\/p3Hz0n-ckb","jetpack_likes_enabled":true,"_links":{"self":[{"href":"https:\/\/agrund.com\/index.php\/wp-json\/wp\/v2\/posts\/47379"}],"collection":[{"href":"https:\/\/agrund.com\/index.php\/wp-json\/wp\/v2\/posts"}],"about":[{"href":"https:\/\/agrund.com\/index.php\/wp-json\/wp\/v2\/types\/post"}],"author":[{"embeddable":true,"href":"https:\/\/agrund.com\/index.php\/wp-json\/wp\/v2\/users\/8"}],"replies":[{"embeddable":true,"href":"https:\/\/agrund.com\/index.php\/wp-json\/wp\/v2\/comments?post=47379"}],"version-history":[{"count":0,"href":"https:\/\/agrund.com\/index.php\/wp-json\/wp\/v2\/posts\/47379\/revisions"}],"wp:featuredmedia":[{"embeddable":true,"href":"https:\/\/agrund.com\/index.php\/wp-json\/"}],"wp:attachment":[{"href":"https:\/\/agrund.com\/index.php\/wp-json\/wp\/v2\/media?parent=47379"}],"wp:term":[{"taxonomy":"category","embeddable":true,"href":"https:\/\/agrund.com\/index.php\/wp-json\/wp\/v2\/categories?post=47379"},{"taxonomy":"post_tag","embeddable":true,"href":"https:\/\/agrund.com\/index.php\/wp-json\/wp\/v2\/tags?post=47379"}],"curies":[{"name":"wp","href":"https:\/\/api.w.org\/{rel}","templated":true}]}}