{"id":4703,"date":"2011-02-15T10:48:19","date_gmt":"2011-02-15T12:48:19","guid":{"rendered":"http:\/\/www.agrund.com\/blogs\/notas\/?p=4703"},"modified":"2011-02-15T10:48:19","modified_gmt":"2011-02-15T12:48:19","slug":"open-day-no-ied-sp","status":"publish","type":"post","link":"https:\/\/agrund.com\/index.php\/open-day-no-ied-sp\/","title":{"rendered":"Open Day no IED SP"},"content":{"rendered":"<p>O Istituto Europeo di Design (IED) tem uma proposta de Open Day super interessante. Neste dia, al\u00e9m da faculdade estar aberta para quem quiser conhecer os cursos e professores, acontece um workshop criativo onde os participantes recebem um briefing para completar um projeto. \u00a0O tema \u00e9 Design Emocional, e os inscritos ser\u00e3o orientados a criar um objeto a partir de\u00a0 materiais alternativos como alimentos, canudos, tecidos e madeira. Uma comiss\u00e3o julgadora formada por professores ir\u00e1 eleger o grupo vencedor, que receber\u00e1 <strong>desconto de 20% na matr\u00edcula <\/strong>do curso escolhido. Se voc\u00ea tem interesse em algum dos cursos da escola, n\u00e3o pode perder!<\/p>\n<p style=\"text-align: center\">\u00a0<a href=\"https:\/\/i0.wp.com\/www.agrund.com\/files\/2011\/02\/logoied.jpg\"><img decoding=\"async\" loading=\"lazy\" class=\"aligncenter size-full wp-image-4704\" src=\"https:\/\/i0.wp.com\/www.agrund.com\/arquivo\/notas\/files\/2011\/02\/logoied.jpg?resize=425%2C191\" alt=\"\" width=\"425\" height=\"191\" data-recalc-dims=\"1\" \/><\/a><\/p>\n<p><strong>Open Day<\/strong><\/p>\n<p><strong>Data:<\/strong> 16 de fevereiro de 2011<\/p>\n<p><strong>Local:<\/strong> IED &#8211; Istituto Europeo di Design &#8211; R. Maranh\u00e3o, 617 &#8211; SP<\/p>\n<p><strong>Hor\u00e1rio: <\/strong>das 13h \u00e0s 19h<\/p>\n<p><strong>Inscri\u00e7\u00f5es e Informa\u00e7\u00f5es:<\/strong> 3660-8000 ou d.iatcekiw@ied.edu.br<\/p>\n","protected":false},"excerpt":{"rendered":"<p>O Istituto Europeo di Design (IED) tem uma proposta de Open Day super interessante. Neste dia, al\u00e9m da faculdade estar aberta para quem quiser conhecer os cursos e professores, acontece um workshop criativo onde os participantes recebem um briefing para completar um projeto. \u00a0O tema \u00e9 Design Emocional, e os inscritos ser\u00e3o orientados a criar [&hellip;]<\/p>\n","protected":false},"author":8,"featured_media":4704,"comment_status":"open","ping_status":"open","sticky":false,"template":"","format":"standard","meta":{"jetpack_post_was_ever_published":false,"_jetpack_newsletter_access":"","jetpack_publicize_message":"","jetpack_is_tweetstorm":false,"jetpack_publicize_feature_enabled":true,"jetpack_social_post_already_shared":false,"jetpack_social_options":{"image_generator_settings":{"template":"highway","enabled":false}}},"categories":[2],"tags":[],"jetpack_publicize_connections":[],"jetpack_featured_media_url":"","jetpack_sharing_enabled":true,"jetpack_shortlink":"https:\/\/wp.me\/p3Hz0n-1dR","jetpack_likes_enabled":true,"_links":{"self":[{"href":"https:\/\/agrund.com\/index.php\/wp-json\/wp\/v2\/posts\/4703"}],"collection":[{"href":"https:\/\/agrund.com\/index.php\/wp-json\/wp\/v2\/posts"}],"about":[{"href":"https:\/\/agrund.com\/index.php\/wp-json\/wp\/v2\/types\/post"}],"author":[{"embeddable":true,"href":"https:\/\/agrund.com\/index.php\/wp-json\/wp\/v2\/users\/8"}],"replies":[{"embeddable":true,"href":"https:\/\/agrund.com\/index.php\/wp-json\/wp\/v2\/comments?post=4703"}],"version-history":[{"count":0,"href":"https:\/\/agrund.com\/index.php\/wp-json\/wp\/v2\/posts\/4703\/revisions"}],"wp:featuredmedia":[{"embeddable":true,"href":"https:\/\/agrund.com\/index.php\/wp-json\/"}],"wp:attachment":[{"href":"https:\/\/agrund.com\/index.php\/wp-json\/wp\/v2\/media?parent=4703"}],"wp:term":[{"taxonomy":"category","embeddable":true,"href":"https:\/\/agrund.com\/index.php\/wp-json\/wp\/v2\/categories?post=4703"},{"taxonomy":"post_tag","embeddable":true,"href":"https:\/\/agrund.com\/index.php\/wp-json\/wp\/v2\/tags?post=4703"}],"curies":[{"name":"wp","href":"https:\/\/api.w.org\/{rel}","templated":true}]}}