{"id":46769,"date":"2012-10-01T21:30:30","date_gmt":"2012-10-02T00:30:30","guid":{"rendered":"http:\/\/www.agrund.com\/?p=46769"},"modified":"2012-10-01T21:30:30","modified_gmt":"2012-10-02T00:30:30","slug":"sandalias-rider-duo-e-a-aposta-para-o-verao","status":"publish","type":"post","link":"https:\/\/agrund.com\/index.php\/sandalias-rider-duo-e-a-aposta-para-o-verao\/","title":{"rendered":"Sand\u00e1lias -Rider Duo \u00e9 a aposta  para o ver\u00e3o"},"content":{"rendered":"<p>A Rider traz para a cole\u00e7\u00e3o de ver\u00e3o o conceito do color bloking, tend\u00eancia de moda para a esta\u00e7\u00e3o mais quente do ano, traduzida para o p\u00fablico masculino. A Rider Duo tem seu design arrojado, esportivo, linhas flu\u00eddas e formato anat\u00f4mico. Tem como principal objetivo oferecer conforto e leveza ao andar.\u00a0Com tiras bicolores largas e de diferentes densidades, al\u00e9m de palmilhas em EVA, que tornam prazerosa a sensa\u00e7\u00e3o de cal\u00e7ar. O lan\u00e7amento promete ser um\u00a0<em>hit<\/em>\u00a0da marca. Gostou?<\/p>\n<p>&nbsp;<\/p>\n<div id=\"attachment_46772\" style=\"width: 460px\" class=\"wp-caption aligncenter\"><a class=\"lightbox\" title=\"Sand\u00e1lias -Rider Duo \u00e9 a aposta  para o ver\u00e3o\" href=\"https:\/\/i0.wp.com\/www.agrund.com\/wp-content\/uploads\/2012\/10\/10820-Rider-Duo-cor-22629-verde-e-cinza-R-3499.jpg\"><img aria-describedby=\"caption-attachment-46772\" decoding=\"async\" loading=\"lazy\" class=\"size-full wp-image-46772\" title=\"Sand\u00e1lias -Rider Duo \u00e9 a aposta  para o ver\u00e3o\" src=\"https:\/\/i0.wp.com\/www.agrund.com\/wp-content\/uploads\/2012\/10\/10820-Rider-Duo-cor-22629-verde-e-cinza-R-3499.jpg?resize=450%2C338\" alt=\"Sand\u00e1lias -Rider Duo \u00e9 a aposta  para o ver\u00e3o\" width=\"450\" height=\"338\" data-recalc-dims=\"1\" \/><\/a><p id=\"caption-attachment-46772\" class=\"wp-caption-text\">Sand\u00e1lias -Rider Duo \u00e9 a aposta para o ver\u00e3o<\/p><\/div>\n<div id=\"attachment_46771\" style=\"width: 460px\" class=\"wp-caption aligncenter\"><a class=\"lightbox\" title=\"Sand\u00e1lias -Rider Duo \u00e9 a aposta  para o ver\u00e3o\" href=\"https:\/\/i0.wp.com\/www.agrund.com\/wp-content\/uploads\/2012\/10\/10820-Rider-Duo-cor-22615-amarelo-+-Cinza-R-3499.jpg\"><img aria-describedby=\"caption-attachment-46771\" decoding=\"async\" loading=\"lazy\" class=\"size-full wp-image-46771\" title=\"Sand\u00e1lias -Rider Duo \u00e9 a aposta  para o ver\u00e3o\" src=\"https:\/\/i0.wp.com\/www.agrund.com\/wp-content\/uploads\/2012\/10\/10820-Rider-Duo-cor-22615-amarelo-+-Cinza-R-3499.jpg?resize=450%2C338\" alt=\"Sand\u00e1lias -Rider Duo \u00e9 a aposta  para o ver\u00e3o\" width=\"450\" height=\"338\" data-recalc-dims=\"1\" \/><\/a><p id=\"caption-attachment-46771\" class=\"wp-caption-text\">Sand\u00e1lias -Rider Duo \u00e9 a aposta para o ver\u00e3o<\/p><\/div>\n<div id=\"attachment_46770\" style=\"width: 460px\" class=\"wp-caption aligncenter\"><a class=\"lightbox\" title=\"Sand\u00e1lias -Rider Duo \u00e9 a aposta  para o ver\u00e3o\" href=\"https:\/\/i0.wp.com\/www.agrund.com\/wp-content\/uploads\/2012\/10\/10820-Rider-Duo-cor-21929-azul+cinza-R3499.jpg\"><img aria-describedby=\"caption-attachment-46770\" decoding=\"async\" loading=\"lazy\" class=\"size-full wp-image-46770\" title=\"Sand\u00e1lias -Rider Duo \u00e9 a aposta  para o ver\u00e3o\" src=\"https:\/\/i0.wp.com\/www.agrund.com\/wp-content\/uploads\/2012\/10\/10820-Rider-Duo-cor-21929-azul+cinza-R3499.jpg?resize=450%2C338\" alt=\"Sand\u00e1lias -Rider Duo \u00e9 a aposta  para o ver\u00e3o\" width=\"450\" height=\"338\" data-recalc-dims=\"1\" \/><\/a><p id=\"caption-attachment-46770\" class=\"wp-caption-text\">Sand\u00e1lias -Rider Duo \u00e9 a aposta para o ver\u00e3o<\/p><\/div>\n<p>Imagens: Divulga\u00e7\u00e3o.<\/p>\n","protected":false},"excerpt":{"rendered":"<p>A Rider traz para a cole\u00e7\u00e3o de ver\u00e3o o conceito do color bloking, tend\u00eancia de moda para a esta\u00e7\u00e3o mais quente do ano, traduzida para o p\u00fablico masculino. A Rider Duo tem seu design arrojado, esportivo, linhas flu\u00eddas e formato anat\u00f4mico. Tem como principal objetivo oferecer conforto e leveza ao andar.\u00a0Com tiras bicolores largas e [&hellip;]<\/p>\n","protected":false},"author":8,"featured_media":46773,"comment_status":"open","ping_status":"open","sticky":false,"template":"","format":"standard","meta":{"jetpack_post_was_ever_published":false,"_jetpack_newsletter_access":"","jetpack_publicize_message":"","jetpack_is_tweetstorm":false,"jetpack_publicize_feature_enabled":true,"jetpack_social_post_already_shared":false,"jetpack_social_options":{"image_generator_settings":{"template":"highway","enabled":false}}},"categories":[6],"tags":[],"jetpack_publicize_connections":[],"jetpack_featured_media_url":"","jetpack_sharing_enabled":true,"jetpack_shortlink":"https:\/\/wp.me\/p3Hz0n-cal","jetpack_likes_enabled":true,"_links":{"self":[{"href":"https:\/\/agrund.com\/index.php\/wp-json\/wp\/v2\/posts\/46769"}],"collection":[{"href":"https:\/\/agrund.com\/index.php\/wp-json\/wp\/v2\/posts"}],"about":[{"href":"https:\/\/agrund.com\/index.php\/wp-json\/wp\/v2\/types\/post"}],"author":[{"embeddable":true,"href":"https:\/\/agrund.com\/index.php\/wp-json\/wp\/v2\/users\/8"}],"replies":[{"embeddable":true,"href":"https:\/\/agrund.com\/index.php\/wp-json\/wp\/v2\/comments?post=46769"}],"version-history":[{"count":0,"href":"https:\/\/agrund.com\/index.php\/wp-json\/wp\/v2\/posts\/46769\/revisions"}],"wp:featuredmedia":[{"embeddable":true,"href":"https:\/\/agrund.com\/index.php\/wp-json\/"}],"wp:attachment":[{"href":"https:\/\/agrund.com\/index.php\/wp-json\/wp\/v2\/media?parent=46769"}],"wp:term":[{"taxonomy":"category","embeddable":true,"href":"https:\/\/agrund.com\/index.php\/wp-json\/wp\/v2\/categories?post=46769"},{"taxonomy":"post_tag","embeddable":true,"href":"https:\/\/agrund.com\/index.php\/wp-json\/wp\/v2\/tags?post=46769"}],"curies":[{"name":"wp","href":"https:\/\/api.w.org\/{rel}","templated":true}]}}