{"id":46661,"date":"2012-10-01T12:00:07","date_gmt":"2012-10-01T15:00:07","guid":{"rendered":"http:\/\/www.agrund.com\/?p=46661"},"modified":"2012-10-01T12:00:07","modified_gmt":"2012-10-01T15:00:07","slug":"bazar-imperdivel-2","status":"publish","type":"post","link":"https:\/\/agrund.com\/index.php\/bazar-imperdivel-2\/","title":{"rendered":"Bazar Imperd\u00edvel"},"content":{"rendered":"<p>Entre os dias 5 e 7 de outubro, a marca masculina Korda estar\u00e1 com um bazar de cole\u00e7\u00f5es passadas com descontos de at\u00e9 90% em todas as pe\u00e7as.Veja algumas sugest\u00f5es!<\/p>\n<div id=\"attachment_46668\" style=\"width: 460px\" class=\"wp-caption aligncenter\"><a class=\"lightbox\" title=\"bazar3\" href=\"https:\/\/i0.wp.com\/www.agrund.com\/wp-content\/uploads\/2012\/10\/bazar31.jpg\"><img aria-describedby=\"caption-attachment-46668\" decoding=\"async\" loading=\"lazy\" class=\"size-full wp-image-46668\" title=\"bazar3\" src=\"https:\/\/i0.wp.com\/www.agrund.com\/wp-content\/uploads\/2012\/10\/bazar31.jpg?resize=450%2C564\" alt=\"\" width=\"450\" height=\"564\" data-recalc-dims=\"1\" \/><\/a><p id=\"caption-attachment-46668\" class=\"wp-caption-text\">Bermuda em sarja de R$279,00 por R$40,00<\/p><\/div>\n<div id=\"attachment_46666\" style=\"width: 460px\" class=\"wp-caption aligncenter\"><a class=\"lightbox\" title=\"Bazar Imperd\u00edvel\" href=\"https:\/\/i0.wp.com\/www.agrund.com\/wp-content\/uploads\/2012\/10\/bazar4.jpg\"><img aria-describedby=\"caption-attachment-46666\" decoding=\"async\" loading=\"lazy\" class=\"size-full wp-image-46666\" title=\"Bazar Imperd\u00edvel\" src=\"https:\/\/i0.wp.com\/www.agrund.com\/wp-content\/uploads\/2012\/10\/bazar4.jpg?resize=450%2C507\" alt=\"Camiseta em malha de algod\u00e3o R$90,00 por R$20,00\" width=\"450\" height=\"507\" data-recalc-dims=\"1\" \/><\/a><p id=\"caption-attachment-46666\" class=\"wp-caption-text\">Camiseta em malha de algod\u00e3o R$90,00 por R$20,00<\/p><\/div>\n<div id=\"attachment_46664\" style=\"width: 460px\" class=\"wp-caption aligncenter\"><a class=\"lightbox\" title=\"bazar2\" href=\"https:\/\/i0.wp.com\/www.agrund.com\/wp-content\/uploads\/2012\/10\/bazar2.jpg\"><img aria-describedby=\"caption-attachment-46664\" decoding=\"async\" loading=\"lazy\" class=\"size-full wp-image-46664\" title=\"bazar2\" src=\"https:\/\/i0.wp.com\/www.agrund.com\/wp-content\/uploads\/2012\/10\/bazar2.jpg?resize=450%2C561\" alt=\"Blazer em linho R$890,00 por R$220,00\" width=\"450\" height=\"561\" data-recalc-dims=\"1\" \/><\/a><p id=\"caption-attachment-46664\" class=\"wp-caption-text\">Blazer em linho R$890,00 por R$220,00<\/p><\/div>\n<div id=\"attachment_46663\" style=\"width: 460px\" class=\"wp-caption aligncenter\"><a class=\"lightbox\" title=\"bazar1\" href=\"https:\/\/i0.wp.com\/www.agrund.com\/wp-content\/uploads\/2012\/10\/bazar1.jpg\"><img aria-describedby=\"caption-attachment-46663\" decoding=\"async\" loading=\"lazy\" class=\"size-full wp-image-46663\" title=\"bazar1\" src=\"https:\/\/i0.wp.com\/www.agrund.com\/wp-content\/uploads\/2012\/10\/bazar1.jpg?resize=450%2C538\" alt=\"Camisa de linho de R$325,00 por R$60,00\" width=\"450\" height=\"538\" data-recalc-dims=\"1\" \/><\/a><p id=\"caption-attachment-46663\" class=\"wp-caption-text\">Camisa de linho de R$325,00 por R$60,00<\/p><\/div>\n<p>&nbsp;<\/p>\n<div id=\"attachment_46662\" style=\"width: 460px\" class=\"wp-caption aligncenter\"><a class=\"lightbox\" title=\"bazar\" href=\"https:\/\/i0.wp.com\/www.agrund.com\/wp-content\/uploads\/2012\/10\/bazar.jpg\"><img aria-describedby=\"caption-attachment-46662\" decoding=\"async\" loading=\"lazy\" class=\"size-full wp-image-46662\" title=\"bazar\" src=\"https:\/\/i0.wp.com\/www.agrund.com\/wp-content\/uploads\/2012\/10\/bazar.jpg?resize=450%2C308\" alt=\"\" width=\"450\" height=\"308\" data-recalc-dims=\"1\" \/><\/a><p id=\"caption-attachment-46662\" class=\"wp-caption-text\">Bazar Imperd\u00edvel<\/p><\/div>\n<p>Imagens: Divulga\u00e7\u00e3o.<\/p>\n","protected":false},"excerpt":{"rendered":"<p>Entre os dias 5 e 7 de outubro, a marca masculina Korda estar\u00e1 com um bazar de cole\u00e7\u00f5es passadas com descontos de at\u00e9 90% em todas as pe\u00e7as.Veja algumas sugest\u00f5es! &nbsp; Imagens: Divulga\u00e7\u00e3o.<\/p>\n","protected":false},"author":8,"featured_media":46667,"comment_status":"open","ping_status":"open","sticky":false,"template":"","format":"standard","meta":{"jetpack_post_was_ever_published":false,"_jetpack_newsletter_access":"","jetpack_publicize_message":"","jetpack_is_tweetstorm":false,"jetpack_publicize_feature_enabled":true,"jetpack_social_post_already_shared":false,"jetpack_social_options":{"image_generator_settings":{"template":"highway","enabled":false}}},"categories":[6],"tags":[],"jetpack_publicize_connections":[],"jetpack_featured_media_url":"","jetpack_sharing_enabled":true,"jetpack_shortlink":"https:\/\/wp.me\/p3Hz0n-c8B","jetpack_likes_enabled":true,"_links":{"self":[{"href":"https:\/\/agrund.com\/index.php\/wp-json\/wp\/v2\/posts\/46661"}],"collection":[{"href":"https:\/\/agrund.com\/index.php\/wp-json\/wp\/v2\/posts"}],"about":[{"href":"https:\/\/agrund.com\/index.php\/wp-json\/wp\/v2\/types\/post"}],"author":[{"embeddable":true,"href":"https:\/\/agrund.com\/index.php\/wp-json\/wp\/v2\/users\/8"}],"replies":[{"embeddable":true,"href":"https:\/\/agrund.com\/index.php\/wp-json\/wp\/v2\/comments?post=46661"}],"version-history":[{"count":0,"href":"https:\/\/agrund.com\/index.php\/wp-json\/wp\/v2\/posts\/46661\/revisions"}],"wp:featuredmedia":[{"embeddable":true,"href":"https:\/\/agrund.com\/index.php\/wp-json\/"}],"wp:attachment":[{"href":"https:\/\/agrund.com\/index.php\/wp-json\/wp\/v2\/media?parent=46661"}],"wp:term":[{"taxonomy":"category","embeddable":true,"href":"https:\/\/agrund.com\/index.php\/wp-json\/wp\/v2\/categories?post=46661"},{"taxonomy":"post_tag","embeddable":true,"href":"https:\/\/agrund.com\/index.php\/wp-json\/wp\/v2\/tags?post=46661"}],"curies":[{"name":"wp","href":"https:\/\/api.w.org\/{rel}","templated":true}]}}