{"id":46121,"date":"2012-09-27T22:53:51","date_gmt":"2012-09-28T01:53:51","guid":{"rendered":"http:\/\/www.agrund.com\/?p=46121"},"modified":"2012-09-27T22:53:51","modified_gmt":"2012-09-28T01:53:51","slug":"gap-pode-abrir-primeira-loja-no-brasil-em-2014","status":"publish","type":"post","link":"https:\/\/agrund.com\/index.php\/gap-pode-abrir-primeira-loja-no-brasil-em-2014\/","title":{"rendered":"GAP pode abrir primeira loja no Brasil em 2014"},"content":{"rendered":"<p>A gigante norte-americana GAP chegar\u00e1 ao Brasil em 2014, segundo informa\u00e7\u00f5es do WWD. O vice-presidente de alian\u00e7as estrat\u00e9gicas do grupo, Stefan Laban, est\u00e1 \u00e0 procura de um parceiro para a abertura da primeira loja no pa\u00eds. \u201cO Brasil \u00e9 a grande porta da Am\u00e9rica Latina, mas tamb\u00e9m \u00e9 um mercado desafiador\u201d, disse Laban comentando sobre as taxas de importa\u00e7\u00e3o em nosso pa\u00eds. Vamos aguardar!<\/p>\n<div id=\"attachment_46123\" style=\"width: 560px\" class=\"wp-caption aligncenter\"><a class=\"lightbox\" title=\"GAP pode abrir primeira loja no Brasil em 2014\" href=\"https:\/\/i0.wp.com\/www.agrund.com\/wp-content\/uploads\/2012\/09\/The-Gap-Store-Tokyo.jpg\"><img aria-describedby=\"caption-attachment-46123\" decoding=\"async\" loading=\"lazy\" class=\"size-full wp-image-46123\" title=\"GAP pode abrir primeira loja no Brasil em 2014\" src=\"https:\/\/i0.wp.com\/www.agrund.com\/wp-content\/uploads\/2012\/09\/The-Gap-Store-Tokyo.jpg?resize=550%2C356\" alt=\"GAP pode abrir primeira loja no Brasil em 2014\" width=\"550\" height=\"356\" data-recalc-dims=\"1\" \/><\/a><p id=\"caption-attachment-46123\" class=\"wp-caption-text\">GAP pode abrir primeira loja no Brasil em 2014<\/p><\/div>\n<p>Imagem: Reprodu\u00e7\u00e3o.<\/p>\n","protected":false},"excerpt":{"rendered":"<p>A gigante norte-americana GAP chegar\u00e1 ao Brasil em 2014, segundo informa\u00e7\u00f5es do WWD. O vice-presidente de alian\u00e7as estrat\u00e9gicas do grupo, Stefan Laban, est\u00e1 \u00e0 procura de um parceiro para a abertura da primeira loja no pa\u00eds. \u201cO Brasil \u00e9 a grande porta da Am\u00e9rica Latina, mas tamb\u00e9m \u00e9 um mercado desafiador\u201d, disse Laban comentando sobre [&hellip;]<\/p>\n","protected":false},"author":8,"featured_media":46122,"comment_status":"open","ping_status":"open","sticky":false,"template":"","format":"standard","meta":{"jetpack_post_was_ever_published":false,"_jetpack_newsletter_access":"","jetpack_publicize_message":"","jetpack_is_tweetstorm":false,"jetpack_publicize_feature_enabled":true,"jetpack_social_post_already_shared":false,"jetpack_social_options":{"image_generator_settings":{"template":"highway","enabled":false}}},"categories":[2],"tags":[],"jetpack_publicize_connections":[],"jetpack_featured_media_url":"","jetpack_sharing_enabled":true,"jetpack_shortlink":"https:\/\/wp.me\/p3Hz0n-bZT","jetpack_likes_enabled":true,"_links":{"self":[{"href":"https:\/\/agrund.com\/index.php\/wp-json\/wp\/v2\/posts\/46121"}],"collection":[{"href":"https:\/\/agrund.com\/index.php\/wp-json\/wp\/v2\/posts"}],"about":[{"href":"https:\/\/agrund.com\/index.php\/wp-json\/wp\/v2\/types\/post"}],"author":[{"embeddable":true,"href":"https:\/\/agrund.com\/index.php\/wp-json\/wp\/v2\/users\/8"}],"replies":[{"embeddable":true,"href":"https:\/\/agrund.com\/index.php\/wp-json\/wp\/v2\/comments?post=46121"}],"version-history":[{"count":0,"href":"https:\/\/agrund.com\/index.php\/wp-json\/wp\/v2\/posts\/46121\/revisions"}],"wp:featuredmedia":[{"embeddable":true,"href":"https:\/\/agrund.com\/index.php\/wp-json\/"}],"wp:attachment":[{"href":"https:\/\/agrund.com\/index.php\/wp-json\/wp\/v2\/media?parent=46121"}],"wp:term":[{"taxonomy":"category","embeddable":true,"href":"https:\/\/agrund.com\/index.php\/wp-json\/wp\/v2\/categories?post=46121"},{"taxonomy":"post_tag","embeddable":true,"href":"https:\/\/agrund.com\/index.php\/wp-json\/wp\/v2\/tags?post=46121"}],"curies":[{"name":"wp","href":"https:\/\/api.w.org\/{rel}","templated":true}]}}