{"id":45631,"date":"2012-09-26T12:00:30","date_gmt":"2012-09-26T15:00:30","guid":{"rendered":"http:\/\/www.agrund.com\/?p=45631"},"modified":"2012-09-26T12:00:30","modified_gmt":"2012-09-26T15:00:30","slug":"giorgio-armani-acha-que-sua-beleza-o-ajudou-a-entrar-no-mundo-da-moda","status":"publish","type":"post","link":"https:\/\/agrund.com\/index.php\/giorgio-armani-acha-que-sua-beleza-o-ajudou-a-entrar-no-mundo-da-moda\/","title":{"rendered":"Giorgio Armani acha que sua beleza o ajudou a entrar no mundo da moda"},"content":{"rendered":"<p>O designer italiano Giorgio Armani<strong>\u00a0<\/strong>admite que n\u00e3o foi dif\u00edcil para ele ser notado no meio fashion quando ele era mais jovem por causa de sua boa apar\u00eancia.\u00a0&#8220;At\u00e9 ter cerca de 30 a 32 anos de idade, eu costumava fazer um pequeno trabalho em uma loja de departamento. Costumava coordenar o que era colocado na vitrine e outras tarefas. N\u00e3o tinha que trabalhar muito duro, porque, bem, eu era muito bonito. As gerentes do sexo feminino na loja estavam sempre ao meu favor, realmente facilitando as coisas pra mim.\u201d<br \/>\nNo entanto, Giorgio, 78, logo chegou \u00e0 conclus\u00e3o de que viver da beleza n\u00e3o era tudo na vida. Ele acrescentou ao jornal italiano La Repubblica que percebeu que n\u00e3o podia e n\u00e3o queria continuar vivendo \u00e0 margem da beleza e que precisava ter uma profiss\u00e3o, trabalhar duro, arriscar e levantar cedo. Por conta disso, aprendeu a trabalhar em todas as \u00e1reas da profiss\u00e3o. \u00a0\u201cPrimeiro, comprometi-me exclusivamente ao design de moda, porque eu tinha um parceiro que lidou com todos os aspectos econ\u00f4micos e pr\u00e1ticos. E, ent\u00e3o, quando meu companheiro faleceu, eu tive que cuidar de tudo por mim mesmo. Eu tinha de alguma forma que acordar e fazer tudo o que fez de mim quem eu sou hoje.&#8221;<\/p>\n<div id=\"attachment_45632\" style=\"width: 510px\" class=\"wp-caption aligncenter\"><a class=\"lightbox\" title=\"Giorgio Armani acha que sua beleza o ajudou a entrar no mundo da moda\" href=\"https:\/\/i0.wp.com\/www.agrund.com\/wp-content\/uploads\/2012\/09\/Giorgio-Armani-16002.jpg\"><img aria-describedby=\"caption-attachment-45632\" decoding=\"async\" loading=\"lazy\" class=\"size-full wp-image-45632\" title=\"Giorgio Armani acha que sua beleza o ajudou a entrar no mundo da moda\" src=\"https:\/\/i0.wp.com\/www.agrund.com\/wp-content\/uploads\/2012\/09\/Giorgio-Armani-16002.jpg?resize=500%2C375\" alt=\"Giorgio Armani acha que sua beleza o ajudou a entrar no mundo da moda\" width=\"500\" height=\"375\" data-recalc-dims=\"1\" \/><\/a><p id=\"caption-attachment-45632\" class=\"wp-caption-text\">Giorgio Armani acha que sua beleza o ajudou a entrar no mundo da moda<\/p><\/div>\n<p><span style=\"color: #222222;font-size: medium\">Imagem: Reprodu\u00e7\u00e3o.<\/span><\/p>\n","protected":false},"excerpt":{"rendered":"<p>O designer italiano Giorgio Armani\u00a0admite que n\u00e3o foi dif\u00edcil para ele ser notado no meio fashion quando ele era mais jovem por causa de sua boa apar\u00eancia.\u00a0&#8220;At\u00e9 ter cerca de 30 a 32 anos de idade, eu costumava fazer um pequeno trabalho em uma loja de departamento. Costumava coordenar o que era colocado na vitrine [&hellip;]<\/p>\n","protected":false},"author":8,"featured_media":45633,"comment_status":"open","ping_status":"open","sticky":false,"template":"","format":"standard","meta":{"jetpack_post_was_ever_published":false,"_jetpack_newsletter_access":"","jetpack_publicize_message":"","jetpack_is_tweetstorm":false,"jetpack_publicize_feature_enabled":true,"jetpack_social_post_already_shared":false,"jetpack_social_options":{"image_generator_settings":{"template":"highway","enabled":false}}},"categories":[2],"tags":[],"jetpack_publicize_connections":[],"jetpack_featured_media_url":"","jetpack_sharing_enabled":true,"jetpack_shortlink":"https:\/\/wp.me\/p3Hz0n-bRZ","jetpack_likes_enabled":true,"_links":{"self":[{"href":"https:\/\/agrund.com\/index.php\/wp-json\/wp\/v2\/posts\/45631"}],"collection":[{"href":"https:\/\/agrund.com\/index.php\/wp-json\/wp\/v2\/posts"}],"about":[{"href":"https:\/\/agrund.com\/index.php\/wp-json\/wp\/v2\/types\/post"}],"author":[{"embeddable":true,"href":"https:\/\/agrund.com\/index.php\/wp-json\/wp\/v2\/users\/8"}],"replies":[{"embeddable":true,"href":"https:\/\/agrund.com\/index.php\/wp-json\/wp\/v2\/comments?post=45631"}],"version-history":[{"count":0,"href":"https:\/\/agrund.com\/index.php\/wp-json\/wp\/v2\/posts\/45631\/revisions"}],"wp:featuredmedia":[{"embeddable":true,"href":"https:\/\/agrund.com\/index.php\/wp-json\/"}],"wp:attachment":[{"href":"https:\/\/agrund.com\/index.php\/wp-json\/wp\/v2\/media?parent=45631"}],"wp:term":[{"taxonomy":"category","embeddable":true,"href":"https:\/\/agrund.com\/index.php\/wp-json\/wp\/v2\/categories?post=45631"},{"taxonomy":"post_tag","embeddable":true,"href":"https:\/\/agrund.com\/index.php\/wp-json\/wp\/v2\/tags?post=45631"}],"curies":[{"name":"wp","href":"https:\/\/api.w.org\/{rel}","templated":true}]}}