{"id":45380,"date":"2012-09-24T20:00:51","date_gmt":"2012-09-24T23:00:51","guid":{"rendered":"http:\/\/www.agrund.com\/?p=45380"},"modified":"2012-09-24T20:00:51","modified_gmt":"2012-09-24T23:00:51","slug":"campanha-verao-2013-da-vr","status":"publish","type":"post","link":"https:\/\/agrund.com\/index.php\/campanha-verao-2013-da-vr\/","title":{"rendered":"Campanha Ver\u00e3o 2013 da VR"},"content":{"rendered":"<p><span style=\"font-size: medium\">A cidade de S\u00e3o Paulo foi a inspira\u00e7\u00e3o para a cole\u00e7\u00e3o ver\u00e3o 2013 da VR. Pr\u00e9dios como o Hotel Unique, a Bienal e a ponte estaiada tamb\u00e9m fizeram parte como cen\u00e1rio da campanha. Para esse ver\u00e3o, a marca trouxe os palet\u00f3s e costumes com silhueta slim mais encurtados, lapelas estreitadas e os ombros menos estruturados. As gravatas ganharam tecidos novos como o croch\u00ea e, para o casual wear, as camisas t\u00eam tecidos flu\u00eddos como o voil e o linho. E claro, o bom e velho jeans n\u00e3o podia faltar. Dessa vez ele est\u00e1 presente resinado com um brilho opaco. Confira:<\/span><\/p>\n<div id=\"attachment_45382\" style=\"width: 510px\" class=\"wp-caption aligncenter\"><a class=\"lightbox\" title=\"Campanha Ver\u00e3o 2013 da VR\" href=\"https:\/\/i0.wp.com\/www.agrund.com\/wp-content\/uploads\/2012\/09\/vr-verao-0.jpg\"><img aria-describedby=\"caption-attachment-45382\" decoding=\"async\" loading=\"lazy\" class=\"size-full wp-image-45382\" title=\"Campanha Ver\u00e3o 2013 da VR\" src=\"https:\/\/i0.wp.com\/www.agrund.com\/wp-content\/uploads\/2012\/09\/vr-verao-0.jpg?resize=500%2C340\" alt=\"Campanha Ver\u00e3o 2013 da VR\" width=\"500\" height=\"340\" data-recalc-dims=\"1\" \/><\/a><p id=\"caption-attachment-45382\" class=\"wp-caption-text\">Campanha Ver\u00e3o 2013 da VR<\/p><\/div>\n<div id=\"attachment_45383\" style=\"width: 510px\" class=\"wp-caption aligncenter\"><a class=\"lightbox\" title=\"Campanha Ver\u00e3o 2013 da VR\" href=\"https:\/\/i0.wp.com\/www.agrund.com\/wp-content\/uploads\/2012\/09\/vr-verao-2.jpg\"><img aria-describedby=\"caption-attachment-45383\" decoding=\"async\" loading=\"lazy\" class=\"size-full wp-image-45383\" title=\"Campanha Ver\u00e3o 2013 da VR\" src=\"https:\/\/i0.wp.com\/www.agrund.com\/wp-content\/uploads\/2012\/09\/vr-verao-2.jpg?resize=500%2C734\" alt=\"Campanha Ver\u00e3o 2013 da VR\" width=\"500\" height=\"734\" data-recalc-dims=\"1\" \/><\/a><p id=\"caption-attachment-45383\" class=\"wp-caption-text\">Campanha Ver\u00e3o 2013 da VR<\/p><\/div>\n<div id=\"attachment_45384\" style=\"width: 510px\" class=\"wp-caption aligncenter\"><a class=\"lightbox\" title=\"Campanha Ver\u00e3o 2013 da VR\" href=\"https:\/\/i0.wp.com\/www.agrund.com\/wp-content\/uploads\/2012\/09\/vr-verao-3.jpg\"><img aria-describedby=\"caption-attachment-45384\" decoding=\"async\" loading=\"lazy\" class=\"size-full wp-image-45384\" title=\"Campanha Ver\u00e3o 2013 da VR\" src=\"https:\/\/i0.wp.com\/www.agrund.com\/wp-content\/uploads\/2012\/09\/vr-verao-3.jpg?resize=500%2C734\" alt=\"Campanha Ver\u00e3o 2013 da VR\" width=\"500\" height=\"734\" data-recalc-dims=\"1\" \/><\/a><p id=\"caption-attachment-45384\" class=\"wp-caption-text\">Campanha Ver\u00e3o 2013 da VR<\/p><\/div>\n<div id=\"attachment_45385\" style=\"width: 510px\" class=\"wp-caption aligncenter\"><a class=\"lightbox\" title=\"Campanha Ver\u00e3o 2013 da VR\" href=\"https:\/\/i0.wp.com\/www.agrund.com\/wp-content\/uploads\/2012\/09\/vr-verao-13.jpg\"><img aria-describedby=\"caption-attachment-45385\" decoding=\"async\" loading=\"lazy\" class=\"size-full wp-image-45385\" title=\"Campanha Ver\u00e3o 2013 da VR\" src=\"https:\/\/i0.wp.com\/www.agrund.com\/wp-content\/uploads\/2012\/09\/vr-verao-13.jpg?resize=500%2C342\" alt=\"Campanha Ver\u00e3o 2013 da VR\" width=\"500\" height=\"342\" data-recalc-dims=\"1\" \/><\/a><p id=\"caption-attachment-45385\" class=\"wp-caption-text\">Campanha Ver\u00e3o 2013 da VR<\/p><\/div>\n<p><span style=\"font-size: medium\">Imagens : Reprodu\u00e7\u00e3o.<\/span><\/p>\n","protected":false},"excerpt":{"rendered":"<p>A cidade de S\u00e3o Paulo foi a inspira\u00e7\u00e3o para a cole\u00e7\u00e3o ver\u00e3o 2013 da VR. Pr\u00e9dios como o Hotel Unique, a Bienal e a ponte estaiada tamb\u00e9m fizeram parte como cen\u00e1rio da campanha. Para esse ver\u00e3o, a marca trouxe os palet\u00f3s e costumes com silhueta slim mais encurtados, lapelas estreitadas e os ombros menos estruturados. [&hellip;]<\/p>\n","protected":false},"author":8,"featured_media":45381,"comment_status":"open","ping_status":"open","sticky":false,"template":"","format":"standard","meta":{"jetpack_post_was_ever_published":false,"_jetpack_newsletter_access":"","jetpack_publicize_message":"","jetpack_is_tweetstorm":false,"jetpack_publicize_feature_enabled":true,"jetpack_social_post_already_shared":false,"jetpack_social_options":{"image_generator_settings":{"template":"highway","enabled":false}}},"categories":[2],"tags":[],"jetpack_publicize_connections":[],"jetpack_featured_media_url":"","jetpack_sharing_enabled":true,"jetpack_shortlink":"https:\/\/wp.me\/p3Hz0n-bNW","jetpack_likes_enabled":true,"_links":{"self":[{"href":"https:\/\/agrund.com\/index.php\/wp-json\/wp\/v2\/posts\/45380"}],"collection":[{"href":"https:\/\/agrund.com\/index.php\/wp-json\/wp\/v2\/posts"}],"about":[{"href":"https:\/\/agrund.com\/index.php\/wp-json\/wp\/v2\/types\/post"}],"author":[{"embeddable":true,"href":"https:\/\/agrund.com\/index.php\/wp-json\/wp\/v2\/users\/8"}],"replies":[{"embeddable":true,"href":"https:\/\/agrund.com\/index.php\/wp-json\/wp\/v2\/comments?post=45380"}],"version-history":[{"count":0,"href":"https:\/\/agrund.com\/index.php\/wp-json\/wp\/v2\/posts\/45380\/revisions"}],"wp:featuredmedia":[{"embeddable":true,"href":"https:\/\/agrund.com\/index.php\/wp-json\/"}],"wp:attachment":[{"href":"https:\/\/agrund.com\/index.php\/wp-json\/wp\/v2\/media?parent=45380"}],"wp:term":[{"taxonomy":"category","embeddable":true,"href":"https:\/\/agrund.com\/index.php\/wp-json\/wp\/v2\/categories?post=45380"},{"taxonomy":"post_tag","embeddable":true,"href":"https:\/\/agrund.com\/index.php\/wp-json\/wp\/v2\/tags?post=45380"}],"curies":[{"name":"wp","href":"https:\/\/api.w.org\/{rel}","templated":true}]}}