{"id":45349,"date":"2012-09-24T17:00:01","date_gmt":"2012-09-24T20:00:01","guid":{"rendered":"http:\/\/www.agrund.com\/?p=45349"},"modified":"2012-09-24T17:00:01","modified_gmt":"2012-09-24T20:00:01","slug":"cadillac-lanca-livro-comemorativo","status":"publish","type":"post","link":"https:\/\/agrund.com\/index.php\/cadillac-lanca-livro-comemorativo\/","title":{"rendered":"Cadillac lan\u00e7a livro comemorativo"},"content":{"rendered":"<p>A Cadillac vai lan\u00e7ar ainda nesse ano um livro dedicado aos seus 110 anos de hist\u00f3ria. Toda a trajet\u00f3ria da marca, desde sua funda\u00e7\u00e3o em 1902, ser\u00e1 contada para o p\u00fablico atrav\u00e9s de imagens lindas, diga-se de passagem. Ser\u00e3o lan\u00e7adas duas vers\u00f5es da publica\u00e7\u00e3o. A primeira \u00e9 limitada a 500 exemplares, vir\u00e1 dentro de um estojo preto com uma placa de metal escrito &#8216;Cadillac&#8217; e custar\u00e1 cerca de US$ 395. J\u00e1 a outra vers\u00e3o ter\u00e1 uma capa convencional e custar\u00e1 US$ 75. Se voc\u00ea \u00e9 f\u00e3 de carro vale a pena investir!<\/p>\n<div id=\"attachment_45354\" style=\"width: 510px\" class=\"wp-caption aligncenter\"><a class=\"lightbox\" title=\"Cadillac lan\u00e7a livro comemorativo \" href=\"https:\/\/i0.wp.com\/www.agrund.com\/wp-content\/uploads\/2012\/09\/cadillac5.jpg\"><img aria-describedby=\"caption-attachment-45354\" decoding=\"async\" loading=\"lazy\" class=\"size-full wp-image-45354\" title=\"Cadillac lan\u00e7a livro comemorativo \" src=\"https:\/\/i0.wp.com\/www.agrund.com\/wp-content\/uploads\/2012\/09\/cadillac5.jpg?resize=500%2C300\" alt=\"Cadillac lan\u00e7a livro comemorativo \" width=\"500\" height=\"300\" data-recalc-dims=\"1\" \/><\/a><p id=\"caption-attachment-45354\" class=\"wp-caption-text\">Cadillac lan\u00e7a livro comemorativo<\/p><\/div>\n<div id=\"attachment_45353\" style=\"width: 510px\" class=\"wp-caption aligncenter\"><a class=\"lightbox\" title=\"Cadillac lan\u00e7a livro comemorativo \" href=\"https:\/\/i0.wp.com\/www.agrund.com\/wp-content\/uploads\/2012\/09\/cadillac4.jpg\"><img aria-describedby=\"caption-attachment-45353\" decoding=\"async\" loading=\"lazy\" class=\"size-full wp-image-45353\" title=\"Cadillac lan\u00e7a livro comemorativo \" src=\"https:\/\/i0.wp.com\/www.agrund.com\/wp-content\/uploads\/2012\/09\/cadillac4.jpg?resize=500%2C298\" alt=\"Cadillac lan\u00e7a livro comemorativo \" width=\"500\" height=\"298\" data-recalc-dims=\"1\" \/><\/a><p id=\"caption-attachment-45353\" class=\"wp-caption-text\">Cadillac lan\u00e7a livro comemorativo<\/p><\/div>\n<div id=\"attachment_45352\" style=\"width: 510px\" class=\"wp-caption aligncenter\"><a class=\"lightbox\" title=\"Cadillac lan\u00e7a livro comemorativo \" href=\"https:\/\/i0.wp.com\/www.agrund.com\/wp-content\/uploads\/2012\/09\/cadillac3.jpg\"><img aria-describedby=\"caption-attachment-45352\" decoding=\"async\" loading=\"lazy\" class=\"size-full wp-image-45352\" title=\"Cadillac lan\u00e7a livro comemorativo \" src=\"https:\/\/i0.wp.com\/www.agrund.com\/wp-content\/uploads\/2012\/09\/cadillac3.jpg?resize=500%2C295\" alt=\"Cadillac lan\u00e7a livro comemorativo \" width=\"500\" height=\"295\" data-recalc-dims=\"1\" \/><\/a><p id=\"caption-attachment-45352\" class=\"wp-caption-text\">Cadillac lan\u00e7a livro comemorativo<\/p><\/div>\n<div id=\"attachment_45351\" style=\"width: 510px\" class=\"wp-caption aligncenter\"><a class=\"lightbox\" title=\"Cadillac lan\u00e7a livro comemorativo \" href=\"https:\/\/i0.wp.com\/www.agrund.com\/wp-content\/uploads\/2012\/09\/cadillac2.jpg\"><img aria-describedby=\"caption-attachment-45351\" decoding=\"async\" loading=\"lazy\" class=\"size-full wp-image-45351\" title=\"Cadillac lan\u00e7a livro comemorativo \" src=\"https:\/\/i0.wp.com\/www.agrund.com\/wp-content\/uploads\/2012\/09\/cadillac2.jpg?resize=500%2C288\" alt=\"Cadillac lan\u00e7a livro comemorativo \" width=\"500\" height=\"288\" data-recalc-dims=\"1\" \/><\/a><p id=\"caption-attachment-45351\" class=\"wp-caption-text\">Cadillac lan\u00e7a livro comemorativo<\/p><\/div>\n<div id=\"attachment_45350\" style=\"width: 510px\" class=\"wp-caption aligncenter\"><a class=\"lightbox\" title=\"Cadillac lan\u00e7a livro comemorativo \" href=\"https:\/\/i0.wp.com\/www.agrund.com\/wp-content\/uploads\/2012\/09\/1346092187607.jpg\"><img aria-describedby=\"caption-attachment-45350\" decoding=\"async\" loading=\"lazy\" class=\"size-full wp-image-45350\" title=\"Cadillac lan\u00e7a livro comemorativo \" src=\"https:\/\/i0.wp.com\/www.agrund.com\/wp-content\/uploads\/2012\/09\/1346092187607.jpg?resize=500%2C331\" alt=\"Cadillac lan\u00e7a livro comemorativo \" width=\"500\" height=\"331\" data-recalc-dims=\"1\" \/><\/a><p id=\"caption-attachment-45350\" class=\"wp-caption-text\">Cadillac lan\u00e7a livro comemorativo<\/p><\/div>\n<p>Imagens: Reprodu\u00e7\u00e3o.<\/p>\n","protected":false},"excerpt":{"rendered":"<p>A Cadillac vai lan\u00e7ar ainda nesse ano um livro dedicado aos seus 110 anos de hist\u00f3ria. Toda a trajet\u00f3ria da marca, desde sua funda\u00e7\u00e3o em 1902, ser\u00e1 contada para o p\u00fablico atrav\u00e9s de imagens lindas, diga-se de passagem. Ser\u00e3o lan\u00e7adas duas vers\u00f5es da publica\u00e7\u00e3o. A primeira \u00e9 limitada a 500 exemplares, vir\u00e1 dentro de um [&hellip;]<\/p>\n","protected":false},"author":8,"featured_media":45355,"comment_status":"open","ping_status":"open","sticky":false,"template":"","format":"standard","meta":{"jetpack_post_was_ever_published":false,"_jetpack_newsletter_access":"","jetpack_publicize_message":"","jetpack_is_tweetstorm":false,"jetpack_publicize_feature_enabled":true,"jetpack_social_post_already_shared":false,"jetpack_social_options":{"image_generator_settings":{"template":"highway","enabled":false}}},"categories":[6],"tags":[],"jetpack_publicize_connections":[],"jetpack_featured_media_url":"","jetpack_sharing_enabled":true,"jetpack_shortlink":"https:\/\/wp.me\/p3Hz0n-bNr","jetpack_likes_enabled":true,"_links":{"self":[{"href":"https:\/\/agrund.com\/index.php\/wp-json\/wp\/v2\/posts\/45349"}],"collection":[{"href":"https:\/\/agrund.com\/index.php\/wp-json\/wp\/v2\/posts"}],"about":[{"href":"https:\/\/agrund.com\/index.php\/wp-json\/wp\/v2\/types\/post"}],"author":[{"embeddable":true,"href":"https:\/\/agrund.com\/index.php\/wp-json\/wp\/v2\/users\/8"}],"replies":[{"embeddable":true,"href":"https:\/\/agrund.com\/index.php\/wp-json\/wp\/v2\/comments?post=45349"}],"version-history":[{"count":0,"href":"https:\/\/agrund.com\/index.php\/wp-json\/wp\/v2\/posts\/45349\/revisions"}],"wp:featuredmedia":[{"embeddable":true,"href":"https:\/\/agrund.com\/index.php\/wp-json\/"}],"wp:attachment":[{"href":"https:\/\/agrund.com\/index.php\/wp-json\/wp\/v2\/media?parent=45349"}],"wp:term":[{"taxonomy":"category","embeddable":true,"href":"https:\/\/agrund.com\/index.php\/wp-json\/wp\/v2\/categories?post=45349"},{"taxonomy":"post_tag","embeddable":true,"href":"https:\/\/agrund.com\/index.php\/wp-json\/wp\/v2\/tags?post=45349"}],"curies":[{"name":"wp","href":"https:\/\/api.w.org\/{rel}","templated":true}]}}