{"id":45329,"date":"2012-09-24T14:00:58","date_gmt":"2012-09-24T17:00:58","guid":{"rendered":"http:\/\/www.agrund.com\/?p=45329"},"modified":"2012-09-24T14:00:58","modified_gmt":"2012-09-24T17:00:58","slug":"denzel-washington-na-capa-da-gq-americana","status":"publish","type":"post","link":"https:\/\/agrund.com\/index.php\/denzel-washington-na-capa-da-gq-americana\/","title":{"rendered":"Denzel Washington na capa da GQ Americana"},"content":{"rendered":"<div id=\":9o\">\n<div>\nDenzel Washington, 57 anos, \u00e9 capa da edi\u00e7\u00e3o de outubro 2012 da GQ americana. O ator vestiu diversos looks com ternos de cortes diferentes mostrando como usar cada um deles. As grifes que aparecem s\u00e3o Calvin Klein, Giorgio Armani, Boss, J.Crew e Savatore Ferragamo. Confira os cliques de Nathaniel Goldberg:<\/div>\n<div>\n<div id=\"attachment_45334\" style=\"width: 560px\" class=\"wp-caption aligncenter\"><a class=\"lightbox\" title=\"Denzel Washington na capa da GQ Americana\" href=\"https:\/\/i0.wp.com\/www.agrund.com\/wp-content\/uploads\/2012\/09\/Denzel-Washington-gq-cover.jpg\"><img aria-describedby=\"caption-attachment-45334\" decoding=\"async\" loading=\"lazy\" class=\"size-full wp-image-45334\" title=\"Denzel Washington na capa da GQ Americana\" src=\"https:\/\/i0.wp.com\/www.agrund.com\/wp-content\/uploads\/2012\/09\/Denzel-Washington-gq-cover.jpg?resize=550%2C749\" alt=\"Denzel Washington na capa da GQ Americana\" width=\"550\" height=\"749\" data-recalc-dims=\"1\" \/><\/a><p id=\"caption-attachment-45334\" class=\"wp-caption-text\">Denzel Washington na capa da GQ Americana<\/p><\/div>\n<div id=\"attachment_45333\" style=\"width: 560px\" class=\"wp-caption aligncenter\"><a class=\"lightbox\" title=\"Denzel Washington na capa da GQ Americana\" href=\"https:\/\/i0.wp.com\/www.agrund.com\/wp-content\/uploads\/2012\/09\/Denzel-Washington-5.jpg\"><img aria-describedby=\"caption-attachment-45333\" decoding=\"async\" loading=\"lazy\" class=\"size-full wp-image-45333\" title=\"Denzel Washington na capa da GQ Americana\" src=\"https:\/\/i0.wp.com\/www.agrund.com\/wp-content\/uploads\/2012\/09\/Denzel-Washington-5.jpg?resize=550%2C694\" alt=\"Denzel Washington na capa da GQ Americana\" width=\"550\" height=\"694\" data-recalc-dims=\"1\" \/><\/a><p id=\"caption-attachment-45333\" class=\"wp-caption-text\">Denzel Washington na capa da GQ Americana<\/p><\/div>\n<div id=\"attachment_45332\" style=\"width: 560px\" class=\"wp-caption aligncenter\"><a class=\"lightbox\" title=\"Denzel Washington na capa da GQ Americana\" href=\"https:\/\/i0.wp.com\/www.agrund.com\/wp-content\/uploads\/2012\/09\/Denzel-Washington-4.jpg\"><img aria-describedby=\"caption-attachment-45332\" decoding=\"async\" loading=\"lazy\" class=\"size-full wp-image-45332\" title=\"Denzel Washington na capa da GQ Americana\" src=\"https:\/\/i0.wp.com\/www.agrund.com\/wp-content\/uploads\/2012\/09\/Denzel-Washington-4.jpg?resize=550%2C694\" alt=\"Denzel Washington na capa da GQ Americana\" width=\"550\" height=\"694\" data-recalc-dims=\"1\" \/><\/a><p id=\"caption-attachment-45332\" class=\"wp-caption-text\">Denzel Washington na capa da GQ Americana<\/p><\/div>\n<div id=\"attachment_45331\" style=\"width: 560px\" class=\"wp-caption aligncenter\"><a class=\"lightbox\" title=\"Denzel Washington na capa da GQ Americana\" href=\"https:\/\/i0.wp.com\/www.agrund.com\/wp-content\/uploads\/2012\/09\/Denzel-Washington-3.jpg\"><img aria-describedby=\"caption-attachment-45331\" decoding=\"async\" loading=\"lazy\" class=\"size-full wp-image-45331\" title=\"Denzel Washington na capa da GQ Americana\" src=\"https:\/\/i0.wp.com\/www.agrund.com\/wp-content\/uploads\/2012\/09\/Denzel-Washington-3.jpg?resize=550%2C380\" alt=\"Denzel Washington na capa da GQ Americana\" width=\"550\" height=\"380\" data-recalc-dims=\"1\" \/><\/a><p id=\"caption-attachment-45331\" class=\"wp-caption-text\">Denzel Washington na capa da GQ Americana<\/p><\/div>\n<div id=\"attachment_45330\" style=\"width: 560px\" class=\"wp-caption aligncenter\"><a class=\"lightbox\" title=\"Denzel Washington na capa da GQ Americana\" href=\"https:\/\/i0.wp.com\/www.agrund.com\/wp-content\/uploads\/2012\/09\/Denzel-Washington-1.jpg\"><img aria-describedby=\"caption-attachment-45330\" decoding=\"async\" loading=\"lazy\" class=\"size-full wp-image-45330\" title=\"Denzel Washington na capa da GQ Americana\" src=\"https:\/\/i0.wp.com\/www.agrund.com\/wp-content\/uploads\/2012\/09\/Denzel-Washington-1.jpg?resize=550%2C380\" alt=\"Denzel Washington na capa da GQ Americana\" width=\"550\" height=\"380\" data-recalc-dims=\"1\" \/><\/a><p id=\"caption-attachment-45330\" class=\"wp-caption-text\">Denzel Washington na capa da GQ Americana<\/p><\/div>\n<\/div>\n<div>Imagens: Reprodu\u00e7\u00e3o.<\/div>\n<div><\/div>\n<\/div>\n<div id=\":4j\"><\/div>\n","protected":false},"excerpt":{"rendered":"<p>Denzel Washington, 57 anos, \u00e9 capa da edi\u00e7\u00e3o de outubro 2012 da GQ americana. O ator vestiu diversos looks com ternos de cortes diferentes mostrando como usar cada um deles. As grifes que aparecem s\u00e3o Calvin Klein, Giorgio Armani, Boss, J.Crew e Savatore Ferragamo. Confira os cliques de Nathaniel Goldberg: Imagens: Reprodu\u00e7\u00e3o.<\/p>\n","protected":false},"author":8,"featured_media":45335,"comment_status":"open","ping_status":"open","sticky":false,"template":"","format":"standard","meta":{"jetpack_post_was_ever_published":false,"_jetpack_newsletter_access":"","jetpack_publicize_message":"","jetpack_is_tweetstorm":false,"jetpack_publicize_feature_enabled":true,"jetpack_social_post_already_shared":false,"jetpack_social_options":{"image_generator_settings":{"template":"highway","enabled":false}}},"categories":[6],"tags":[],"jetpack_publicize_connections":[],"jetpack_featured_media_url":"","jetpack_sharing_enabled":true,"jetpack_shortlink":"https:\/\/wp.me\/p3Hz0n-bN7","jetpack_likes_enabled":true,"_links":{"self":[{"href":"https:\/\/agrund.com\/index.php\/wp-json\/wp\/v2\/posts\/45329"}],"collection":[{"href":"https:\/\/agrund.com\/index.php\/wp-json\/wp\/v2\/posts"}],"about":[{"href":"https:\/\/agrund.com\/index.php\/wp-json\/wp\/v2\/types\/post"}],"author":[{"embeddable":true,"href":"https:\/\/agrund.com\/index.php\/wp-json\/wp\/v2\/users\/8"}],"replies":[{"embeddable":true,"href":"https:\/\/agrund.com\/index.php\/wp-json\/wp\/v2\/comments?post=45329"}],"version-history":[{"count":0,"href":"https:\/\/agrund.com\/index.php\/wp-json\/wp\/v2\/posts\/45329\/revisions"}],"wp:featuredmedia":[{"embeddable":true,"href":"https:\/\/agrund.com\/index.php\/wp-json\/"}],"wp:attachment":[{"href":"https:\/\/agrund.com\/index.php\/wp-json\/wp\/v2\/media?parent=45329"}],"wp:term":[{"taxonomy":"category","embeddable":true,"href":"https:\/\/agrund.com\/index.php\/wp-json\/wp\/v2\/categories?post=45329"},{"taxonomy":"post_tag","embeddable":true,"href":"https:\/\/agrund.com\/index.php\/wp-json\/wp\/v2\/tags?post=45329"}],"curies":[{"name":"wp","href":"https:\/\/api.w.org\/{rel}","templated":true}]}}