{"id":45297,"date":"2012-09-24T11:00:20","date_gmt":"2012-09-24T14:00:20","guid":{"rendered":"http:\/\/www.agrund.com\/?p=45297"},"modified":"2012-09-24T11:00:20","modified_gmt":"2012-09-24T14:00:20","slug":"moda-masculina-a-ousadia-de-roberto-cavalli","status":"publish","type":"post","link":"https:\/\/agrund.com\/index.php\/moda-masculina-a-ousadia-de-roberto-cavalli\/","title":{"rendered":"Moda Masculina :: A ousadia de Roberto Cavalli"},"content":{"rendered":"<p>A alfaiataria moderna proposta por Roberto Cavalli para sua Just Cavalli tem at\u00e9 estampa de bicho na primavera \/ ver\u00e3o 2013, mas tudo bem masculino. Uma ousadia mostrada na semana de moda de Mil\u00e3o com um toque de irrever\u00eancia, mas com pe\u00e7as bem us\u00e1veis! E ele brinca com elementos do mundo. Estampas azulejos em azul e branco \u2013 portugueses \u2013 viram mosaicos nas pe\u00e7as e a proposta \u00e9 para ser usada com jeans destroyed anos 80 com ombros ca\u00eddos. O visual fica muito atual. Usar tecidos com toques diferentes tamb\u00e9m \u00e9 uma proposta, at\u00e9 mesmo quando usar o look total preto. O blazer de shantung formal fica despojado com a cal\u00e7a branca com tai-da\u00ed, tipo estampa indiana. Um bom momento para a moda masculina!<\/p>\n<div id=\"attachment_45305\" style=\"width: 510px\" class=\"wp-caption aligncenter\"><a class=\"lightbox\" title=\"A ousadia de Roberto Cavalli   \" href=\"https:\/\/i0.wp.com\/www.agrund.com\/wp-content\/uploads\/2012\/09\/moda-masculina-a-ousadia-de-roberto-cavalli-8.jpg\"><img aria-describedby=\"caption-attachment-45305\" decoding=\"async\" loading=\"lazy\" class=\"size-full wp-image-45305\" title=\"A ousadia de Roberto Cavalli   \" src=\"https:\/\/i0.wp.com\/www.agrund.com\/wp-content\/uploads\/2012\/09\/moda-masculina-a-ousadia-de-roberto-cavalli-8.jpg?resize=500%2C750\" alt=\"A ousadia de Roberto Cavalli   \" width=\"500\" height=\"750\" data-recalc-dims=\"1\" \/><\/a><p id=\"caption-attachment-45305\" class=\"wp-caption-text\">A ousadia de Roberto Cavalli<\/p><\/div>\n<p>&nbsp;<\/p>\n<div id=\"attachment_45304\" style=\"width: 510px\" class=\"wp-caption aligncenter\"><a class=\"lightbox\" title=\"A ousadia de Roberto Cavalli   \" href=\"https:\/\/i0.wp.com\/www.agrund.com\/wp-content\/uploads\/2012\/09\/moda-masculina-a-ousadia-de-roberto-cavalli-7.jpg\"><img aria-describedby=\"caption-attachment-45304\" decoding=\"async\" loading=\"lazy\" class=\"size-full wp-image-45304\" title=\"A ousadia de Roberto Cavalli   \" src=\"https:\/\/i0.wp.com\/www.agrund.com\/wp-content\/uploads\/2012\/09\/moda-masculina-a-ousadia-de-roberto-cavalli-7.jpg?resize=500%2C750\" alt=\"A ousadia de Roberto Cavalli   \" width=\"500\" height=\"750\" data-recalc-dims=\"1\" \/><\/a><p id=\"caption-attachment-45304\" class=\"wp-caption-text\">A ousadia de Roberto Cavalli<\/p><\/div>\n<p>&nbsp;<\/p>\n<div id=\"attachment_45303\" style=\"width: 510px\" class=\"wp-caption aligncenter\"><a class=\"lightbox\" title=\"A ousadia de Roberto Cavalli   \" href=\"https:\/\/i0.wp.com\/www.agrund.com\/wp-content\/uploads\/2012\/09\/moda-masculina-a-ousadia-de-roberto-cavalli-6.jpg\"><img aria-describedby=\"caption-attachment-45303\" decoding=\"async\" loading=\"lazy\" class=\"size-full wp-image-45303\" title=\"A ousadia de Roberto Cavalli   \" src=\"https:\/\/i0.wp.com\/www.agrund.com\/wp-content\/uploads\/2012\/09\/moda-masculina-a-ousadia-de-roberto-cavalli-6.jpg?resize=500%2C750\" alt=\"A ousadia de Roberto Cavalli   \" width=\"500\" height=\"750\" data-recalc-dims=\"1\" \/><\/a><p id=\"caption-attachment-45303\" class=\"wp-caption-text\">A ousadia de Roberto Cavalli<\/p><\/div>\n<p>&nbsp;<\/p>\n<div id=\"attachment_45302\" style=\"width: 510px\" class=\"wp-caption aligncenter\"><a class=\"lightbox\" title=\"A ousadia de Roberto Cavalli   \" href=\"https:\/\/i0.wp.com\/www.agrund.com\/wp-content\/uploads\/2012\/09\/moda-masculina-a-ousadia-de-roberto-cavalli-5.jpg\"><img aria-describedby=\"caption-attachment-45302\" decoding=\"async\" loading=\"lazy\" class=\"size-full wp-image-45302\" title=\"A ousadia de Roberto Cavalli   \" src=\"https:\/\/i0.wp.com\/www.agrund.com\/wp-content\/uploads\/2012\/09\/moda-masculina-a-ousadia-de-roberto-cavalli-5.jpg?resize=500%2C750\" alt=\"A ousadia de Roberto Cavalli   \" width=\"500\" height=\"750\" data-recalc-dims=\"1\" \/><\/a><p id=\"caption-attachment-45302\" class=\"wp-caption-text\">A ousadia de Roberto Cavalli<\/p><\/div>\n<p>&nbsp;<\/p>\n<div id=\"attachment_45301\" style=\"width: 510px\" class=\"wp-caption aligncenter\"><a class=\"lightbox\" title=\"A ousadia de Roberto Cavalli   \" href=\"https:\/\/i0.wp.com\/www.agrund.com\/wp-content\/uploads\/2012\/09\/moda-masculina-a-ousadia-de-roberto-cavalli-4.jpg\"><img aria-describedby=\"caption-attachment-45301\" decoding=\"async\" loading=\"lazy\" class=\"size-full wp-image-45301\" title=\"A ousadia de Roberto Cavalli   \" src=\"https:\/\/i0.wp.com\/www.agrund.com\/wp-content\/uploads\/2012\/09\/moda-masculina-a-ousadia-de-roberto-cavalli-4.jpg?resize=500%2C750\" alt=\"A ousadia de Roberto Cavalli   \" width=\"500\" height=\"750\" data-recalc-dims=\"1\" \/><\/a><p id=\"caption-attachment-45301\" class=\"wp-caption-text\">A ousadia de Roberto Cavalli<\/p><\/div>\n<p>&nbsp;<\/p>\n<div id=\"attachment_45300\" style=\"width: 510px\" class=\"wp-caption aligncenter\"><a class=\"lightbox\" title=\"A ousadia de Roberto Cavalli   \" href=\"https:\/\/i0.wp.com\/www.agrund.com\/wp-content\/uploads\/2012\/09\/moda-masculina-a-ousadia-de-roberto-cavalli-3.jpg\"><img aria-describedby=\"caption-attachment-45300\" decoding=\"async\" loading=\"lazy\" class=\"size-full wp-image-45300\" title=\"A ousadia de Roberto Cavalli   \" src=\"https:\/\/i0.wp.com\/www.agrund.com\/wp-content\/uploads\/2012\/09\/moda-masculina-a-ousadia-de-roberto-cavalli-3.jpg?resize=500%2C750\" alt=\"A ousadia de Roberto Cavalli   \" width=\"500\" height=\"750\" data-recalc-dims=\"1\" \/><\/a><p id=\"caption-attachment-45300\" class=\"wp-caption-text\">A ousadia de Roberto Cavalli<\/p><\/div>\n<p>&nbsp;<\/p>\n<div id=\"attachment_45299\" style=\"width: 510px\" class=\"wp-caption aligncenter\"><a class=\"lightbox\" title=\"A ousadia de Roberto Cavalli   \" href=\"https:\/\/i0.wp.com\/www.agrund.com\/wp-content\/uploads\/2012\/09\/moda-masculina-a-ousadia-de-roberto-cavalli-2.jpg\"><img aria-describedby=\"caption-attachment-45299\" decoding=\"async\" loading=\"lazy\" class=\"size-full wp-image-45299\" title=\"A ousadia de Roberto Cavalli   \" src=\"https:\/\/i0.wp.com\/www.agrund.com\/wp-content\/uploads\/2012\/09\/moda-masculina-a-ousadia-de-roberto-cavalli-2.jpg?resize=500%2C750\" alt=\"A ousadia de Roberto Cavalli   \" width=\"500\" height=\"750\" data-recalc-dims=\"1\" \/><\/a><p id=\"caption-attachment-45299\" class=\"wp-caption-text\">A ousadia de Roberto Cavalli<\/p><\/div>\n<p>&nbsp;<\/p>\n<div id=\"attachment_45298\" style=\"width: 510px\" class=\"wp-caption aligncenter\"><a class=\"lightbox\" title=\"A ousadia de Roberto Cavalli   \" href=\"https:\/\/i0.wp.com\/www.agrund.com\/wp-content\/uploads\/2012\/09\/moda-masculina-a-ousadia-de-roberto-cavalli-1.jpg\"><img aria-describedby=\"caption-attachment-45298\" decoding=\"async\" loading=\"lazy\" class=\"size-full wp-image-45298\" title=\"A ousadia de Roberto Cavalli   \" src=\"https:\/\/i0.wp.com\/www.agrund.com\/wp-content\/uploads\/2012\/09\/moda-masculina-a-ousadia-de-roberto-cavalli-1.jpg?resize=500%2C750\" alt=\"A ousadia de Roberto Cavalli   \" width=\"500\" height=\"750\" data-recalc-dims=\"1\" \/><\/a><p id=\"caption-attachment-45298\" class=\"wp-caption-text\">A ousadia de Roberto Cavalli<\/p><\/div>\n<p>Imagens: Reprodu\u00e7\u00e3o.<\/p>\n","protected":false},"excerpt":{"rendered":"<p>A alfaiataria moderna proposta por Roberto Cavalli para sua Just Cavalli tem at\u00e9 estampa de bicho na primavera \/ ver\u00e3o 2013, mas tudo bem masculino. Uma ousadia mostrada na semana de moda de Mil\u00e3o com um toque de irrever\u00eancia, mas com pe\u00e7as bem us\u00e1veis! E ele brinca com elementos do mundo. Estampas azulejos em azul [&hellip;]<\/p>\n","protected":false},"author":8,"featured_media":45306,"comment_status":"open","ping_status":"open","sticky":false,"template":"","format":"standard","meta":{"jetpack_post_was_ever_published":false,"_jetpack_newsletter_access":"","jetpack_publicize_message":"","jetpack_is_tweetstorm":false,"jetpack_publicize_feature_enabled":true,"jetpack_social_post_already_shared":false,"jetpack_social_options":{"image_generator_settings":{"template":"highway","enabled":false}}},"categories":[6],"tags":[],"jetpack_publicize_connections":[],"jetpack_featured_media_url":"","jetpack_sharing_enabled":true,"jetpack_shortlink":"https:\/\/wp.me\/p3Hz0n-bMB","jetpack_likes_enabled":true,"_links":{"self":[{"href":"https:\/\/agrund.com\/index.php\/wp-json\/wp\/v2\/posts\/45297"}],"collection":[{"href":"https:\/\/agrund.com\/index.php\/wp-json\/wp\/v2\/posts"}],"about":[{"href":"https:\/\/agrund.com\/index.php\/wp-json\/wp\/v2\/types\/post"}],"author":[{"embeddable":true,"href":"https:\/\/agrund.com\/index.php\/wp-json\/wp\/v2\/users\/8"}],"replies":[{"embeddable":true,"href":"https:\/\/agrund.com\/index.php\/wp-json\/wp\/v2\/comments?post=45297"}],"version-history":[{"count":0,"href":"https:\/\/agrund.com\/index.php\/wp-json\/wp\/v2\/posts\/45297\/revisions"}],"wp:featuredmedia":[{"embeddable":true,"href":"https:\/\/agrund.com\/index.php\/wp-json\/"}],"wp:attachment":[{"href":"https:\/\/agrund.com\/index.php\/wp-json\/wp\/v2\/media?parent=45297"}],"wp:term":[{"taxonomy":"category","embeddable":true,"href":"https:\/\/agrund.com\/index.php\/wp-json\/wp\/v2\/categories?post=45297"},{"taxonomy":"post_tag","embeddable":true,"href":"https:\/\/agrund.com\/index.php\/wp-json\/wp\/v2\/tags?post=45297"}],"curies":[{"name":"wp","href":"https:\/\/api.w.org\/{rel}","templated":true}]}}