{"id":45288,"date":"2012-09-24T10:00:43","date_gmt":"2012-09-24T13:00:43","guid":{"rendered":"http:\/\/www.agrund.com\/?p=45288"},"modified":"2012-09-24T10:00:43","modified_gmt":"2012-09-24T13:00:43","slug":"moda-masculina-o-verao-2013-da-timberland-para-homens-que-apreciam-a-natureza","status":"publish","type":"post","link":"https:\/\/agrund.com\/index.php\/moda-masculina-o-verao-2013-da-timberland-para-homens-que-apreciam-a-natureza\/","title":{"rendered":"Moda Masculina :: O ver\u00e3o 2013 da Timberland para homens que apreciam a natureza"},"content":{"rendered":"<p>A marca apresenta para seu ver\u00e3o 2013 uma cole\u00e7\u00e3o vers\u00e1til e confort\u00e1vel para homens que gostam \u00a0da vida ao ar livre e de estar conectado com a natureza. Uma moda casual com\u00a0camisetas leves e coloridas, p\u00f3los confort\u00e1veis com tecidos respir\u00e1veis e tecnologias inovadoras como a \u201cPerformance\u00a0Piquet\u201d, que tem a\u00e7\u00e3o anti-microbiana com alta dispers\u00e3o de umidade, perfeitas para os\u00a0dias quentes de ver\u00e3o. \u00a0As jaquetas, camisas, shorts,\u00a0bermudas e cal\u00e7as jeans possuem prote\u00e7\u00e3o UV, al\u00e9m de serem resistentes e absorverem a umidade. Sem falar nos cal\u00e7ados que j\u00e1 s\u00e3o marca registrada da grife.<\/p>\n<p>A\u00a0Timberland\u00a0criou o movimento Earthkeepers (Guardi\u00f5es da Terra) sempre pensando na\u00a0preserva\u00e7\u00e3o da natureza, que nessa cole\u00e7\u00e3o ganha cada vez mais destaque. Roupas e cal\u00e7ados\u00a0confeccionados com algod\u00e3o org\u00e2nico, garrafas pet, pneu de borracha reciclado, entre outros,\u00a0refor\u00e7am o comprometimento com o meio ambiente e vem com tudo nesta cole\u00e7\u00e3o. \u00c9 isso a\u00ed, todos n\u00f3s temos que fazer a nossa parte! Adorei a cole\u00e7\u00e3o e principalmente o cuidado da grife com a natureza.<\/p>\n<p>&nbsp;<\/p>\n<div id=\"attachment_45290\" style=\"width: 510px\" class=\"wp-caption aligncenter\"><a class=\"lightbox\" title=\"O ver\u00e3o 2013 da Timberland para homens que apreciam a natureza\" href=\"https:\/\/i0.wp.com\/www.agrund.com\/wp-content\/uploads\/2012\/09\/t1.jpg\"><img aria-describedby=\"caption-attachment-45290\" decoding=\"async\" loading=\"lazy\" class=\"size-full wp-image-45290\" title=\"O ver\u00e3o 2013 da Timberland para homens que apreciam a natureza\" src=\"https:\/\/i0.wp.com\/www.agrund.com\/wp-content\/uploads\/2012\/09\/t1.jpg?resize=500%2C334\" alt=\"O ver\u00e3o 2013 da Timberland para homens que apreciam a natureza\" width=\"500\" height=\"334\" data-recalc-dims=\"1\" \/><\/a><p id=\"caption-attachment-45290\" class=\"wp-caption-text\">O ver\u00e3o 2013 da Timberland para homens que apreciam a natureza<\/p><\/div>\n<p>&nbsp;<\/p>\n<div id=\"attachment_45291\" style=\"width: 510px\" class=\"wp-caption aligncenter\"><a class=\"lightbox\" title=\"O ver\u00e3o 2013 da Timberland para homens que apreciam a natureza\" href=\"https:\/\/i0.wp.com\/www.agrund.com\/wp-content\/uploads\/2012\/09\/t2.jpg\"><img aria-describedby=\"caption-attachment-45291\" decoding=\"async\" loading=\"lazy\" class=\"size-full wp-image-45291\" title=\"O ver\u00e3o 2013 da Timberland para homens que apreciam a natureza\" src=\"https:\/\/i0.wp.com\/www.agrund.com\/wp-content\/uploads\/2012\/09\/t2.jpg?resize=500%2C750\" alt=\"O ver\u00e3o 2013 da Timberland para homens que apreciam a natureza\" width=\"500\" height=\"750\" data-recalc-dims=\"1\" \/><\/a><p id=\"caption-attachment-45291\" class=\"wp-caption-text\">O ver\u00e3o 2013 da Timberland para homens que apreciam a natureza<\/p><\/div>\n<p>&nbsp;<\/p>\n<div id=\"attachment_45292\" style=\"width: 510px\" class=\"wp-caption aligncenter\"><a class=\"lightbox\" title=\"O ver\u00e3o 2013 da Timberland para homens que apreciam a natureza\" href=\"https:\/\/i0.wp.com\/www.agrund.com\/wp-content\/uploads\/2012\/09\/t3.jpg\"><img aria-describedby=\"caption-attachment-45292\" decoding=\"async\" loading=\"lazy\" class=\"size-full wp-image-45292\" title=\"O ver\u00e3o 2013 da Timberland para homens que apreciam a natureza\" src=\"https:\/\/i0.wp.com\/www.agrund.com\/wp-content\/uploads\/2012\/09\/t3.jpg?resize=500%2C750\" alt=\"O ver\u00e3o 2013 da Timberland para homens que apreciam a natureza\" width=\"500\" height=\"750\" data-recalc-dims=\"1\" \/><\/a><p id=\"caption-attachment-45292\" class=\"wp-caption-text\">O ver\u00e3o 2013 da Timberland para homens que apreciam a natureza<\/p><\/div>\n<p>&nbsp;<\/p>\n<div id=\"attachment_45293\" style=\"width: 510px\" class=\"wp-caption aligncenter\"><a class=\"lightbox\" title=\"O ver\u00e3o 2013 da Timberland para homens que apreciam a natureza\" href=\"https:\/\/i0.wp.com\/www.agrund.com\/wp-content\/uploads\/2012\/09\/t4.jpg\"><img aria-describedby=\"caption-attachment-45293\" decoding=\"async\" loading=\"lazy\" class=\"size-full wp-image-45293\" title=\"O ver\u00e3o 2013 da Timberland para homens que apreciam a natureza\" src=\"https:\/\/i0.wp.com\/www.agrund.com\/wp-content\/uploads\/2012\/09\/t4.jpg?resize=500%2C750\" alt=\"O ver\u00e3o 2013 da Timberland para homens que apreciam a natureza\" width=\"500\" height=\"750\" data-recalc-dims=\"1\" \/><\/a><p id=\"caption-attachment-45293\" class=\"wp-caption-text\">O ver\u00e3o 2013 da Timberland para homens que apreciam a natureza<\/p><\/div>\n<p>&nbsp;<\/p>\n<div id=\"attachment_45294\" style=\"width: 510px\" class=\"wp-caption aligncenter\"><a class=\"lightbox\" title=\"O ver\u00e3o 2013 da Timberland para homens que apreciam a natureza\" href=\"https:\/\/i0.wp.com\/www.agrund.com\/wp-content\/uploads\/2012\/09\/t5.jpg\"><img aria-describedby=\"caption-attachment-45294\" decoding=\"async\" loading=\"lazy\" class=\"size-full wp-image-45294\" title=\"O ver\u00e3o 2013 da Timberland para homens que apreciam a natureza\" src=\"https:\/\/i0.wp.com\/www.agrund.com\/wp-content\/uploads\/2012\/09\/t5.jpg?resize=500%2C750\" alt=\"O ver\u00e3o 2013 da Timberland para homens que apreciam a natureza\" width=\"500\" height=\"750\" data-recalc-dims=\"1\" \/><\/a><p id=\"caption-attachment-45294\" class=\"wp-caption-text\">O ver\u00e3o 2013 da Timberland para homens que apreciam a natureza<\/p><\/div>\n<p>Imagens: Divulga\u00e7\u00e3o.<\/p>\n","protected":false},"excerpt":{"rendered":"<p>A marca apresenta para seu ver\u00e3o 2013 uma cole\u00e7\u00e3o vers\u00e1til e confort\u00e1vel para homens que gostam \u00a0da vida ao ar livre e de estar conectado com a natureza. Uma moda casual com\u00a0camisetas leves e coloridas, p\u00f3los confort\u00e1veis com tecidos respir\u00e1veis e tecnologias inovadoras como a \u201cPerformance\u00a0Piquet\u201d, que tem a\u00e7\u00e3o anti-microbiana com alta dispers\u00e3o de umidade, [&hellip;]<\/p>\n","protected":false},"author":8,"featured_media":45289,"comment_status":"open","ping_status":"open","sticky":false,"template":"","format":"standard","meta":{"jetpack_post_was_ever_published":false,"_jetpack_newsletter_access":"","jetpack_publicize_message":"","jetpack_is_tweetstorm":false,"jetpack_publicize_feature_enabled":true,"jetpack_social_post_already_shared":false,"jetpack_social_options":{"image_generator_settings":{"template":"highway","enabled":false}}},"categories":[6],"tags":[],"jetpack_publicize_connections":[],"jetpack_featured_media_url":"","jetpack_sharing_enabled":true,"jetpack_shortlink":"https:\/\/wp.me\/p3Hz0n-bMs","jetpack_likes_enabled":true,"_links":{"self":[{"href":"https:\/\/agrund.com\/index.php\/wp-json\/wp\/v2\/posts\/45288"}],"collection":[{"href":"https:\/\/agrund.com\/index.php\/wp-json\/wp\/v2\/posts"}],"about":[{"href":"https:\/\/agrund.com\/index.php\/wp-json\/wp\/v2\/types\/post"}],"author":[{"embeddable":true,"href":"https:\/\/agrund.com\/index.php\/wp-json\/wp\/v2\/users\/8"}],"replies":[{"embeddable":true,"href":"https:\/\/agrund.com\/index.php\/wp-json\/wp\/v2\/comments?post=45288"}],"version-history":[{"count":0,"href":"https:\/\/agrund.com\/index.php\/wp-json\/wp\/v2\/posts\/45288\/revisions"}],"wp:featuredmedia":[{"embeddable":true,"href":"https:\/\/agrund.com\/index.php\/wp-json\/"}],"wp:attachment":[{"href":"https:\/\/agrund.com\/index.php\/wp-json\/wp\/v2\/media?parent=45288"}],"wp:term":[{"taxonomy":"category","embeddable":true,"href":"https:\/\/agrund.com\/index.php\/wp-json\/wp\/v2\/categories?post=45288"},{"taxonomy":"post_tag","embeddable":true,"href":"https:\/\/agrund.com\/index.php\/wp-json\/wp\/v2\/tags?post=45288"}],"curies":[{"name":"wp","href":"https:\/\/api.w.org\/{rel}","templated":true}]}}