{"id":45255,"date":"2012-09-23T20:24:40","date_gmt":"2012-09-23T23:24:40","guid":{"rendered":"http:\/\/www.agrund.com\/?p=45255"},"modified":"2012-09-23T20:24:40","modified_gmt":"2012-09-23T23:24:40","slug":"salvatore-ferragamo-primavera-verao-2013","status":"publish","type":"post","link":"https:\/\/agrund.com\/index.php\/salvatore-ferragamo-primavera-verao-2013\/","title":{"rendered":"Salvatore Ferragamo Primavera \/ Ver\u00e3o 2013"},"content":{"rendered":"<div>\n<p>Uma cole\u00e7\u00e3o s\u00f3bria, militar e nada ver\u00e3o \u00e9 a proposta do estilista Massimiliano Giometti para Salvatore Ferragam primavera \/ ver\u00e3o 2013. Sobriedade nas formas e cores: preto, branco, areia e oliva. O couro, muito presente, vai proteger dos ventos mais frescos do ver\u00e3o, mas usado com pe\u00e7as esportivas como camisetas de telas ou mais sexy com rendas, fica mais f\u00e1cil de suportar o calor. Trench-coats, casacos, tops, cal\u00e7as, saias e o comprimento mini para os dias mais ensolarados. A feminilidade ficou por conta das transpar\u00eancias. As botas com pontas abertas, meio h\u00edbrido de bota de cano alto e sand\u00e1lias podem virar objeto de desejo fashion para a pr\u00f3xima esta\u00e7\u00e3o. Quem aposta?<\/p>\n<div id=\"attachment_45257\" style=\"width: 410px\" class=\"wp-caption aligncenter\"><a class=\"lightbox\" title=\"Salvatore Ferragamo Primavera \/ Ver\u00e3o 2013 \" href=\"https:\/\/i0.wp.com\/www.agrund.com\/wp-content\/uploads\/2012\/09\/SF-1.jpg\"><img aria-describedby=\"caption-attachment-45257\" decoding=\"async\" loading=\"lazy\" class=\"size-full wp-image-45257\" title=\"Salvatore Ferragamo Primavera \/ Ver\u00e3o 2013 \" src=\"https:\/\/i0.wp.com\/www.agrund.com\/wp-content\/uploads\/2012\/09\/SF-1.jpg?resize=400%2C600\" alt=\"Salvatore Ferragamo Primavera \/ Ver\u00e3o 2013 \" width=\"400\" height=\"600\" data-recalc-dims=\"1\" \/><\/a><p id=\"caption-attachment-45257\" class=\"wp-caption-text\">Salvatore Ferragamo Primavera \/ Ver\u00e3o 2013<\/p><\/div>\n<div id=\"attachment_45258\" style=\"width: 410px\" class=\"wp-caption aligncenter\"><a class=\"lightbox\" title=\"Salvatore Ferragamo Primavera \/ Ver\u00e3o 2013 \" href=\"https:\/\/i0.wp.com\/www.agrund.com\/wp-content\/uploads\/2012\/09\/SF-2.jpg\"><img aria-describedby=\"caption-attachment-45258\" decoding=\"async\" loading=\"lazy\" class=\"size-full wp-image-45258\" title=\"Salvatore Ferragamo Primavera \/ Ver\u00e3o 2013 \" src=\"https:\/\/i0.wp.com\/www.agrund.com\/wp-content\/uploads\/2012\/09\/SF-2.jpg?resize=400%2C600\" alt=\"Salvatore Ferragamo Primavera \/ Ver\u00e3o 2013 \" width=\"400\" height=\"600\" data-recalc-dims=\"1\" \/><\/a><p id=\"caption-attachment-45258\" class=\"wp-caption-text\">Salvatore Ferragamo Primavera \/ Ver\u00e3o 2013<\/p><\/div>\n<div id=\"attachment_45259\" style=\"width: 410px\" class=\"wp-caption aligncenter\"><a class=\"lightbox\" title=\"Salvatore Ferragamo Primavera \/ Ver\u00e3o 2013 \" href=\"https:\/\/i0.wp.com\/www.agrund.com\/wp-content\/uploads\/2012\/09\/SF-3.jpg\"><img aria-describedby=\"caption-attachment-45259\" decoding=\"async\" loading=\"lazy\" class=\"size-full wp-image-45259\" title=\"Salvatore Ferragamo Primavera \/ Ver\u00e3o 2013 \" src=\"https:\/\/i0.wp.com\/www.agrund.com\/wp-content\/uploads\/2012\/09\/SF-3.jpg?resize=400%2C600\" alt=\"Salvatore Ferragamo Primavera \/ Ver\u00e3o 2013 \" width=\"400\" height=\"600\" data-recalc-dims=\"1\" \/><\/a><p id=\"caption-attachment-45259\" class=\"wp-caption-text\">Salvatore Ferragamo Primavera \/ Ver\u00e3o 2013<\/p><\/div>\n<div id=\"attachment_45260\" style=\"width: 410px\" class=\"wp-caption aligncenter\"><a class=\"lightbox\" title=\"Salvatore Ferragamo Primavera \/ Ver\u00e3o 2013 \" href=\"https:\/\/i0.wp.com\/www.agrund.com\/wp-content\/uploads\/2012\/09\/SF-4.jpg\"><img aria-describedby=\"caption-attachment-45260\" decoding=\"async\" loading=\"lazy\" class=\"size-full wp-image-45260\" title=\"Salvatore Ferragamo Primavera \/ Ver\u00e3o 2013 \" src=\"https:\/\/i0.wp.com\/www.agrund.com\/wp-content\/uploads\/2012\/09\/SF-4.jpg?resize=400%2C600\" alt=\"Salvatore Ferragamo Primavera \/ Ver\u00e3o 2013 \" width=\"400\" height=\"600\" data-recalc-dims=\"1\" \/><\/a><p id=\"caption-attachment-45260\" class=\"wp-caption-text\">Salvatore Ferragamo Primavera \/ Ver\u00e3o 2013<\/p><\/div>\n<div id=\"attachment_45261\" style=\"width: 410px\" class=\"wp-caption aligncenter\"><a class=\"lightbox\" title=\"Salvatore Ferragamo Primavera \/ Ver\u00e3o 2013 \" href=\"https:\/\/i0.wp.com\/www.agrund.com\/wp-content\/uploads\/2012\/09\/SF-5.jpg\"><img aria-describedby=\"caption-attachment-45261\" decoding=\"async\" loading=\"lazy\" class=\"size-full wp-image-45261\" title=\"Salvatore Ferragamo Primavera \/ Ver\u00e3o 2013 \" src=\"https:\/\/i0.wp.com\/www.agrund.com\/wp-content\/uploads\/2012\/09\/SF-5.jpg?resize=400%2C600\" alt=\"Salvatore Ferragamo Primavera \/ Ver\u00e3o 2013 \" width=\"400\" height=\"600\" data-recalc-dims=\"1\" \/><\/a><p id=\"caption-attachment-45261\" class=\"wp-caption-text\">Salvatore Ferragamo Primavera \/ Ver\u00e3o 2013<\/p><\/div>\n<div id=\"attachment_45262\" style=\"width: 410px\" class=\"wp-caption aligncenter\"><a class=\"lightbox\" title=\"Salvatore Ferragamo Primavera \/ Ver\u00e3o 2013 \" href=\"https:\/\/i0.wp.com\/www.agrund.com\/wp-content\/uploads\/2012\/09\/SF-6.jpg\"><img aria-describedby=\"caption-attachment-45262\" decoding=\"async\" loading=\"lazy\" class=\"size-full wp-image-45262\" title=\"Salvatore Ferragamo Primavera \/ Ver\u00e3o 2013 \" src=\"https:\/\/i0.wp.com\/www.agrund.com\/wp-content\/uploads\/2012\/09\/SF-6.jpg?resize=400%2C600\" alt=\"Salvatore Ferragamo Primavera \/ Ver\u00e3o 2013 \" width=\"400\" height=\"600\" data-recalc-dims=\"1\" \/><\/a><p id=\"caption-attachment-45262\" class=\"wp-caption-text\">Salvatore Ferragamo Primavera \/ Ver\u00e3o 2013<\/p><\/div>\n<div id=\"attachment_45263\" style=\"width: 410px\" class=\"wp-caption aligncenter\"><a class=\"lightbox\" title=\"Salvatore Ferragamo Primavera \/ Ver\u00e3o 2013 \" href=\"https:\/\/i0.wp.com\/www.agrund.com\/wp-content\/uploads\/2012\/09\/SF-7.jpg\"><img aria-describedby=\"caption-attachment-45263\" decoding=\"async\" loading=\"lazy\" class=\"size-full wp-image-45263\" title=\"Salvatore Ferragamo Primavera \/ Ver\u00e3o 2013 \" src=\"https:\/\/i0.wp.com\/www.agrund.com\/wp-content\/uploads\/2012\/09\/SF-7.jpg?resize=400%2C600\" alt=\"Salvatore Ferragamo Primavera \/ Ver\u00e3o 2013 \" width=\"400\" height=\"600\" data-recalc-dims=\"1\" \/><\/a><p id=\"caption-attachment-45263\" class=\"wp-caption-text\">Salvatore Ferragamo Primavera \/ Ver\u00e3o 2013<\/p><\/div>\n<div id=\"attachment_45264\" style=\"width: 410px\" class=\"wp-caption aligncenter\"><a class=\"lightbox\" title=\"Salvatore Ferragamo Primavera \/ Ver\u00e3o 2013 \" href=\"https:\/\/i0.wp.com\/www.agrund.com\/wp-content\/uploads\/2012\/09\/SF-8.jpg\"><img aria-describedby=\"caption-attachment-45264\" decoding=\"async\" loading=\"lazy\" class=\"size-full wp-image-45264\" title=\"Salvatore Ferragamo Primavera \/ Ver\u00e3o 2013 \" src=\"https:\/\/i0.wp.com\/www.agrund.com\/wp-content\/uploads\/2012\/09\/SF-8.jpg?resize=400%2C600\" alt=\"Salvatore Ferragamo Primavera \/ Ver\u00e3o 2013 \" width=\"400\" height=\"600\" data-recalc-dims=\"1\" \/><\/a><p id=\"caption-attachment-45264\" class=\"wp-caption-text\">Salvatore Ferragamo Primavera \/ Ver\u00e3o 2013<\/p><\/div>\n<div id=\"attachment_45265\" style=\"width: 410px\" class=\"wp-caption aligncenter\"><a class=\"lightbox\" title=\"Salvatore Ferragamo Primavera \/ Ver\u00e3o 2013 \" href=\"https:\/\/i0.wp.com\/www.agrund.com\/wp-content\/uploads\/2012\/09\/SF-9.jpg\"><img aria-describedby=\"caption-attachment-45265\" decoding=\"async\" loading=\"lazy\" class=\"size-full wp-image-45265\" title=\"Salvatore Ferragamo Primavera \/ Ver\u00e3o 2013 \" src=\"https:\/\/i0.wp.com\/www.agrund.com\/wp-content\/uploads\/2012\/09\/SF-9.jpg?resize=400%2C600\" alt=\"Salvatore Ferragamo Primavera \/ Ver\u00e3o 2013 \" width=\"400\" height=\"600\" data-recalc-dims=\"1\" \/><\/a><p id=\"caption-attachment-45265\" class=\"wp-caption-text\">Salvatore Ferragamo Primavera \/ Ver\u00e3o 2013<\/p><\/div>\n<div id=\"attachment_45266\" style=\"width: 410px\" class=\"wp-caption aligncenter\"><a class=\"lightbox\" title=\"Salvatore Ferragamo Primavera \/ Ver\u00e3o 2013 \" href=\"https:\/\/i0.wp.com\/www.agrund.com\/wp-content\/uploads\/2012\/09\/SF-10.jpg\"><img aria-describedby=\"caption-attachment-45266\" decoding=\"async\" loading=\"lazy\" class=\"size-full wp-image-45266\" title=\"Salvatore Ferragamo Primavera \/ Ver\u00e3o 2013 \" src=\"https:\/\/i0.wp.com\/www.agrund.com\/wp-content\/uploads\/2012\/09\/SF-10.jpg?resize=400%2C600\" alt=\"Salvatore Ferragamo Primavera \/ Ver\u00e3o 2013 \" width=\"400\" height=\"600\" data-recalc-dims=\"1\" \/><\/a><p id=\"caption-attachment-45266\" class=\"wp-caption-text\">Salvatore Ferragamo Primavera \/ Ver\u00e3o 2013<\/p><\/div>\n<p>Imagens: Reprodu\u00e7\u00e3o.<\/p>\n<\/div>\n<div>\n<div>\n<p>&nbsp;<\/p>\n<\/div>\n<\/div>\n","protected":false},"excerpt":{"rendered":"<p>Uma cole\u00e7\u00e3o s\u00f3bria, militar e nada ver\u00e3o \u00e9 a proposta do estilista Massimiliano Giometti para Salvatore Ferragam primavera \/ ver\u00e3o 2013. Sobriedade nas formas e cores: preto, branco, areia e oliva. O couro, muito presente, vai proteger dos ventos mais frescos do ver\u00e3o, mas usado com pe\u00e7as esportivas como camisetas de telas ou mais sexy [&hellip;]<\/p>\n","protected":false},"author":8,"featured_media":45267,"comment_status":"open","ping_status":"open","sticky":false,"template":"","format":"standard","meta":{"jetpack_post_was_ever_published":false,"_jetpack_newsletter_access":"","jetpack_publicize_message":"","jetpack_is_tweetstorm":false,"jetpack_publicize_feature_enabled":true,"jetpack_social_post_already_shared":false,"jetpack_social_options":{"image_generator_settings":{"template":"highway","enabled":false}}},"categories":[2],"tags":[],"jetpack_publicize_connections":[],"jetpack_featured_media_url":"","jetpack_sharing_enabled":true,"jetpack_shortlink":"https:\/\/wp.me\/p3Hz0n-bLV","jetpack_likes_enabled":true,"_links":{"self":[{"href":"https:\/\/agrund.com\/index.php\/wp-json\/wp\/v2\/posts\/45255"}],"collection":[{"href":"https:\/\/agrund.com\/index.php\/wp-json\/wp\/v2\/posts"}],"about":[{"href":"https:\/\/agrund.com\/index.php\/wp-json\/wp\/v2\/types\/post"}],"author":[{"embeddable":true,"href":"https:\/\/agrund.com\/index.php\/wp-json\/wp\/v2\/users\/8"}],"replies":[{"embeddable":true,"href":"https:\/\/agrund.com\/index.php\/wp-json\/wp\/v2\/comments?post=45255"}],"version-history":[{"count":0,"href":"https:\/\/agrund.com\/index.php\/wp-json\/wp\/v2\/posts\/45255\/revisions"}],"wp:featuredmedia":[{"embeddable":true,"href":"https:\/\/agrund.com\/index.php\/wp-json\/"}],"wp:attachment":[{"href":"https:\/\/agrund.com\/index.php\/wp-json\/wp\/v2\/media?parent=45255"}],"wp:term":[{"taxonomy":"category","embeddable":true,"href":"https:\/\/agrund.com\/index.php\/wp-json\/wp\/v2\/categories?post=45255"},{"taxonomy":"post_tag","embeddable":true,"href":"https:\/\/agrund.com\/index.php\/wp-json\/wp\/v2\/tags?post=45255"}],"curies":[{"name":"wp","href":"https:\/\/api.w.org\/{rel}","templated":true}]}}