{"id":45209,"date":"2012-09-23T18:35:40","date_gmt":"2012-09-23T21:35:40","guid":{"rendered":"http:\/\/www.agrund.com\/?p=45209"},"modified":"2012-09-23T18:35:40","modified_gmt":"2012-09-23T21:35:40","slug":"trussardi-primavera-verao-2013","status":"publish","type":"post","link":"https:\/\/agrund.com\/index.php\/trussardi-primavera-verao-2013\/","title":{"rendered":"Trussardi Primavera \/ Ver\u00e3o 2013"},"content":{"rendered":"<div>\n<p>O estilista Umit Benan foi buscar refer\u00eancia do outro lado do oceano, pelo menos para ele. NYC, Manhattan e o Central Park foram inspira\u00e7\u00e3o para a primavera \/ ver\u00e3o 2013 da Trussardi. Por isso, muita cal\u00e7a ampla ou cenoura cropped, vestidos nada curtos, blazer com abotoamento duplo, roupas pr\u00e1ticas para uma mulher moderna. Uma tend\u00eancia s\u00e3o as costuras dos ombros mais ca\u00eddas. Tanto a estampa de cobra quanto o floral em tons de cinza recebem o mostarda e ocre no meio. A silhueta era meio 20, meio 80, meio confusa! O conjuntinho recebe tecidos diferenciados e a camiseta \/ jaqueta de couro fica linda com saia esvoa\u00e7ante.<\/p>\n<div id=\"attachment_45211\" style=\"width: 410px\" class=\"wp-caption aligncenter\"><a class=\"lightbox\" title=\"Trussardi Primavera \/ Ver\u00e3o 2013  \" href=\"https:\/\/i0.wp.com\/www.agrund.com\/wp-content\/uploads\/2012\/09\/T-1.jpg\"><img aria-describedby=\"caption-attachment-45211\" decoding=\"async\" loading=\"lazy\" class=\"size-full wp-image-45211\" title=\"Trussardi Primavera \/ Ver\u00e3o 2013  \" src=\"https:\/\/i0.wp.com\/www.agrund.com\/wp-content\/uploads\/2012\/09\/T-1.jpg?resize=400%2C600\" alt=\"Trussardi Primavera \/ Ver\u00e3o 2013  \" width=\"400\" height=\"600\" data-recalc-dims=\"1\" \/><\/a><p id=\"caption-attachment-45211\" class=\"wp-caption-text\">Trussardi Primavera \/ Ver\u00e3o 2013<\/p><\/div>\n<div id=\"attachment_45212\" style=\"width: 410px\" class=\"wp-caption aligncenter\"><a class=\"lightbox\" title=\"Trussardi Primavera \/ Ver\u00e3o 2013  \" href=\"https:\/\/i0.wp.com\/www.agrund.com\/wp-content\/uploads\/2012\/09\/T-2.jpg\"><img aria-describedby=\"caption-attachment-45212\" decoding=\"async\" loading=\"lazy\" class=\"size-full wp-image-45212\" title=\"Trussardi Primavera \/ Ver\u00e3o 2013  \" src=\"https:\/\/i0.wp.com\/www.agrund.com\/wp-content\/uploads\/2012\/09\/T-2.jpg?resize=400%2C600\" alt=\"Trussardi Primavera \/ Ver\u00e3o 2013  \" width=\"400\" height=\"600\" data-recalc-dims=\"1\" \/><\/a><p id=\"caption-attachment-45212\" class=\"wp-caption-text\">Trussardi Primavera \/ Ver\u00e3o 2013<\/p><\/div>\n<div id=\"attachment_45213\" style=\"width: 410px\" class=\"wp-caption aligncenter\"><a class=\"lightbox\" title=\"Trussardi Primavera \/ Ver\u00e3o 2013  \" href=\"https:\/\/i0.wp.com\/www.agrund.com\/wp-content\/uploads\/2012\/09\/T-3.jpg\"><img aria-describedby=\"caption-attachment-45213\" decoding=\"async\" loading=\"lazy\" class=\"size-full wp-image-45213\" title=\"Trussardi Primavera \/ Ver\u00e3o 2013  \" src=\"https:\/\/i0.wp.com\/www.agrund.com\/wp-content\/uploads\/2012\/09\/T-3.jpg?resize=400%2C600\" alt=\"Trussardi Primavera \/ Ver\u00e3o 2013  \" width=\"400\" height=\"600\" data-recalc-dims=\"1\" \/><\/a><p id=\"caption-attachment-45213\" class=\"wp-caption-text\">Trussardi Primavera \/ Ver\u00e3o 2013<\/p><\/div>\n<div id=\"attachment_45214\" style=\"width: 410px\" class=\"wp-caption aligncenter\"><a class=\"lightbox\" title=\"Trussardi Primavera \/ Ver\u00e3o 2013  \" href=\"https:\/\/i0.wp.com\/www.agrund.com\/wp-content\/uploads\/2012\/09\/T-4.jpg\"><img aria-describedby=\"caption-attachment-45214\" decoding=\"async\" loading=\"lazy\" class=\"size-full wp-image-45214\" title=\"Trussardi Primavera \/ Ver\u00e3o 2013  \" src=\"https:\/\/i0.wp.com\/www.agrund.com\/wp-content\/uploads\/2012\/09\/T-4.jpg?resize=400%2C600\" alt=\"Trussardi Primavera \/ Ver\u00e3o 2013  \" width=\"400\" height=\"600\" data-recalc-dims=\"1\" \/><\/a><p id=\"caption-attachment-45214\" class=\"wp-caption-text\">Trussardi Primavera \/ Ver\u00e3o 2013<\/p><\/div>\n<div id=\"attachment_45215\" style=\"width: 410px\" class=\"wp-caption aligncenter\"><a class=\"lightbox\" title=\"Trussardi Primavera \/ Ver\u00e3o 2013  \" href=\"https:\/\/i0.wp.com\/www.agrund.com\/wp-content\/uploads\/2012\/09\/T-5.jpg\"><img aria-describedby=\"caption-attachment-45215\" decoding=\"async\" loading=\"lazy\" class=\"size-full wp-image-45215\" title=\"Trussardi Primavera \/ Ver\u00e3o 2013  \" src=\"https:\/\/i0.wp.com\/www.agrund.com\/wp-content\/uploads\/2012\/09\/T-5.jpg?resize=400%2C600\" alt=\"Trussardi Primavera \/ Ver\u00e3o 2013  \" width=\"400\" height=\"600\" data-recalc-dims=\"1\" \/><\/a><p id=\"caption-attachment-45215\" class=\"wp-caption-text\">Trussardi Primavera \/ Ver\u00e3o 2013<\/p><\/div>\n<div id=\"attachment_45216\" style=\"width: 410px\" class=\"wp-caption aligncenter\"><a class=\"lightbox\" title=\"Trussardi Primavera \/ Ver\u00e3o 2013  \" href=\"https:\/\/i0.wp.com\/www.agrund.com\/wp-content\/uploads\/2012\/09\/T-6.jpg\"><img aria-describedby=\"caption-attachment-45216\" decoding=\"async\" loading=\"lazy\" class=\"size-full wp-image-45216\" title=\"Trussardi Primavera \/ Ver\u00e3o 2013  \" src=\"https:\/\/i0.wp.com\/www.agrund.com\/wp-content\/uploads\/2012\/09\/T-6.jpg?resize=400%2C600\" alt=\"Trussardi Primavera \/ Ver\u00e3o 2013  \" width=\"400\" height=\"600\" data-recalc-dims=\"1\" \/><\/a><p id=\"caption-attachment-45216\" class=\"wp-caption-text\">Trussardi Primavera \/ Ver\u00e3o 2013<\/p><\/div>\n<div id=\"attachment_45217\" style=\"width: 410px\" class=\"wp-caption aligncenter\"><a class=\"lightbox\" title=\"Trussardi Primavera \/ Ver\u00e3o 2013  \" href=\"https:\/\/i0.wp.com\/www.agrund.com\/wp-content\/uploads\/2012\/09\/T-7.jpg\"><img aria-describedby=\"caption-attachment-45217\" decoding=\"async\" loading=\"lazy\" class=\"size-full wp-image-45217\" title=\"Trussardi Primavera \/ Ver\u00e3o 2013  \" src=\"https:\/\/i0.wp.com\/www.agrund.com\/wp-content\/uploads\/2012\/09\/T-7.jpg?resize=400%2C600\" alt=\"Trussardi Primavera \/ Ver\u00e3o 2013  \" width=\"400\" height=\"600\" data-recalc-dims=\"1\" \/><\/a><p id=\"caption-attachment-45217\" class=\"wp-caption-text\">Trussardi Primavera \/ Ver\u00e3o 2013<\/p><\/div>\n<div id=\"attachment_45218\" style=\"width: 410px\" class=\"wp-caption aligncenter\"><a class=\"lightbox\" title=\"Trussardi Primavera \/ Ver\u00e3o 2013  \" href=\"https:\/\/i0.wp.com\/www.agrund.com\/wp-content\/uploads\/2012\/09\/T-8.jpg\"><img aria-describedby=\"caption-attachment-45218\" decoding=\"async\" loading=\"lazy\" class=\"size-full wp-image-45218\" title=\"Trussardi Primavera \/ Ver\u00e3o 2013  \" src=\"https:\/\/i0.wp.com\/www.agrund.com\/wp-content\/uploads\/2012\/09\/T-8.jpg?resize=400%2C600\" alt=\"Trussardi Primavera \/ Ver\u00e3o 2013  \" width=\"400\" height=\"600\" data-recalc-dims=\"1\" \/><\/a><p id=\"caption-attachment-45218\" class=\"wp-caption-text\">Trussardi Primavera \/ Ver\u00e3o 2013<\/p><\/div>\n<p>Imagens: Reprodu\u00e7\u00e3o.<\/p>\n<p>&nbsp;<\/p>\n<\/div>\n<div>\n<div>\n<p>&nbsp;<\/p>\n<\/div>\n<\/div>\n","protected":false},"excerpt":{"rendered":"<p>O estilista Umit Benan foi buscar refer\u00eancia do outro lado do oceano, pelo menos para ele. NYC, Manhattan e o Central Park foram inspira\u00e7\u00e3o para a primavera \/ ver\u00e3o 2013 da Trussardi. Por isso, muita cal\u00e7a ampla ou cenoura cropped, vestidos nada curtos, blazer com abotoamento duplo, roupas pr\u00e1ticas para uma mulher moderna. Uma tend\u00eancia [&hellip;]<\/p>\n","protected":false},"author":8,"featured_media":45219,"comment_status":"open","ping_status":"open","sticky":false,"template":"","format":"standard","meta":{"jetpack_post_was_ever_published":false,"_jetpack_newsletter_access":"","jetpack_publicize_message":"","jetpack_is_tweetstorm":false,"jetpack_publicize_feature_enabled":true,"jetpack_social_post_already_shared":false,"jetpack_social_options":{"image_generator_settings":{"template":"highway","enabled":false}}},"categories":[2],"tags":[],"jetpack_publicize_connections":[],"jetpack_featured_media_url":"","jetpack_sharing_enabled":true,"jetpack_shortlink":"https:\/\/wp.me\/p3Hz0n-bLb","jetpack_likes_enabled":true,"_links":{"self":[{"href":"https:\/\/agrund.com\/index.php\/wp-json\/wp\/v2\/posts\/45209"}],"collection":[{"href":"https:\/\/agrund.com\/index.php\/wp-json\/wp\/v2\/posts"}],"about":[{"href":"https:\/\/agrund.com\/index.php\/wp-json\/wp\/v2\/types\/post"}],"author":[{"embeddable":true,"href":"https:\/\/agrund.com\/index.php\/wp-json\/wp\/v2\/users\/8"}],"replies":[{"embeddable":true,"href":"https:\/\/agrund.com\/index.php\/wp-json\/wp\/v2\/comments?post=45209"}],"version-history":[{"count":0,"href":"https:\/\/agrund.com\/index.php\/wp-json\/wp\/v2\/posts\/45209\/revisions"}],"wp:featuredmedia":[{"embeddable":true,"href":"https:\/\/agrund.com\/index.php\/wp-json\/"}],"wp:attachment":[{"href":"https:\/\/agrund.com\/index.php\/wp-json\/wp\/v2\/media?parent=45209"}],"wp:term":[{"taxonomy":"category","embeddable":true,"href":"https:\/\/agrund.com\/index.php\/wp-json\/wp\/v2\/categories?post=45209"},{"taxonomy":"post_tag","embeddable":true,"href":"https:\/\/agrund.com\/index.php\/wp-json\/wp\/v2\/tags?post=45209"}],"curies":[{"name":"wp","href":"https:\/\/api.w.org\/{rel}","templated":true}]}}