{"id":44705,"date":"2012-09-19T20:00:52","date_gmt":"2012-09-19T23:00:52","guid":{"rendered":"http:\/\/www.agrund.com\/?p=44705"},"modified":"2012-09-19T20:00:52","modified_gmt":"2012-09-19T23:00:52","slug":"arvore-da-vida-a-joia-do-bem-de-laura-marchi","status":"publish","type":"post","link":"https:\/\/agrund.com\/index.php\/arvore-da-vida-a-joia-do-bem-de-laura-marchi\/","title":{"rendered":"\u00c1rvore Da Vida :: A joia do bem de Laura Marchi"},"content":{"rendered":"<p>A joalheira Laura Marchi, sempre envolvida em causas sociais, criou o \u201cProjeto \u00c1rvore da Vida\u201d. Um pingente de design \u00fanico ser\u00e1 comercializado durante 6 meses com renda integral revertida \u00e0 Obra do Ber\u00e7o.\u00a0\u00a0Comandada por Vera Helena Pires, a Obra do Ber\u00e7o foi criada em 1938 para auxiliar m\u00e3es gr\u00e1vidas, dando apoio e condi\u00e7\u00f5es b\u00e1sicas para a educa\u00e7\u00e3o dos filhos.<\/p>\n<p>Os pingentes s\u00e3o de ouro e algumas pedras que representam a cor e a forma dos frutos e folhas das \u00e1rvores s\u00e3o: diamantes, turmalinas Para\u00edba, tanzanitas e safiras coloridas. A \u00e1rvore representa a for\u00e7a da natureza capaz de modificar, transformar e adaptar-se a qualquer tipo de adversidade. Toda\u00a0crian\u00e7a e adolescente tem uma natureza que pode se desenvolver, intensificar e modificar-se de forma a produzir bons frutos no futuro.<\/p>\n<p>&nbsp;<\/p>\n<p><strong>Onde encontrar:<\/strong><\/p>\n<p><strong>Shopping Iguatemi Alphaville \u20134209-1880<\/strong><\/p>\n<p><strong>Vila Nova Concei\u00e7\u00e3o \u2013 3842-7958<\/strong><\/p>\n<div id=\"attachment_44711\" style=\"width: 510px\" class=\"wp-caption aligncenter\"><a class=\"lightbox\" title=\"\u00c1rvore Da Vida :: A joia do bem de Laura Marchi\" href=\"https:\/\/i0.wp.com\/www.agrund.com\/wp-content\/uploads\/2012\/09\/ar6.jpg\"><img aria-describedby=\"caption-attachment-44711\" decoding=\"async\" loading=\"lazy\" class=\"size-full wp-image-44711\" title=\"\u00c1rvore Da Vida :: A joia do bem de Laura Marchi\" src=\"https:\/\/i0.wp.com\/www.agrund.com\/wp-content\/uploads\/2012\/09\/ar6.jpg?resize=500%2C500\" alt=\"\u00c1rvore Da Vida :: A joia do bem de Laura Marchi\" width=\"500\" height=\"500\" data-recalc-dims=\"1\" \/><\/a><p id=\"caption-attachment-44711\" class=\"wp-caption-text\">\u00c1rvore Da Vida :: A joia do bem de Laura Marchi<\/p><\/div>\n<div id=\"attachment_44710\" style=\"width: 510px\" class=\"wp-caption aligncenter\"><a class=\"lightbox\" title=\"\u00c1rvore Da Vida :: A joia do bem de Laura Marchi\" href=\"https:\/\/i0.wp.com\/www.agrund.com\/wp-content\/uploads\/2012\/09\/ar5.jpg\"><img aria-describedby=\"caption-attachment-44710\" decoding=\"async\" loading=\"lazy\" class=\"size-full wp-image-44710\" title=\"\u00c1rvore Da Vida :: A joia do bem de Laura Marchi\" src=\"https:\/\/i0.wp.com\/www.agrund.com\/wp-content\/uploads\/2012\/09\/ar5.jpg?resize=500%2C500\" alt=\"\u00c1rvore Da Vida :: A joia do bem de Laura Marchi\" width=\"500\" height=\"500\" data-recalc-dims=\"1\" \/><\/a><p id=\"caption-attachment-44710\" class=\"wp-caption-text\">\u00c1rvore Da Vida :: A joia do bem de Laura Marchi<\/p><\/div>\n<div id=\"attachment_44709\" style=\"width: 510px\" class=\"wp-caption aligncenter\"><a class=\"lightbox\" title=\"\u00c1rvore Da Vida :: A joia do bem de Laura Marchi\" href=\"https:\/\/i0.wp.com\/www.agrund.com\/wp-content\/uploads\/2012\/09\/ar4.jpg\"><img aria-describedby=\"caption-attachment-44709\" decoding=\"async\" loading=\"lazy\" class=\"size-full wp-image-44709\" title=\"\u00c1rvore Da Vida :: A joia do bem de Laura Marchi\" src=\"https:\/\/i0.wp.com\/www.agrund.com\/wp-content\/uploads\/2012\/09\/ar4.jpg?resize=500%2C500\" alt=\"\u00c1rvore Da Vida :: A joia do bem de Laura Marchi\" width=\"500\" height=\"500\" data-recalc-dims=\"1\" \/><\/a><p id=\"caption-attachment-44709\" class=\"wp-caption-text\">\u00c1rvore Da Vida :: A joia do bem de Laura Marchi<\/p><\/div>\n<div id=\"attachment_44708\" style=\"width: 510px\" class=\"wp-caption aligncenter\"><a class=\"lightbox\" title=\"\u00c1rvore Da Vida :: A joia do bem de Laura Marchi\" href=\"https:\/\/i0.wp.com\/www.agrund.com\/wp-content\/uploads\/2012\/09\/ar3.jpg\"><img aria-describedby=\"caption-attachment-44708\" decoding=\"async\" loading=\"lazy\" class=\"size-full wp-image-44708\" title=\"\u00c1rvore Da Vida :: A joia do bem de Laura Marchi\" src=\"https:\/\/i0.wp.com\/www.agrund.com\/wp-content\/uploads\/2012\/09\/ar3.jpg?resize=500%2C500\" alt=\"\u00c1rvore Da Vida :: A joia do bem de Laura Marchi\" width=\"500\" height=\"500\" data-recalc-dims=\"1\" \/><\/a><p id=\"caption-attachment-44708\" class=\"wp-caption-text\">\u00c1rvore Da Vida :: A joia do bem de Laura Marchi<\/p><\/div>\n<div id=\"attachment_44707\" style=\"width: 510px\" class=\"wp-caption aligncenter\"><a class=\"lightbox\" title=\"\u00c1rvore Da Vida :: A joia do bem de Laura Marchi\" href=\"https:\/\/i0.wp.com\/www.agrund.com\/wp-content\/uploads\/2012\/09\/ar2.jpg\"><img aria-describedby=\"caption-attachment-44707\" decoding=\"async\" loading=\"lazy\" class=\"size-full wp-image-44707\" title=\"\u00c1rvore Da Vida :: A joia do bem de Laura Marchi\" src=\"https:\/\/i0.wp.com\/www.agrund.com\/wp-content\/uploads\/2012\/09\/ar2.jpg?resize=500%2C500\" alt=\"\u00c1rvore Da Vida :: A joia do bem de Laura Marchi\" width=\"500\" height=\"500\" data-recalc-dims=\"1\" \/><\/a><p id=\"caption-attachment-44707\" class=\"wp-caption-text\">\u00c1rvore Da Vida :: A joia do bem de Laura Marchi<\/p><\/div>\n<div id=\"attachment_44706\" style=\"width: 510px\" class=\"wp-caption aligncenter\"><a class=\"lightbox\" title=\"\u00c1rvore Da Vida :: A joia do bem de Laura Marchi\" href=\"https:\/\/i0.wp.com\/www.agrund.com\/wp-content\/uploads\/2012\/09\/ar-1.jpg\"><img aria-describedby=\"caption-attachment-44706\" decoding=\"async\" loading=\"lazy\" class=\"size-full wp-image-44706\" title=\"\u00c1rvore Da Vida :: A joia do bem de Laura Marchi\" src=\"https:\/\/i0.wp.com\/www.agrund.com\/wp-content\/uploads\/2012\/09\/ar-1.jpg?resize=500%2C500\" alt=\"\u00c1rvore Da Vida :: A joia do bem de Laura Marchi\" width=\"500\" height=\"500\" data-recalc-dims=\"1\" \/><\/a><p id=\"caption-attachment-44706\" class=\"wp-caption-text\">\u00c1rvore Da Vida :: A joia do bem de Laura Marchi<\/p><\/div>\n<p><strong><br \/>\n<\/strong><\/p>\n<p><strong>Imagens: Divulga\u00e7\u00e3o.<\/strong><\/p>\n","protected":false},"excerpt":{"rendered":"<p>A joalheira Laura Marchi, sempre envolvida em causas sociais, criou o \u201cProjeto \u00c1rvore da Vida\u201d. Um pingente de design \u00fanico ser\u00e1 comercializado durante 6 meses com renda integral revertida \u00e0 Obra do Ber\u00e7o.\u00a0\u00a0Comandada por Vera Helena Pires, a Obra do Ber\u00e7o foi criada em 1938 para auxiliar m\u00e3es gr\u00e1vidas, dando apoio e condi\u00e7\u00f5es b\u00e1sicas para [&hellip;]<\/p>\n","protected":false},"author":8,"featured_media":44712,"comment_status":"open","ping_status":"open","sticky":false,"template":"","format":"standard","meta":{"jetpack_post_was_ever_published":false,"_jetpack_newsletter_access":"","jetpack_publicize_message":"","jetpack_is_tweetstorm":false,"jetpack_publicize_feature_enabled":true,"jetpack_social_post_already_shared":false,"jetpack_social_options":{"image_generator_settings":{"template":"highway","enabled":false}}},"categories":[2],"tags":[],"jetpack_publicize_connections":[],"jetpack_featured_media_url":"","jetpack_sharing_enabled":true,"jetpack_shortlink":"https:\/\/wp.me\/p3Hz0n-bD3","jetpack_likes_enabled":true,"_links":{"self":[{"href":"https:\/\/agrund.com\/index.php\/wp-json\/wp\/v2\/posts\/44705"}],"collection":[{"href":"https:\/\/agrund.com\/index.php\/wp-json\/wp\/v2\/posts"}],"about":[{"href":"https:\/\/agrund.com\/index.php\/wp-json\/wp\/v2\/types\/post"}],"author":[{"embeddable":true,"href":"https:\/\/agrund.com\/index.php\/wp-json\/wp\/v2\/users\/8"}],"replies":[{"embeddable":true,"href":"https:\/\/agrund.com\/index.php\/wp-json\/wp\/v2\/comments?post=44705"}],"version-history":[{"count":0,"href":"https:\/\/agrund.com\/index.php\/wp-json\/wp\/v2\/posts\/44705\/revisions"}],"wp:featuredmedia":[{"embeddable":true,"href":"https:\/\/agrund.com\/index.php\/wp-json\/"}],"wp:attachment":[{"href":"https:\/\/agrund.com\/index.php\/wp-json\/wp\/v2\/media?parent=44705"}],"wp:term":[{"taxonomy":"category","embeddable":true,"href":"https:\/\/agrund.com\/index.php\/wp-json\/wp\/v2\/categories?post=44705"},{"taxonomy":"post_tag","embeddable":true,"href":"https:\/\/agrund.com\/index.php\/wp-json\/wp\/v2\/tags?post=44705"}],"curies":[{"name":"wp","href":"https:\/\/api.w.org\/{rel}","templated":true}]}}