{"id":44586,"date":"2012-09-18T22:00:02","date_gmt":"2012-09-19T01:00:02","guid":{"rendered":"http:\/\/www.agrund.com\/?p=44586"},"modified":"2012-09-18T22:00:02","modified_gmt":"2012-09-19T01:00:02","slug":"harry-styles-prestigia-suposta-namorada-na-semana-de-moda-de-londres","status":"publish","type":"post","link":"https:\/\/agrund.com\/index.php\/harry-styles-prestigia-suposta-namorada-na-semana-de-moda-de-londres\/","title":{"rendered":"Harry Styles prestigia suposta namorada na semana de moda de Londres"},"content":{"rendered":"<p><span style=\"font-family: Calibri;font-size: medium\">Segundo uma fonte informou ao jornal \u2018Daily Mirror\u2019, Harry Styles sorria cada vez que Cara Delevingne entrava na passarela pelo desfile da Burberry, que aconteceu na \u00faltima segunda-feira, dia 17.<\/span><\/p>\n<p><span style=\"font-family: Calibri;font-size: medium\">O cantor, de 18 anos, foi apresentado \u00e0 modelo, de 20, pelos amigos Pixie Geldof e Nick Grimshaw, que \u00e9 DJ. Os rumores de que os dois estariam juntos come\u00e7aram no m\u00eas passado, depois que Harry e Cara foram fotografados saindo de uma festa de madrugada.<\/span><\/p>\n<p><span style=\"font-family: Calibri;font-size: medium\">&#8220;Ele tentava desviar o olhar para n\u00e3o constrang\u00ea-la, mas dava para dizer que havia muita qu\u00edmica entre os dois,&#8221; contou a fonte sobre o desfile na segunda.<\/span><\/p>\n<p><span style=\"font-family: Calibri;font-size: medium\">Nem o cantor nem a modelo, por\u00e9m, confirmam o romance. &#8220;N\u00e3o vou falar sobre esse assunto,&#8221; disse Cara, na semana passada. Depois, ela tuitou: &#8220;Por favor, parem de perguntar. Voc\u00eas n\u00e3o precisam saber\u201d.<\/span><\/p>\n<div id=\"attachment_44587\" style=\"width: 510px\" class=\"wp-caption aligncenter\"><a class=\"lightbox\" title=\"Harry Styles prestigia suposta namorada na semana de moda de Londres\" href=\"https:\/\/i0.wp.com\/www.agrund.com\/wp-content\/uploads\/2012\/09\/harry-styles-and-cara-delevingne-1344332995-custom-0.jpg\"><img aria-describedby=\"caption-attachment-44587\" decoding=\"async\" loading=\"lazy\" class=\"size-full wp-image-44587\" title=\"Harry Styles prestigia suposta namorada na semana de moda de Londres\" src=\"https:\/\/i0.wp.com\/www.agrund.com\/wp-content\/uploads\/2012\/09\/harry-styles-and-cara-delevingne-1344332995-custom-0.jpg?resize=500%2C300\" alt=\"Harry Styles prestigia suposta namorada na semana de moda de Londres\" width=\"500\" height=\"300\" data-recalc-dims=\"1\" \/><\/a><p id=\"caption-attachment-44587\" class=\"wp-caption-text\">Harry Styles prestigia suposta namorada na semana de moda de Londres<\/p><\/div>\n<p><span style=\"font-family: Calibri;font-size: medium\">Imagens: Reprodu\u00e7\u00e3o.<\/span><\/p>\n","protected":false},"excerpt":{"rendered":"<p>Segundo uma fonte informou ao jornal \u2018Daily Mirror\u2019, Harry Styles sorria cada vez que Cara Delevingne entrava na passarela pelo desfile da Burberry, que aconteceu na \u00faltima segunda-feira, dia 17. O cantor, de 18 anos, foi apresentado \u00e0 modelo, de 20, pelos amigos Pixie Geldof e Nick Grimshaw, que \u00e9 DJ. Os rumores de que [&hellip;]<\/p>\n","protected":false},"author":8,"featured_media":44588,"comment_status":"open","ping_status":"open","sticky":false,"template":"","format":"standard","meta":{"jetpack_post_was_ever_published":false,"_jetpack_newsletter_access":"","jetpack_publicize_message":"","jetpack_is_tweetstorm":false,"jetpack_publicize_feature_enabled":true,"jetpack_social_post_already_shared":false,"jetpack_social_options":{"image_generator_settings":{"template":"highway","enabled":false}}},"categories":[2],"tags":[],"jetpack_publicize_connections":[],"jetpack_featured_media_url":"","jetpack_sharing_enabled":true,"jetpack_shortlink":"https:\/\/wp.me\/p3Hz0n-bB8","jetpack_likes_enabled":true,"_links":{"self":[{"href":"https:\/\/agrund.com\/index.php\/wp-json\/wp\/v2\/posts\/44586"}],"collection":[{"href":"https:\/\/agrund.com\/index.php\/wp-json\/wp\/v2\/posts"}],"about":[{"href":"https:\/\/agrund.com\/index.php\/wp-json\/wp\/v2\/types\/post"}],"author":[{"embeddable":true,"href":"https:\/\/agrund.com\/index.php\/wp-json\/wp\/v2\/users\/8"}],"replies":[{"embeddable":true,"href":"https:\/\/agrund.com\/index.php\/wp-json\/wp\/v2\/comments?post=44586"}],"version-history":[{"count":0,"href":"https:\/\/agrund.com\/index.php\/wp-json\/wp\/v2\/posts\/44586\/revisions"}],"wp:featuredmedia":[{"embeddable":true,"href":"https:\/\/agrund.com\/index.php\/wp-json\/"}],"wp:attachment":[{"href":"https:\/\/agrund.com\/index.php\/wp-json\/wp\/v2\/media?parent=44586"}],"wp:term":[{"taxonomy":"category","embeddable":true,"href":"https:\/\/agrund.com\/index.php\/wp-json\/wp\/v2\/categories?post=44586"},{"taxonomy":"post_tag","embeddable":true,"href":"https:\/\/agrund.com\/index.php\/wp-json\/wp\/v2\/tags?post=44586"}],"curies":[{"name":"wp","href":"https:\/\/api.w.org\/{rel}","templated":true}]}}