{"id":4442,"date":"2011-02-10T11:01:03","date_gmt":"2011-02-10T13:01:03","guid":{"rendered":"http:\/\/www.agrund.com\/blogs\/notas\/?p=4442"},"modified":"2011-02-10T11:01:03","modified_gmt":"2011-02-10T13:01:03","slug":"alfaiataria-persona","status":"publish","type":"post","link":"https:\/\/agrund.com\/index.php\/alfaiataria-persona\/","title":{"rendered":"ALFAIATARIA PERSONA"},"content":{"rendered":"<p>Nasce uma nova marca para o mercado masculino brasileiro. A Alfaiataria Persona abre suas portas dia 12 de fevereiro, e chega focando no homem com um gosto apurado e que se preocupa com exclusividade, sofistica\u00e7\u00e3o e qualidade na hora de comprar um terno. Ser\u00e3o vendidos tanto produtos prontos quanto sob medida, com tecidos de alta qualidade, como a l\u00e3 fria australiana e o algod\u00e3o eg\u00edpcio.<\/p>\n<p><em>\u201cApostamos na tecnologia dos tecidos e a partir disso criamos pe\u00e7as \u00fanicas e com alma. S\u00e3o nos detalhes que fazemos nossa diferen\u00e7a\u201d,<\/em> diz Luiz Aziz Neto, diretor da marca. Entre os fabricantes est\u00e3o Ermenegildo Zegna, Loro Piana, Reda, Lessona, Paramount, Dormeil e Thomas Maison. Luxo!<\/p>\n<p style=\"text-align: center\"><strong><a href=\"https:\/\/i0.wp.com\/www.agrund.com\/files\/2011\/02\/image001.jpg\"><img decoding=\"async\" loading=\"lazy\" class=\"aligncenter size-full wp-image-4450\" src=\"https:\/\/i0.wp.com\/www.agrund.com\/arquivo\/notas\/files\/2011\/02\/image001.jpg?resize=508%2C228\" alt=\"\" width=\"508\" height=\"228\" data-recalc-dims=\"1\" \/><\/a><\/strong><\/p>\n<p style=\"text-align: center\"><strong><a href=\"https:\/\/i0.wp.com\/www.agrund.com\/files\/2011\/02\/image0031.jpg\"><img decoding=\"async\" loading=\"lazy\" class=\"aligncenter size-full wp-image-4452\" src=\"https:\/\/i0.wp.com\/www.agrund.com\/arquivo\/notas\/files\/2011\/02\/image0031.jpg?resize=333%2C400\" alt=\"\" width=\"333\" height=\"400\" data-recalc-dims=\"1\" \/><\/a><\/strong><\/p>\n<p><strong>Alfaiataria Persona<\/strong><\/p>\n<p>Alameda Franca, 1185 \u2013 Jardins<\/p>\n","protected":false},"excerpt":{"rendered":"<p>Nasce uma nova marca para o mercado masculino brasileiro. A Alfaiataria Persona abre suas portas dia 12 de fevereiro, e chega focando no homem com um gosto apurado e que se preocupa com exclusividade, sofistica\u00e7\u00e3o e qualidade na hora de comprar um terno. Ser\u00e3o vendidos tanto produtos prontos quanto sob medida, com tecidos de alta [&hellip;]<\/p>\n","protected":false},"author":8,"featured_media":4450,"comment_status":"open","ping_status":"open","sticky":false,"template":"","format":"standard","meta":{"jetpack_post_was_ever_published":false,"_jetpack_newsletter_access":"","jetpack_publicize_message":"","jetpack_is_tweetstorm":false,"jetpack_publicize_feature_enabled":true,"jetpack_social_post_already_shared":false,"jetpack_social_options":{"image_generator_settings":{"template":"highway","enabled":false}}},"categories":[2],"tags":[],"jetpack_publicize_connections":[],"jetpack_featured_media_url":"","jetpack_sharing_enabled":true,"jetpack_shortlink":"https:\/\/wp.me\/p3Hz0n-19E","jetpack_likes_enabled":true,"_links":{"self":[{"href":"https:\/\/agrund.com\/index.php\/wp-json\/wp\/v2\/posts\/4442"}],"collection":[{"href":"https:\/\/agrund.com\/index.php\/wp-json\/wp\/v2\/posts"}],"about":[{"href":"https:\/\/agrund.com\/index.php\/wp-json\/wp\/v2\/types\/post"}],"author":[{"embeddable":true,"href":"https:\/\/agrund.com\/index.php\/wp-json\/wp\/v2\/users\/8"}],"replies":[{"embeddable":true,"href":"https:\/\/agrund.com\/index.php\/wp-json\/wp\/v2\/comments?post=4442"}],"version-history":[{"count":0,"href":"https:\/\/agrund.com\/index.php\/wp-json\/wp\/v2\/posts\/4442\/revisions"}],"wp:featuredmedia":[{"embeddable":true,"href":"https:\/\/agrund.com\/index.php\/wp-json\/"}],"wp:attachment":[{"href":"https:\/\/agrund.com\/index.php\/wp-json\/wp\/v2\/media?parent=4442"}],"wp:term":[{"taxonomy":"category","embeddable":true,"href":"https:\/\/agrund.com\/index.php\/wp-json\/wp\/v2\/categories?post=4442"},{"taxonomy":"post_tag","embeddable":true,"href":"https:\/\/agrund.com\/index.php\/wp-json\/wp\/v2\/tags?post=4442"}],"curies":[{"name":"wp","href":"https:\/\/api.w.org\/{rel}","templated":true}]}}