{"id":44399,"date":"2012-09-13T16:00:26","date_gmt":"2012-09-13T19:00:26","guid":{"rendered":"http:\/\/www.agrund.com\/?p=44399"},"modified":"2012-09-13T16:00:26","modified_gmt":"2012-09-13T19:00:26","slug":"rompimento-selma-blair-e-jason-bleick-se-separam","status":"publish","type":"post","link":"https:\/\/agrund.com\/index.php\/rompimento-selma-blair-e-jason-bleick-se-separam\/","title":{"rendered":"Rompimento :: Selma Blair e Jason Bleick se separam"},"content":{"rendered":"<div>A atriz Selma Blair e o estilista Jason Bleick,\u00a0que t\u00eam um filho de 14 meses de idade, Arthur, supostamente se separaram porque n\u00e3o conseguiam parar de brigar, segundo uma fonte disse \u00e0 revista Us Weekly.<\/div>\n<div><\/div>\n<div>Selma e Arthur j\u00e1 se mudaram para um apartamento tempor\u00e1rio em Venice Beach, em Los Angeles. No entanto, o rompimento parece amig\u00e1vel e o par pretende ficar perto por causa de seu filho.<\/div>\n<div><\/div>\n<div>A fonte acrescentou que Jason passou algum tempo com Arthur recentemente. Ele encontrou Selma em um restaurante, em seguida, levou Arthur para um passeio na praia.<\/div>\n<div><\/div>\n<div>Selma revelou que recebeu um convite para participar de um reality show, algo que ela recusou.\u00a0&#8220;Voc\u00ea tem que fazer tudo para ganhar a vida, a menos que voc\u00ea seja Cate Blanchett. Voc\u00ea tem que escrever cinco livros e lan\u00e7ar uma linha de meias. Fui abordada para fazer um reality show agora. Eu decidi que eu sou real demais para isso. E eu n\u00e3o tenho um bando de amigos patetas, voc\u00ea tem que fazer muito merchandising\u201d, disse a atriz.<\/div>\n<div><\/div>\n<div>\n<div id=\"attachment_44401\" style=\"width: 495px\" class=\"wp-caption aligncenter\"><a class=\"lightbox\" title=\"Rompimento :: Selma Blair e Jason Bleick se separam\" href=\"https:\/\/i0.wp.com\/www.agrund.com\/wp-content\/uploads\/2012\/09\/Selma-Blair-and-Jason-Bleick.jpg\"><img aria-describedby=\"caption-attachment-44401\" decoding=\"async\" loading=\"lazy\" class=\"size-full wp-image-44401\" title=\"Rompimento :: Selma Blair e Jason Bleick se separam\" src=\"https:\/\/i0.wp.com\/www.agrund.com\/wp-content\/uploads\/2012\/09\/Selma-Blair-and-Jason-Bleick.jpg?resize=485%2C362\" alt=\"Rompimento :: Selma Blair e Jason Bleick se separam\" width=\"485\" height=\"362\" data-recalc-dims=\"1\" \/><\/a><p id=\"caption-attachment-44401\" class=\"wp-caption-text\">Rompimento :: Selma Blair e Jason Bleick se separam<\/p><\/div>\n<\/div>\n<div><\/div>\n<div>Imagem : Reprodu\u00e7\u00e3o.<\/div>\n","protected":false},"excerpt":{"rendered":"<p>A atriz Selma Blair e o estilista Jason Bleick,\u00a0que t\u00eam um filho de 14 meses de idade, Arthur, supostamente se separaram porque n\u00e3o conseguiam parar de brigar, segundo uma fonte disse \u00e0 revista Us Weekly. Selma e Arthur j\u00e1 se mudaram para um apartamento tempor\u00e1rio em Venice Beach, em Los Angeles. No entanto, o rompimento [&hellip;]<\/p>\n","protected":false},"author":8,"featured_media":44402,"comment_status":"open","ping_status":"open","sticky":false,"template":"","format":"standard","meta":{"jetpack_post_was_ever_published":false,"_jetpack_newsletter_access":"","jetpack_publicize_message":"","jetpack_is_tweetstorm":false,"jetpack_publicize_feature_enabled":true,"jetpack_social_post_already_shared":false,"jetpack_social_options":{"image_generator_settings":{"template":"highway","enabled":false}}},"categories":[2],"tags":[],"jetpack_publicize_connections":[],"jetpack_featured_media_url":"","jetpack_sharing_enabled":true,"jetpack_shortlink":"https:\/\/wp.me\/p3Hz0n-by7","jetpack_likes_enabled":true,"_links":{"self":[{"href":"https:\/\/agrund.com\/index.php\/wp-json\/wp\/v2\/posts\/44399"}],"collection":[{"href":"https:\/\/agrund.com\/index.php\/wp-json\/wp\/v2\/posts"}],"about":[{"href":"https:\/\/agrund.com\/index.php\/wp-json\/wp\/v2\/types\/post"}],"author":[{"embeddable":true,"href":"https:\/\/agrund.com\/index.php\/wp-json\/wp\/v2\/users\/8"}],"replies":[{"embeddable":true,"href":"https:\/\/agrund.com\/index.php\/wp-json\/wp\/v2\/comments?post=44399"}],"version-history":[{"count":0,"href":"https:\/\/agrund.com\/index.php\/wp-json\/wp\/v2\/posts\/44399\/revisions"}],"wp:featuredmedia":[{"embeddable":true,"href":"https:\/\/agrund.com\/index.php\/wp-json\/"}],"wp:attachment":[{"href":"https:\/\/agrund.com\/index.php\/wp-json\/wp\/v2\/media?parent=44399"}],"wp:term":[{"taxonomy":"category","embeddable":true,"href":"https:\/\/agrund.com\/index.php\/wp-json\/wp\/v2\/categories?post=44399"},{"taxonomy":"post_tag","embeddable":true,"href":"https:\/\/agrund.com\/index.php\/wp-json\/wp\/v2\/tags?post=44399"}],"curies":[{"name":"wp","href":"https:\/\/api.w.org\/{rel}","templated":true}]}}