{"id":44341,"date":"2012-09-17T20:00:12","date_gmt":"2012-09-17T23:00:12","guid":{"rendered":"http:\/\/www.agrund.com\/?p=44341"},"modified":"2012-09-17T20:00:12","modified_gmt":"2012-09-17T23:00:12","slug":"viva-o-rio-foxton-verao-2013","status":"publish","type":"post","link":"https:\/\/agrund.com\/index.php\/viva-o-rio-foxton-verao-2013\/","title":{"rendered":"Viva o Rio \u2013 Foxton Ver\u00e3o 2013"},"content":{"rendered":"<p><span style=\"font-family: Calibri;font-size: medium\">A proposta da Foxton para a o ver\u00e3o 2013 \u00e9 ser e viver o Rio, de janeiro a dezembro. Com uma cole\u00e7\u00e3o madura, Marcella Mendes e Rodrigo Ribeiro prestam uma homenagem ao Rio de Janeiro. A inspira\u00e7\u00e3o que marcou os pontos importantes dessa cole\u00e7\u00e3o veio da beleza infinita, a luz inconfund\u00edvel e, sobretudo a maneira simp\u00e1tica com que a cidade sabe receber e encantar os visitantes do mundo todo:<\/span><\/p>\n<p>&nbsp;<\/p>\n<p><span style=\"font-family: Calibri\"><span style=\"font-size: medium\">\u00a0Cor colorida: Cores felizes-Azul, verde, amarelo, laranja.\u00a0<\/span><\/span><\/p>\n<p><span style=\"font-family: Calibri;font-size: medium\">Linha Fresh: Tecidos leves fundamentais para ser usados com estilo num grande ver\u00e3o.\u00a0<\/span><\/p>\n<p><span style=\"font-family: Calibri;font-size: medium\">Linho: Eterno Linho-Desestruturado, descontra\u00eddo, lavado.\u00a0<\/span><\/p>\n<p><span style=\"font-family: Calibri;font-size: medium\">Estampas: O Rio, no design de suas formas, est\u00e1 presente nas estampas Tropic\u00e1lia, Alegria e Rio n\u2019 Roll.\u00a0<\/span><\/p>\n<p><span style=\"font-family: Calibri;font-size: medium\">Lavagens: Tie dye, Devore localizado, spray color, efeito amassado.\u00a0<\/span><\/p>\n<p><span style=\"font-family: Calibri;font-size: medium\">Acess\u00f3rios: Destaque para os cal\u00e7ados, os siders coloridos \u2013 verde, amarelo, caramelo e cru.<\/span><\/p>\n<p>&nbsp;<\/p>\n<div id=\"attachment_44372\" style=\"width: 510px\" class=\"wp-caption aligncenter\"><a class=\"lightbox\" title=\"Moda Masculina :: Viva o Rio \u2013 Foxton Ver\u00e3o 2013\" href=\"https:\/\/i0.wp.com\/www.agrund.com\/wp-content\/uploads\/2012\/09\/fox5.jpg\"><img aria-describedby=\"caption-attachment-44372\" decoding=\"async\" loading=\"lazy\" class=\"size-full wp-image-44372\" title=\"Moda Masculina :: Viva o Rio \u2013 Foxton Ver\u00e3o 2013\" src=\"https:\/\/i0.wp.com\/www.agrund.com\/wp-content\/uploads\/2012\/09\/fox5.jpg?resize=500%2C184\" alt=\"Moda Masculina :: Viva o Rio \u2013 Foxton Ver\u00e3o 2013\" width=\"500\" height=\"184\" data-recalc-dims=\"1\" \/><\/a><p id=\"caption-attachment-44372\" class=\"wp-caption-text\">Moda Masculina :: Viva o Rio \u2013 Foxton Ver\u00e3o 2013<\/p><\/div>\n<div id=\"attachment_44371\" style=\"width: 510px\" class=\"wp-caption aligncenter\"><a class=\"lightbox\" title=\"Moda Masculina :: Viva o Rio \u2013 Foxton Ver\u00e3o 2013\" href=\"https:\/\/i0.wp.com\/www.agrund.com\/wp-content\/uploads\/2012\/09\/fox4.jpg\"><img aria-describedby=\"caption-attachment-44371\" decoding=\"async\" loading=\"lazy\" class=\"size-full wp-image-44371\" title=\"Moda Masculina :: Viva o Rio \u2013 Foxton Ver\u00e3o 2013\" src=\"https:\/\/i0.wp.com\/www.agrund.com\/wp-content\/uploads\/2012\/09\/fox4.jpg?resize=500%2C198\" alt=\"Moda Masculina :: Viva o Rio \u2013 Foxton Ver\u00e3o 2013\" width=\"500\" height=\"198\" data-recalc-dims=\"1\" \/><\/a><p id=\"caption-attachment-44371\" class=\"wp-caption-text\">Moda Masculina :: Viva o Rio \u2013 Foxton Ver\u00e3o 2013<\/p><\/div>\n<div id=\"attachment_44370\" style=\"width: 510px\" class=\"wp-caption aligncenter\"><a class=\"lightbox\" title=\"Moda Masculina :: Viva o Rio \u2013 Foxton Ver\u00e3o 2013\" href=\"https:\/\/i0.wp.com\/www.agrund.com\/wp-content\/uploads\/2012\/09\/fox3.jpg\"><img aria-describedby=\"caption-attachment-44370\" decoding=\"async\" loading=\"lazy\" class=\"size-full wp-image-44370\" title=\"Moda Masculina :: Viva o Rio \u2013 Foxton Ver\u00e3o 2013\" src=\"https:\/\/i0.wp.com\/www.agrund.com\/wp-content\/uploads\/2012\/09\/fox3.jpg?resize=500%2C216\" alt=\"Moda Masculina :: Viva o Rio \u2013 Foxton Ver\u00e3o 2013\" width=\"500\" height=\"216\" data-recalc-dims=\"1\" \/><\/a><p id=\"caption-attachment-44370\" class=\"wp-caption-text\">Moda Masculina :: Viva o Rio \u2013 Foxton Ver\u00e3o 2013<\/p><\/div>\n<div id=\"attachment_44369\" style=\"width: 510px\" class=\"wp-caption aligncenter\"><a class=\"lightbox\" title=\"Moda Masculina :: Viva o Rio \u2013 Foxton Ver\u00e3o 2013\" href=\"https:\/\/i0.wp.com\/www.agrund.com\/wp-content\/uploads\/2012\/09\/fox-2.jpg\"><img aria-describedby=\"caption-attachment-44369\" decoding=\"async\" loading=\"lazy\" class=\"size-full wp-image-44369\" title=\"Moda Masculina :: Viva o Rio \u2013 Foxton Ver\u00e3o 2013\" src=\"https:\/\/i0.wp.com\/www.agrund.com\/wp-content\/uploads\/2012\/09\/fox-2.jpg?resize=500%2C206\" alt=\"Moda Masculina :: Viva o Rio \u2013 Foxton Ver\u00e3o 2013\" width=\"500\" height=\"206\" data-recalc-dims=\"1\" \/><\/a><p id=\"caption-attachment-44369\" class=\"wp-caption-text\">Moda Masculina :: Viva o Rio \u2013 Foxton Ver\u00e3o 2013<\/p><\/div>\n<p><span style=\"font-family: Calibri;font-size: medium\">Imagens: Reprodu\u00e7\u00e3o.\u00a0<\/span><\/p>\n","protected":false},"excerpt":{"rendered":"<p>A proposta da Foxton para a o ver\u00e3o 2013 \u00e9 ser e viver o Rio, de janeiro a dezembro. Com uma cole\u00e7\u00e3o madura, Marcella Mendes e Rodrigo Ribeiro prestam uma homenagem ao Rio de Janeiro. A inspira\u00e7\u00e3o que marcou os pontos importantes dessa cole\u00e7\u00e3o veio da beleza infinita, a luz inconfund\u00edvel e, sobretudo a maneira [&hellip;]<\/p>\n","protected":false},"author":8,"featured_media":44373,"comment_status":"open","ping_status":"open","sticky":false,"template":"","format":"standard","meta":{"jetpack_post_was_ever_published":false,"_jetpack_newsletter_access":"","jetpack_publicize_message":"","jetpack_is_tweetstorm":false,"jetpack_publicize_feature_enabled":true,"jetpack_social_post_already_shared":false,"jetpack_social_options":{"image_generator_settings":{"template":"highway","enabled":false}}},"categories":[6],"tags":[],"jetpack_publicize_connections":[],"jetpack_featured_media_url":"","jetpack_sharing_enabled":true,"jetpack_shortlink":"https:\/\/wp.me\/p3Hz0n-bxb","jetpack_likes_enabled":true,"_links":{"self":[{"href":"https:\/\/agrund.com\/index.php\/wp-json\/wp\/v2\/posts\/44341"}],"collection":[{"href":"https:\/\/agrund.com\/index.php\/wp-json\/wp\/v2\/posts"}],"about":[{"href":"https:\/\/agrund.com\/index.php\/wp-json\/wp\/v2\/types\/post"}],"author":[{"embeddable":true,"href":"https:\/\/agrund.com\/index.php\/wp-json\/wp\/v2\/users\/8"}],"replies":[{"embeddable":true,"href":"https:\/\/agrund.com\/index.php\/wp-json\/wp\/v2\/comments?post=44341"}],"version-history":[{"count":0,"href":"https:\/\/agrund.com\/index.php\/wp-json\/wp\/v2\/posts\/44341\/revisions"}],"wp:featuredmedia":[{"embeddable":true,"href":"https:\/\/agrund.com\/index.php\/wp-json\/"}],"wp:attachment":[{"href":"https:\/\/agrund.com\/index.php\/wp-json\/wp\/v2\/media?parent=44341"}],"wp:term":[{"taxonomy":"category","embeddable":true,"href":"https:\/\/agrund.com\/index.php\/wp-json\/wp\/v2\/categories?post=44341"},{"taxonomy":"post_tag","embeddable":true,"href":"https:\/\/agrund.com\/index.php\/wp-json\/wp\/v2\/tags?post=44341"}],"curies":[{"name":"wp","href":"https:\/\/api.w.org\/{rel}","templated":true}]}}