{"id":44289,"date":"2012-09-17T15:00:49","date_gmt":"2012-09-17T18:00:49","guid":{"rendered":"http:\/\/www.agrund.com\/?p=44289"},"modified":"2012-09-17T15:00:49","modified_gmt":"2012-09-17T18:00:49","slug":"zac-efron-e-capa-da-blackbook-magazine","status":"publish","type":"post","link":"https:\/\/agrund.com\/index.php\/zac-efron-e-capa-da-blackbook-magazine\/","title":{"rendered":"Zac Efron \u00e9 capa da Blackbook Magazine"},"content":{"rendered":"<p><span style=\"font-family: Calibri;font-size: medium\">Zac Efron \u00e9 a capa da revista americana Blackbook Magazine do m\u00eas de Outubro 2012. O ator aparece na imagem com um ousado color blocking e o que mais chama aten\u00e7\u00e3o \u00e9 que ele est\u00e1 com uma coruja em seu ombro e coelhos nos bolsos de seu terno. A chamada da mat\u00e9ria \u00e9 &#8220;Zac Efron is an animal&#8221;, em portugu\u00eas, Zac Efron \u00e9 um animal. O que voc\u00ea achou?<\/span><\/p>\n<div id=\"attachment_44293\" style=\"width: 610px\" class=\"wp-caption aligncenter\"><a class=\"lightbox\" title=\"Zac Efron \u00e9 capa da Blackbook Magazine\" href=\"https:\/\/i0.wp.com\/www.agrund.com\/wp-content\/uploads\/2012\/09\/Zac-Efron-covers-BlackBook-with-cute-animals2.jpg\"><img aria-describedby=\"caption-attachment-44293\" decoding=\"async\" loading=\"lazy\" class=\"size-full wp-image-44293\" title=\"Zac Efron \u00e9 capa da Blackbook Magazine\" src=\"https:\/\/i0.wp.com\/www.agrund.com\/wp-content\/uploads\/2012\/09\/Zac-Efron-covers-BlackBook-with-cute-animals2.jpg?resize=600%2C726\" alt=\"Zac Efron \u00e9 capa da Blackbook Magazine\" width=\"600\" height=\"726\" data-recalc-dims=\"1\" \/><\/a><p id=\"caption-attachment-44293\" class=\"wp-caption-text\">Zac Efron \u00e9 capa da Blackbook Magazine<\/p><\/div>\n<p>Imagem: Reprodu\u00e7\u00e3o.<\/p>\n","protected":false},"excerpt":{"rendered":"<p>Zac Efron \u00e9 a capa da revista americana Blackbook Magazine do m\u00eas de Outubro 2012. O ator aparece na imagem com um ousado color blocking e o que mais chama aten\u00e7\u00e3o \u00e9 que ele est\u00e1 com uma coruja em seu ombro e coelhos nos bolsos de seu terno. A chamada da mat\u00e9ria \u00e9 &#8220;Zac Efron [&hellip;]<\/p>\n","protected":false},"author":8,"featured_media":44290,"comment_status":"open","ping_status":"open","sticky":false,"template":"","format":"standard","meta":{"jetpack_post_was_ever_published":false,"_jetpack_newsletter_access":"","jetpack_publicize_message":"","jetpack_is_tweetstorm":false,"jetpack_publicize_feature_enabled":true,"jetpack_social_post_already_shared":false,"jetpack_social_options":{"image_generator_settings":{"template":"highway","enabled":false}}},"categories":[6],"tags":[],"jetpack_publicize_connections":[],"jetpack_featured_media_url":"","jetpack_sharing_enabled":true,"jetpack_shortlink":"https:\/\/wp.me\/p3Hz0n-bwl","jetpack_likes_enabled":true,"_links":{"self":[{"href":"https:\/\/agrund.com\/index.php\/wp-json\/wp\/v2\/posts\/44289"}],"collection":[{"href":"https:\/\/agrund.com\/index.php\/wp-json\/wp\/v2\/posts"}],"about":[{"href":"https:\/\/agrund.com\/index.php\/wp-json\/wp\/v2\/types\/post"}],"author":[{"embeddable":true,"href":"https:\/\/agrund.com\/index.php\/wp-json\/wp\/v2\/users\/8"}],"replies":[{"embeddable":true,"href":"https:\/\/agrund.com\/index.php\/wp-json\/wp\/v2\/comments?post=44289"}],"version-history":[{"count":0,"href":"https:\/\/agrund.com\/index.php\/wp-json\/wp\/v2\/posts\/44289\/revisions"}],"wp:featuredmedia":[{"embeddable":true,"href":"https:\/\/agrund.com\/index.php\/wp-json\/"}],"wp:attachment":[{"href":"https:\/\/agrund.com\/index.php\/wp-json\/wp\/v2\/media?parent=44289"}],"wp:term":[{"taxonomy":"category","embeddable":true,"href":"https:\/\/agrund.com\/index.php\/wp-json\/wp\/v2\/categories?post=44289"},{"taxonomy":"post_tag","embeddable":true,"href":"https:\/\/agrund.com\/index.php\/wp-json\/wp\/v2\/tags?post=44289"}],"curies":[{"name":"wp","href":"https:\/\/api.w.org\/{rel}","templated":true}]}}