{"id":44225,"date":"2012-09-17T11:00:09","date_gmt":"2012-09-17T14:00:09","guid":{"rendered":"http:\/\/www.agrund.com\/?p=44225"},"modified":"2012-09-17T11:00:09","modified_gmt":"2012-09-17T14:00:09","slug":"10-tendencias-da-semana-de-moda-de-ny-primavera-verao-2013","status":"publish","type":"post","link":"https:\/\/agrund.com\/index.php\/10-tendencias-da-semana-de-moda-de-ny-primavera-verao-2013\/","title":{"rendered":"10 tend\u00eancias da semana de moda de NY Primavera \/ Ver\u00e3o 2013"},"content":{"rendered":"<p><span style=\"font-family: Calibri;font-size: medium\">A NYFW acabou e resolvi separar para voc\u00eas as principais tend\u00eancias que identifiquei na semana de moda mais badalada dos EUA. E confesso que muita coisa me surpreendeu! As tend\u00eancias para n\u00f3s, homens, n\u00e3o foram nada \u00f3bvias como estamos acostumados a ver. Muitas cores, formas e estampas vestiram os modelos nas passarelas e n\u00e3o v\u00e3o demorar muito para estar nas ruas. Alfaiataria moderna, metalizado e novas propor\u00e7\u00f5es tamb\u00e9m refor\u00e7am que o mundo masculino est\u00e1 cada vez mais aberto a novas tend\u00eancias que fogem da obviedade.\u00a0\u00a0Agora \u00e9 s\u00f3 usar o bom senso para adaptar tudo isso \u00e0 vida real e tenho certeza que n\u00e3o vai ser dif\u00edcil.<\/span><\/p>\n<p><span style=\"font-family: Calibri;font-size: medium\">1- Tommy Hilfiger- N\u00e1utico<\/span><\/p>\n<p><span style=\"font-family: Calibri;font-size: medium\">2- Y3- Esportivo<\/span><\/p>\n<p><span style=\"font-family: Calibri;font-size: medium\">3-Lacoste- Estampas Figurativas<\/span><\/p>\n<p><span style=\"font-family: Calibri;font-size: medium\">4-Alexandre Plokhov- Recortes<\/span><\/p>\n<p><span style=\"font-family: Calibri;font-size: medium\">5-Carlos Campos- Monocromia<\/span><\/p>\n<p><span style=\"font-size: medium\"><span style=\"font-family: Calibri\">6-J Press York Street- Patchwork<\/span><\/span><\/p>\n<p><span style=\"font-size: medium\"><span style=\"font-family: Calibri\">7- Mark Macnairy- Po\u00e1<\/span><\/span><\/p>\n<p><span style=\"font-size: medium\"><span style=\"font-family: Calibri\">8- General Idea- Anos \u201c90\u201d<\/span><\/span><\/p>\n<p><span style=\"font-family: Calibri;font-size: medium\">9- Marlon Gobel- Metalizado<\/span><\/p>\n<p><span style=\"font-family: Calibri;font-size: medium\">10-Marc by Marc Jacobs- Formas Amplas<\/span><\/p>\n<p><span style=\"font-family: Calibri;font-size: medium\">\u00a0<\/span><\/p>\n<div id=\"attachment_44231\" style=\"width: 560px\" class=\"wp-caption aligncenter\"><a class=\"lightbox\" title=\"10 tend\u00eancias da semana de moda de NY Primavera \/ Ver\u00e3o 2013\" href=\"https:\/\/i0.wp.com\/www.agrund.com\/wp-content\/uploads\/2012\/09\/MARC-BY-MARC-JACOBS-NY-2.jpg\"><img aria-describedby=\"caption-attachment-44231\" decoding=\"async\" loading=\"lazy\" class=\"size-full wp-image-44231\" title=\"10 tend\u00eancias da semana de moda de NY Primavera \/ Ver\u00e3o 2013\" src=\"https:\/\/i0.wp.com\/www.agrund.com\/wp-content\/uploads\/2012\/09\/MARC-BY-MARC-JACOBS-NY-2.jpg?resize=550%2C825\" alt=\"10 tend\u00eancias da semana de moda de NY Primavera \/ Ver\u00e3o 2013\" width=\"550\" height=\"825\" data-recalc-dims=\"1\" \/><\/a><p id=\"caption-attachment-44231\" class=\"wp-caption-text\">Marc by Marc Jacobs- Formas Amplas<\/p><\/div>\n<div id=\"attachment_44236\" style=\"width: 560px\" class=\"wp-caption aligncenter\"><a class=\"lightbox\" title=\"10 tend\u00eancias da semana de moda de NY Primavera \/ Ver\u00e3o 2013\" href=\"https:\/\/i0.wp.com\/www.agrund.com\/wp-content\/uploads\/2012\/09\/Y3-NY.jpg\"><img aria-describedby=\"caption-attachment-44236\" decoding=\"async\" loading=\"lazy\" class=\"size-full wp-image-44236\" title=\"10 tend\u00eancias da semana de moda de NY Primavera \/ Ver\u00e3o 2013\" src=\"https:\/\/i0.wp.com\/www.agrund.com\/wp-content\/uploads\/2012\/09\/Y3-NY.jpg?resize=550%2C825\" alt=\"Y3 NY\" width=\"550\" height=\"825\" data-recalc-dims=\"1\" \/><\/a><p id=\"caption-attachment-44236\" class=\"wp-caption-text\">Y3- Esportivo<\/p><\/div>\n<div id=\"attachment_44235\" style=\"width: 560px\" class=\"wp-caption aligncenter\"><a class=\"lightbox\" title=\"10 tend\u00eancias da semana de moda de NY Primavera \/ Ver\u00e3o 2013\" href=\"https:\/\/i0.wp.com\/www.agrund.com\/wp-content\/uploads\/2012\/09\/TOMMY-HILFIGER-NY.jpg\"><img aria-describedby=\"caption-attachment-44235\" decoding=\"async\" loading=\"lazy\" class=\"size-full wp-image-44235\" title=\"10 tend\u00eancias da semana de moda de NY Primavera \/ Ver\u00e3o 2013\" src=\"https:\/\/i0.wp.com\/www.agrund.com\/wp-content\/uploads\/2012\/09\/TOMMY-HILFIGER-NY.jpg?resize=550%2C825\" alt=\"TOMMY HILFIGER NY\" width=\"550\" height=\"825\" data-recalc-dims=\"1\" \/><\/a><p id=\"caption-attachment-44235\" class=\"wp-caption-text\">Tommy Hilfiger- N\u00e1utico<\/p><\/div>\n<div id=\"attachment_44233\" style=\"width: 560px\" class=\"wp-caption aligncenter\"><a class=\"lightbox\" title=\"10 tend\u00eancias da semana de moda de NY Primavera \/ Ver\u00e3o 2013\" href=\"https:\/\/i0.wp.com\/www.agrund.com\/wp-content\/uploads\/2012\/09\/MARLON-GOBEL-NY.jpg\"><img aria-describedby=\"caption-attachment-44233\" decoding=\"async\" loading=\"lazy\" class=\"size-full wp-image-44233\" title=\"10 tend\u00eancias da semana de moda de NY Primavera \/ Ver\u00e3o 2013\" src=\"https:\/\/i0.wp.com\/www.agrund.com\/wp-content\/uploads\/2012\/09\/MARLON-GOBEL-NY.jpg?resize=550%2C825\" alt=\"MARLON GOBEL\" width=\"550\" height=\"825\" data-recalc-dims=\"1\" \/><\/a><p id=\"caption-attachment-44233\" class=\"wp-caption-text\">Marlon Gobel- Metalizado<\/p><\/div>\n<div id=\"attachment_44232\" style=\"width: 560px\" class=\"wp-caption aligncenter\"><a class=\"lightbox\" title=\"10 tend\u00eancias da semana de moda de NY Primavera \/ Ver\u00e3o 2013\" href=\"https:\/\/i0.wp.com\/www.agrund.com\/wp-content\/uploads\/2012\/09\/MARK-MCNAIRY-NY.jpg\"><img aria-describedby=\"caption-attachment-44232\" decoding=\"async\" loading=\"lazy\" class=\"size-full wp-image-44232\" title=\"10 tend\u00eancias da semana de moda de NY Primavera \/ Ver\u00e3o 2013\" src=\"https:\/\/i0.wp.com\/www.agrund.com\/wp-content\/uploads\/2012\/09\/MARK-MCNAIRY-NY.jpg?resize=550%2C825\" alt=\"Mark Macnairy- Po\u00e1\" width=\"550\" height=\"825\" data-recalc-dims=\"1\" \/><\/a><p id=\"caption-attachment-44232\" class=\"wp-caption-text\">Mark Macnairy- Po\u00e1<\/p><\/div>\n<div id=\"attachment_44230\" style=\"width: 560px\" class=\"wp-caption aligncenter\"><a class=\"lightbox\" title=\"10 tend\u00eancias da semana de moda de NY Primavera \/ Ver\u00e3o 2013\" href=\"https:\/\/i0.wp.com\/www.agrund.com\/wp-content\/uploads\/2012\/09\/LACOSTE-NY.jpg\"><img aria-describedby=\"caption-attachment-44230\" decoding=\"async\" loading=\"lazy\" class=\"size-full wp-image-44230\" title=\"10 tend\u00eancias da semana de moda de NY Primavera \/ Ver\u00e3o 2013\" src=\"https:\/\/i0.wp.com\/www.agrund.com\/wp-content\/uploads\/2012\/09\/LACOSTE-NY.jpg?resize=550%2C825\" alt=\"Lacoste- Estampas Figurativas\" width=\"550\" height=\"825\" data-recalc-dims=\"1\" \/><\/a><p id=\"caption-attachment-44230\" class=\"wp-caption-text\">Lacoste- Estampas Figurativas<\/p><\/div>\n<div id=\"attachment_44229\" style=\"width: 560px\" class=\"wp-caption aligncenter\"><a class=\"lightbox\" title=\"10 tend\u00eancias da semana de moda de NY Primavera \/ Ver\u00e3o 2013\" href=\"https:\/\/i0.wp.com\/www.agrund.com\/wp-content\/uploads\/2012\/09\/J-PRESS-YORK-STREET-3.jpg\"><img aria-describedby=\"caption-attachment-44229\" decoding=\"async\" loading=\"lazy\" class=\"size-full wp-image-44229\" title=\"10 tend\u00eancias da semana de moda de NY Primavera \/ Ver\u00e3o 2013\" src=\"https:\/\/i0.wp.com\/www.agrund.com\/wp-content\/uploads\/2012\/09\/J-PRESS-YORK-STREET-3.jpg?resize=550%2C825\" alt=\"J Press York Street- Patchwork\" width=\"550\" height=\"825\" data-recalc-dims=\"1\" \/><\/a><p id=\"caption-attachment-44229\" class=\"wp-caption-text\">J Press York Street- Patchwork<\/p><\/div>\n<div id=\"attachment_44228\" style=\"width: 560px\" class=\"wp-caption aligncenter\"><a class=\"lightbox\" title=\"10 tend\u00eancias da semana de moda de NY Primavera \/ Ver\u00e3o 2013\" href=\"https:\/\/i0.wp.com\/www.agrund.com\/wp-content\/uploads\/2012\/09\/GENERAL-IDEA-NY.jpg\"><img aria-describedby=\"caption-attachment-44228\" decoding=\"async\" loading=\"lazy\" class=\"size-full wp-image-44228\" title=\"10 tend\u00eancias da semana de moda de NY Primavera \/ Ver\u00e3o 2013\" src=\"https:\/\/i0.wp.com\/www.agrund.com\/wp-content\/uploads\/2012\/09\/GENERAL-IDEA-NY.jpg?resize=550%2C825\" alt=\"General Idea- Anos \u201c90\u201d\" width=\"550\" height=\"825\" data-recalc-dims=\"1\" \/><\/a><p id=\"caption-attachment-44228\" class=\"wp-caption-text\">General Idea- Anos \u201c90\u201d<\/p><\/div>\n<div id=\"attachment_44227\" style=\"width: 560px\" class=\"wp-caption aligncenter\"><a class=\"lightbox\" title=\"10 tend\u00eancias da semana de moda de NY Primavera \/ Ver\u00e3o 2013\" href=\"https:\/\/i0.wp.com\/www.agrund.com\/wp-content\/uploads\/2012\/09\/CARLOS-CAMPOS-NY.jpg\"><img aria-describedby=\"caption-attachment-44227\" decoding=\"async\" loading=\"lazy\" class=\"size-full wp-image-44227\" title=\"10 tend\u00eancias da semana de moda de NY Primavera \/ Ver\u00e3o 2013\" src=\"https:\/\/i0.wp.com\/www.agrund.com\/wp-content\/uploads\/2012\/09\/CARLOS-CAMPOS-NY.jpg?resize=550%2C825\" alt=\"Carlos Campos- Monocromia\" width=\"550\" height=\"825\" data-recalc-dims=\"1\" \/><\/a><p id=\"caption-attachment-44227\" class=\"wp-caption-text\">Carlos Campos- Monocromia<\/p><\/div>\n<div id=\"attachment_44226\" style=\"width: 560px\" class=\"wp-caption aligncenter\"><a class=\"lightbox\" title=\"10 tend\u00eancias da semana de moda de NY Primavera \/ Ver\u00e3o 2013\" href=\"https:\/\/i0.wp.com\/www.agrund.com\/wp-content\/uploads\/2012\/09\/Alexandre-Plokho-NY.jpg\"><img aria-describedby=\"caption-attachment-44226\" decoding=\"async\" loading=\"lazy\" class=\"size-full wp-image-44226\" title=\"10 tend\u00eancias da semana de moda de NY Primavera \/ Ver\u00e3o 2013\" src=\"https:\/\/i0.wp.com\/www.agrund.com\/wp-content\/uploads\/2012\/09\/Alexandre-Plokho-NY.jpg?resize=550%2C825\" alt=\"Alexandre Plokhov- Recortes\" width=\"550\" height=\"825\" data-recalc-dims=\"1\" \/><\/a><p id=\"caption-attachment-44226\" class=\"wp-caption-text\">Alexandre Plokhov- Recortes<\/p><\/div>\n<p>&nbsp;<\/p>\n<p><span style=\"font-family: Calibri;font-size: medium\">Imagens: Reprodu\u00e7\u00e3o.<\/span><\/p>\n","protected":false},"excerpt":{"rendered":"<p>A NYFW acabou e resolvi separar para voc\u00eas as principais tend\u00eancias que identifiquei na semana de moda mais badalada dos EUA. E confesso que muita coisa me surpreendeu! As tend\u00eancias para n\u00f3s, homens, n\u00e3o foram nada \u00f3bvias como estamos acostumados a ver. Muitas cores, formas e estampas vestiram os modelos nas passarelas e n\u00e3o v\u00e3o [&hellip;]<\/p>\n","protected":false},"author":8,"featured_media":44234,"comment_status":"open","ping_status":"open","sticky":false,"template":"","format":"standard","meta":{"jetpack_post_was_ever_published":false,"_jetpack_newsletter_access":"","jetpack_publicize_message":"","jetpack_is_tweetstorm":false,"jetpack_publicize_feature_enabled":true,"jetpack_social_post_already_shared":false,"jetpack_social_options":{"image_generator_settings":{"template":"highway","enabled":false}}},"categories":[6],"tags":[],"jetpack_publicize_connections":[],"jetpack_featured_media_url":"","jetpack_sharing_enabled":true,"jetpack_shortlink":"https:\/\/wp.me\/p3Hz0n-bvj","jetpack_likes_enabled":true,"_links":{"self":[{"href":"https:\/\/agrund.com\/index.php\/wp-json\/wp\/v2\/posts\/44225"}],"collection":[{"href":"https:\/\/agrund.com\/index.php\/wp-json\/wp\/v2\/posts"}],"about":[{"href":"https:\/\/agrund.com\/index.php\/wp-json\/wp\/v2\/types\/post"}],"author":[{"embeddable":true,"href":"https:\/\/agrund.com\/index.php\/wp-json\/wp\/v2\/users\/8"}],"replies":[{"embeddable":true,"href":"https:\/\/agrund.com\/index.php\/wp-json\/wp\/v2\/comments?post=44225"}],"version-history":[{"count":0,"href":"https:\/\/agrund.com\/index.php\/wp-json\/wp\/v2\/posts\/44225\/revisions"}],"wp:featuredmedia":[{"embeddable":true,"href":"https:\/\/agrund.com\/index.php\/wp-json\/"}],"wp:attachment":[{"href":"https:\/\/agrund.com\/index.php\/wp-json\/wp\/v2\/media?parent=44225"}],"wp:term":[{"taxonomy":"category","embeddable":true,"href":"https:\/\/agrund.com\/index.php\/wp-json\/wp\/v2\/categories?post=44225"},{"taxonomy":"post_tag","embeddable":true,"href":"https:\/\/agrund.com\/index.php\/wp-json\/wp\/v2\/tags?post=44225"}],"curies":[{"name":"wp","href":"https:\/\/api.w.org\/{rel}","templated":true}]}}