{"id":44111,"date":"2012-09-14T18:00:35","date_gmt":"2012-09-14T21:00:35","guid":{"rendered":"http:\/\/www.agrund.com\/?p=44111"},"modified":"2012-09-14T18:00:35","modified_gmt":"2012-09-14T21:00:35","slug":"o-mundo-das-artes-no-15o-fashion-week-kids","status":"publish","type":"post","link":"https:\/\/agrund.com\/index.php\/o-mundo-das-artes-no-15o-fashion-week-kids\/","title":{"rendered":"O Mundo das Artes no 15\u00ba Fashion Week Kids"},"content":{"rendered":"<p>O Fashion Weekend Kids chega a sua 15\u00aa edi\u00e7\u00e3o em casa nova. Depois de anos de sucesso no Shopping Iguatemi SP, o evento que acontece de 14 a 16 de setembro ser\u00e1 realizado no Shopping JK Iguatemi. Idealizado pela consultora de moda Ana Cury, o evento acontece no 3\u00ba andar do shopping, com muitas atra\u00e7\u00f5es e desfiles.<\/p>\n<p>As marcas v\u00e3o apresentar suas cole\u00e7\u00f5es primavera-ver\u00e3o 2012\/2013 com uma cenografia assinada por Chris Ayrosa, criada a partir do tema artes. Para isso, a equipe desenvolveu um projeto cenogr\u00e1fico mais moderno e atual, com muita arte, pintura, cores neon e grafismos em P&amp;B. O objetivo \u00e9 criar ambientes l\u00fadicos unindo divers\u00e3o e moda, proporcionando momentos descontra\u00eddos de intera\u00e7\u00e3o entre pais e filhos. Todo este cen\u00e1rio ainda tem uma vista privilegiada para a cidade de S\u00e3o Paulo.<\/p>\n<p>Como n\u00e3o h\u00e1 modelos contratos, as estrelas da passarela ser\u00e3o clientes escolhidos por cada uma das marcas. Celebridades desfilam ao lado dos pequenos, dando um toque especial na passarela.<\/p>\n<p>Ap\u00f3s os desfiles, crian\u00e7as e seus pais t\u00eam um espa\u00e7o para brincadeiras em diversos cantinhos montados pelos apoiadores do evento. O Fashion Weekend Kids receber\u00e1 pais, crian\u00e7as e pr\u00e9-adolescentes de at\u00e9 13 anos, com p\u00fablico estimado de 4 mil pessoas.<strong>Fashion Weekend Kids<\/strong><\/p>\n<p><strong>Dias 14, 15 e 16 de setembro<\/strong><\/p>\n<p>&nbsp;<\/p>\n<p><strong>Shopping JK Iguatemi<\/strong>\u2013 3\u00ba andar<\/p>\n<p><em>Av. Juscelino Kubitschek, 2041, Itaim Bibi, S\u00e3o Paulo \u2013 SP<\/em><em><\/em><\/p>\n<p>&nbsp;<\/p>\n<p align=\"center\"><strong>LINE-UP &#8211; 15\u00ba Edi\u00e7\u00e3o Fashion Weekend Kids<\/strong><\/p>\n<p><strong><span style=\"text-decoration: underline\">14.09 sexta<\/span><\/strong><\/p>\n<p><strong>19h30<\/strong>: Spezzato Teen &#8211;<\/p>\n<p><strong>22h<\/strong>: encerramento do evento<\/p>\n<p>&nbsp;<\/p>\n<p><strong><span style=\"text-decoration: underline\">15.09 s\u00e1bado<\/span><\/strong><\/p>\n<p><strong>11h<\/strong>: 1+1<\/p>\n<p><strong>14h:<\/strong>\u00a0Anim\u00ea<\/p>\n<p><strong>16h<\/strong>: Daslu Boys and Girls<\/p>\n<p><strong>18h<\/strong>: Monnalisa<\/p>\n<p>&nbsp;<\/p>\n<p><strong><span style=\"text-decoration: underline\">16.09 domingo<\/span><\/strong><\/p>\n<p><strong>11h<\/strong>: Ronaldo Fraga para Filhotes<\/p>\n<p><strong>14h:\u00a0<\/strong>VrKids<\/p>\n<p><strong>16h<\/strong>: Mixed Kids<\/p>\n<p><strong>18h<\/strong>: Cris Barros Mini<\/p>\n<div id=\"attachment_44116\" style=\"width: 560px\" class=\"wp-caption aligncenter\"><a class=\"lightbox\" title=\"O Mundo das Artes no 15\u00ba Fashion Week Kids\" href=\"https:\/\/i0.wp.com\/www.agrund.com\/wp-content\/uploads\/2012\/09\/Desfile1+1_21.jpg\"><img aria-describedby=\"caption-attachment-44116\" decoding=\"async\" loading=\"lazy\" class=\"size-full wp-image-44116\" title=\"O Mundo das Artes no 15\u00ba Fashion Week Kids\" src=\"https:\/\/i0.wp.com\/www.agrund.com\/wp-content\/uploads\/2012\/09\/Desfile1+1_21.jpg?resize=550%2C813\" alt=\"O Mundo das Artes no 15\u00ba Fashion Week Kids\" width=\"550\" height=\"813\" data-recalc-dims=\"1\" \/><\/a><p id=\"caption-attachment-44116\" class=\"wp-caption-text\">O Mundo das Artes no 15\u00ba Fashion Week Kids<\/p><\/div>\n<div id=\"attachment_44115\" style=\"width: 560px\" class=\"wp-caption aligncenter\"><a class=\"lightbox\" title=\"O Mundo das Artes no 15\u00ba Fashion Week Kids\" href=\"https:\/\/i0.wp.com\/www.agrund.com\/wp-content\/uploads\/2012\/09\/Desfile-VRK.jpg\"><img aria-describedby=\"caption-attachment-44115\" decoding=\"async\" loading=\"lazy\" class=\"size-full wp-image-44115\" title=\"O Mundo das Artes no 15\u00ba Fashion Week Kids\" src=\"https:\/\/i0.wp.com\/www.agrund.com\/wp-content\/uploads\/2012\/09\/Desfile-VRK.jpg?resize=550%2C828\" alt=\"O Mundo das Artes no 15\u00ba Fashion Week Kids\" width=\"550\" height=\"828\" data-recalc-dims=\"1\" \/><\/a><p id=\"caption-attachment-44115\" class=\"wp-caption-text\">O Mundo das Artes no 15\u00ba Fashion Week Kids<\/p><\/div>\n<div id=\"attachment_44114\" style=\"width: 560px\" class=\"wp-caption aligncenter\"><a class=\"lightbox\" title=\"O Mundo das Artes no 15\u00ba Fashion Week Kids\" href=\"https:\/\/i0.wp.com\/www.agrund.com\/wp-content\/uploads\/2012\/09\/Desfile-CRIS-BARROS-mini-17.jpg\"><img aria-describedby=\"caption-attachment-44114\" decoding=\"async\" loading=\"lazy\" class=\"size-full wp-image-44114\" title=\"O Mundo das Artes no 15\u00ba Fashion Week Kids\" src=\"https:\/\/i0.wp.com\/www.agrund.com\/wp-content\/uploads\/2012\/09\/Desfile-CRIS-BARROS-mini-17.jpg?resize=550%2C366\" alt=\"O Mundo das Artes no 15\u00ba Fashion Week Kids\" width=\"550\" height=\"366\" data-recalc-dims=\"1\" \/><\/a><p id=\"caption-attachment-44114\" class=\"wp-caption-text\">O Mundo das Artes no 15\u00ba Fashion Week Kids<\/p><\/div>\n<div id=\"attachment_44113\" style=\"width: 560px\" class=\"wp-caption aligncenter\"><a class=\"lightbox\" title=\"O Mundo das Artes no 15\u00ba Fashion Week Kids\" href=\"https:\/\/i0.wp.com\/www.agrund.com\/wp-content\/uploads\/2012\/09\/Ana-Cury_10.jpg\"><img aria-describedby=\"caption-attachment-44113\" decoding=\"async\" loading=\"lazy\" class=\"size-full wp-image-44113\" title=\"O Mundo das Artes no 15\u00ba Fashion Week Kids\" src=\"https:\/\/i0.wp.com\/www.agrund.com\/wp-content\/uploads\/2012\/09\/Ana-Cury_10.jpg?resize=550%2C365\" alt=\"O Mundo das Artes no 15\u00ba Fashion Week Kids\" width=\"550\" height=\"365\" data-recalc-dims=\"1\" \/><\/a><p id=\"caption-attachment-44113\" class=\"wp-caption-text\">O Mundo das Artes no 15\u00ba Fashion Week Kids<\/p><\/div>\n<div id=\"attachment_44112\" style=\"width: 560px\" class=\"wp-caption aligncenter\"><a class=\"lightbox\" title=\"O Mundo das Artes no 15\u00ba Fashion Week Kids\" href=\"https:\/\/i0.wp.com\/www.agrund.com\/wp-content\/uploads\/2012\/09\/09.jpg\"><img aria-describedby=\"caption-attachment-44112\" decoding=\"async\" loading=\"lazy\" class=\"size-full wp-image-44112\" title=\"O Mundo das Artes no 15\u00ba Fashion Week Kids\" src=\"https:\/\/i0.wp.com\/www.agrund.com\/wp-content\/uploads\/2012\/09\/09.jpg?resize=550%2C275\" alt=\"O Mundo das Artes no 15\u00ba Fashion Week Kids\" width=\"550\" height=\"275\" data-recalc-dims=\"1\" \/><\/a><p id=\"caption-attachment-44112\" class=\"wp-caption-text\">O Mundo das Artes no 15\u00ba Fashion Week Kids<\/p><\/div>\n<p>Imagens : Divulga\u00e7\u00e3o.<\/p>\n","protected":false},"excerpt":{"rendered":"<p>O Fashion Weekend Kids chega a sua 15\u00aa edi\u00e7\u00e3o em casa nova. Depois de anos de sucesso no Shopping Iguatemi SP, o evento que acontece de 14 a 16 de setembro ser\u00e1 realizado no Shopping JK Iguatemi. Idealizado pela consultora de moda Ana Cury, o evento acontece no 3\u00ba andar do shopping, com muitas atra\u00e7\u00f5es [&hellip;]<\/p>\n","protected":false},"author":8,"featured_media":44117,"comment_status":"open","ping_status":"open","sticky":false,"template":"","format":"standard","meta":{"jetpack_post_was_ever_published":false,"_jetpack_newsletter_access":"","jetpack_publicize_message":"","jetpack_is_tweetstorm":false,"jetpack_publicize_feature_enabled":true,"jetpack_social_post_already_shared":false,"jetpack_social_options":{"image_generator_settings":{"template":"highway","enabled":false}}},"categories":[2],"tags":[],"jetpack_publicize_connections":[],"jetpack_featured_media_url":"","jetpack_sharing_enabled":true,"jetpack_shortlink":"https:\/\/wp.me\/p3Hz0n-btt","jetpack_likes_enabled":true,"_links":{"self":[{"href":"https:\/\/agrund.com\/index.php\/wp-json\/wp\/v2\/posts\/44111"}],"collection":[{"href":"https:\/\/agrund.com\/index.php\/wp-json\/wp\/v2\/posts"}],"about":[{"href":"https:\/\/agrund.com\/index.php\/wp-json\/wp\/v2\/types\/post"}],"author":[{"embeddable":true,"href":"https:\/\/agrund.com\/index.php\/wp-json\/wp\/v2\/users\/8"}],"replies":[{"embeddable":true,"href":"https:\/\/agrund.com\/index.php\/wp-json\/wp\/v2\/comments?post=44111"}],"version-history":[{"count":0,"href":"https:\/\/agrund.com\/index.php\/wp-json\/wp\/v2\/posts\/44111\/revisions"}],"wp:featuredmedia":[{"embeddable":true,"href":"https:\/\/agrund.com\/index.php\/wp-json\/"}],"wp:attachment":[{"href":"https:\/\/agrund.com\/index.php\/wp-json\/wp\/v2\/media?parent=44111"}],"wp:term":[{"taxonomy":"category","embeddable":true,"href":"https:\/\/agrund.com\/index.php\/wp-json\/wp\/v2\/categories?post=44111"},{"taxonomy":"post_tag","embeddable":true,"href":"https:\/\/agrund.com\/index.php\/wp-json\/wp\/v2\/tags?post=44111"}],"curies":[{"name":"wp","href":"https:\/\/api.w.org\/{rel}","templated":true}]}}