{"id":44052,"date":"2012-09-14T11:00:13","date_gmt":"2012-09-14T14:00:13","guid":{"rendered":"http:\/\/www.agrund.com\/?p=44052"},"modified":"2012-09-14T11:00:13","modified_gmt":"2012-09-14T14:00:13","slug":"diane-von-furstenberg-lanca-documentario-gravado-com-o-glass-do-google","status":"publish","type":"post","link":"https:\/\/agrund.com\/index.php\/diane-von-furstenberg-lanca-documentario-gravado-com-o-glass-do-google\/","title":{"rendered":"Diane von Furstenberg lan\u00e7a document\u00e1rio gravado com o Glass, do Google"},"content":{"rendered":"<p><span style=\"font-family: Calibri;font-size: medium\">Voc\u00eas se lembram que comentamos <a href=\"http:\/\/www.agrund.com\/nyfw-diane-von-furstenberg-primavera-verao-2013\/\">AQUI<\/a> que no desfile da DVF algumas modelos estavam com c\u00e2meras? Pois o mist\u00e9rio acabou. N\u00e3o eram c\u00e2meras, mas sim o Google Glass. S\u00e3o \u00f3culos ainda em fase de teste que n\u00e3o possuem lentes, mas um visor localizado no canto superior direito que coleta as imagens e as processa na internet. Demais n\u00e3o \u00e9? A parceria da estilista Diane von Furstenberg resultou em um document\u00e1rio que voc\u00ea pode ver agora:<\/span><\/p>\n<p><span class=\"embed-youtube\" style=\"text-align:center; display: block;\"><iframe loading=\"lazy\" class=\"youtube-player\" width=\"640\" height=\"360\" src=\"https:\/\/www.youtube.com\/embed\/XhpQ1pD-EsA?version=3&#038;rel=1&#038;showsearch=0&#038;showinfo=1&#038;iv_load_policy=1&#038;fs=1&#038;hl=pt-BR&#038;autohide=2&#038;wmode=transparent&#038;listType=playlist&#038;list=UUR5-Qb8IYR8vsx4-7DFXmXA\" allowfullscreen=\"true\" style=\"border:0;\" sandbox=\"allow-scripts allow-same-origin allow-popups allow-presentation\"><\/iframe><\/span><\/p>\n<div id=\"attachment_44054\" style=\"width: 510px\" class=\"wp-caption aligncenter\"><a class=\"lightbox\" title=\"Diane von Furstenberg lan\u00e7a document\u00e1rio gravado com o Glass, do Google\" href=\"https:\/\/i0.wp.com\/www.agrund.com\/wp-content\/uploads\/2012\/09\/diane-von-furstenbert-sergey-brin-yvan-mispelaere.jpg\"><img aria-describedby=\"caption-attachment-44054\" decoding=\"async\" loading=\"lazy\" class=\"size-full wp-image-44054\" title=\"Diane von Furstenberg lan\u00e7a document\u00e1rio gravado com o Glass, do Google\" src=\"https:\/\/i0.wp.com\/www.agrund.com\/wp-content\/uploads\/2012\/09\/diane-von-furstenbert-sergey-brin-yvan-mispelaere.jpg?resize=500%2C357\" alt=\"Diane von Furstenberg lan\u00e7a document\u00e1rio gravado com o Glass, do Google\" width=\"500\" height=\"357\" data-recalc-dims=\"1\" \/><\/a><p id=\"caption-attachment-44054\" class=\"wp-caption-text\">Diane von Furstenberg lan\u00e7a document\u00e1rio gravado com o Glass, do Google<\/p><\/div>\n<p><span style=\"font-family: Calibri;font-size: medium\">Imagens e V\u00eddeo : Reprodu\u00e7\u00e3o.<\/span><\/p>\n","protected":false},"excerpt":{"rendered":"<p>Voc\u00eas se lembram que comentamos AQUI que no desfile da DVF algumas modelos estavam com c\u00e2meras? Pois o mist\u00e9rio acabou. N\u00e3o eram c\u00e2meras, mas sim o Google Glass. S\u00e3o \u00f3culos ainda em fase de teste que n\u00e3o possuem lentes, mas um visor localizado no canto superior direito que coleta as imagens e as processa na [&hellip;]<\/p>\n","protected":false},"author":8,"featured_media":44055,"comment_status":"open","ping_status":"open","sticky":false,"template":"","format":"standard","meta":{"jetpack_post_was_ever_published":false,"_jetpack_newsletter_access":"","jetpack_publicize_message":"","jetpack_is_tweetstorm":false,"jetpack_publicize_feature_enabled":true,"jetpack_social_post_already_shared":false,"jetpack_social_options":{"image_generator_settings":{"template":"highway","enabled":false}}},"categories":[2],"tags":[],"jetpack_publicize_connections":[],"jetpack_featured_media_url":"","jetpack_sharing_enabled":true,"jetpack_shortlink":"https:\/\/wp.me\/p3Hz0n-bsw","jetpack_likes_enabled":true,"_links":{"self":[{"href":"https:\/\/agrund.com\/index.php\/wp-json\/wp\/v2\/posts\/44052"}],"collection":[{"href":"https:\/\/agrund.com\/index.php\/wp-json\/wp\/v2\/posts"}],"about":[{"href":"https:\/\/agrund.com\/index.php\/wp-json\/wp\/v2\/types\/post"}],"author":[{"embeddable":true,"href":"https:\/\/agrund.com\/index.php\/wp-json\/wp\/v2\/users\/8"}],"replies":[{"embeddable":true,"href":"https:\/\/agrund.com\/index.php\/wp-json\/wp\/v2\/comments?post=44052"}],"version-history":[{"count":0,"href":"https:\/\/agrund.com\/index.php\/wp-json\/wp\/v2\/posts\/44052\/revisions"}],"wp:featuredmedia":[{"embeddable":true,"href":"https:\/\/agrund.com\/index.php\/wp-json\/"}],"wp:attachment":[{"href":"https:\/\/agrund.com\/index.php\/wp-json\/wp\/v2\/media?parent=44052"}],"wp:term":[{"taxonomy":"category","embeddable":true,"href":"https:\/\/agrund.com\/index.php\/wp-json\/wp\/v2\/categories?post=44052"},{"taxonomy":"post_tag","embeddable":true,"href":"https:\/\/agrund.com\/index.php\/wp-json\/wp\/v2\/tags?post=44052"}],"curies":[{"name":"wp","href":"https:\/\/api.w.org\/{rel}","templated":true}]}}