{"id":43211,"date":"2012-09-10T13:00:54","date_gmt":"2012-09-10T16:00:54","guid":{"rendered":"http:\/\/www.agrund.com\/?p=43211"},"modified":"2012-09-10T13:00:54","modified_gmt":"2012-09-10T16:00:54","slug":"os-looks-do-arlindo-grund","status":"publish","type":"post","link":"https:\/\/agrund.com\/index.php\/os-looks-do-arlindo-grund\/","title":{"rendered":"Os Looks do Arlindo Grund"},"content":{"rendered":"<p>Todo s\u00e1bado, \u00e0s 19h45, o consultor de moda Arlindo Grund entra em cena\u00a0junto com sua partner Isabella Fiorentino para detonar as cafonas,\u00a0inadequadas e principalmente aquelas que moram fora da casinha quando\u00a0o assunto \u00e9 moda e estilo no Esquadr\u00e3o da Moda. E todas as tardes no\u00a0SBT ele tamb\u00e9m\u00a0d\u00e1 dicas no seu programa Tenha Estilo. Pensando nisso,\u00a0resolvi coloc\u00e1-lo na berlinda e separei alguns looks que ele usa nos\u00a0seus programas e fiz alguns coment\u00e1rios.<\/p>\n<p><strong>Look 1 &#8211;\u00a0<\/strong>Fica claro que ele gosta de brincar com os estilos! Nessa proposta a\u00a0camisa abotoada at\u00e9 a \u00faltima casa \u00e9 para poucos. A silhueta mais slim\u00a0tamb\u00e9m \u00e9 outra caracter\u00edstica das produ\u00e7\u00f5es do apresentador. O toque\u00a0cl\u00e1ssico ficou por conta do tradicional Gucci nos p\u00e9s!<\/p>\n<div id=\"attachment_43224\" style=\"width: 430px\" class=\"wp-caption aligncenter\"><a class=\"lightbox\" title=\"Moda Masculina :: Os Looks do Arlindo Grund \" href=\"https:\/\/i0.wp.com\/www.agrund.com\/wp-content\/uploads\/2012\/09\/11.jpg\"><img aria-describedby=\"caption-attachment-43224\" decoding=\"async\" loading=\"lazy\" class=\" wp-image-43224 \" title=\"Moda Masculina :: Os Looks do Arlindo Grund \" src=\"https:\/\/i0.wp.com\/www.agrund.com\/wp-content\/uploads\/2012\/09\/11.jpg?resize=420%2C420\" alt=\"Moda Masculina :: Os Looks do Arlindo Grund \" width=\"420\" height=\"420\" data-recalc-dims=\"1\" \/><\/a><p id=\"caption-attachment-43224\" class=\"wp-caption-text\">Moda Masculina :: Os Looks do Arlindo Grund<\/p><\/div>\n<p><strong>Look 2 &#8211;\u00a0<\/strong>A pe\u00e7a principal \u00e9 um blazer do Alexandre Herchovitch que tem um\u00a0colete com tecido tecnol\u00f3gico. A proposta de brincar com a camisaria e\u00a0a textura deu um ar atual\u00a0\u00e0 produ\u00e7\u00e3o. E essa \u00e9 uma das poucas\u00a0produ\u00e7\u00f5es em que ele n\u00e3o est\u00e1 de cal\u00e7a justa e curta, que tamb\u00e9m \u00e9 s\u00f3\u00a0para os mais longil\u00edneos.<\/p>\n<div id=\"attachment_43225\" style=\"width: 430px\" class=\"wp-caption aligncenter\"><a class=\"lightbox\" title=\"Moda Masculina :: Os Looks do Arlindo Grund \" href=\"https:\/\/i0.wp.com\/www.agrund.com\/wp-content\/uploads\/2012\/09\/2.jpg\"><img aria-describedby=\"caption-attachment-43225\" decoding=\"async\" loading=\"lazy\" class=\" wp-image-43225 \" title=\"Moda Masculina :: Os Looks do Arlindo Grund \" src=\"https:\/\/i0.wp.com\/www.agrund.com\/wp-content\/uploads\/2012\/09\/2.jpg?resize=420%2C420\" alt=\"Moda Masculina :: Os Looks do Arlindo Grund \" width=\"420\" height=\"420\" data-recalc-dims=\"1\" \/><\/a><p id=\"caption-attachment-43225\" class=\"wp-caption-text\">Moda Masculina :: Os Looks do Arlindo Grund<\/p><\/div>\n<p><strong>Look 3 &#8211; <\/strong>Misturar pe\u00e7as cl\u00e1ssicas com uma pegada esportiva j\u00e1 virou marca\u00a0registrada do stylist e apresentador Arlindo Grund. O blazer verde\u00a0militar ficou contempor\u00e2neo quando nele foi aplicado um broche de isca\u00a0assinado pelo estilista Alexandre Herchcotich. Outro ponto alto da\u00a0produ\u00e7\u00e3o \u00e9 o sneakers da Lanvin. Adorei!<\/p>\n<div id=\"attachment_43226\" style=\"width: 430px\" class=\"wp-caption aligncenter\"><a class=\"lightbox\" title=\"Moda Masculina :: Os Looks do Arlindo Grund \" href=\"https:\/\/i0.wp.com\/www.agrund.com\/wp-content\/uploads\/2012\/09\/31.jpg\"><img aria-describedby=\"caption-attachment-43226\" decoding=\"async\" loading=\"lazy\" class=\" wp-image-43226 \" title=\"Moda Masculina :: Os Looks do Arlindo Grund \" src=\"https:\/\/i0.wp.com\/www.agrund.com\/wp-content\/uploads\/2012\/09\/31.jpg?resize=420%2C420\" alt=\"Moda Masculina :: Os Looks do Arlindo Grund \" width=\"420\" height=\"420\" data-recalc-dims=\"1\" \/><\/a><p id=\"caption-attachment-43226\" class=\"wp-caption-text\">Moda Masculina :: Os Looks do Arlindo Grund<\/p><\/div>\n<p><strong>Look 4 &#8211; \u00a0<\/strong>Dessa vez a jaqueta de couro transforma um look mais cl\u00e1ssico com cara\u00a0de motoqueiro. A camisa jacquard com caveiras ficou harmoniosa com a\u00a0cor do sapato. Mesmo com a cal\u00e7a mais pr\u00f3xima ao corpo ele n\u00e3o dobrou\u00a0a barra! Esqueceu ou foi assim mesmo? \ud83d\ude09<\/p>\n<div id=\"attachment_43227\" style=\"width: 430px\" class=\"wp-caption aligncenter\"><a class=\"lightbox\" title=\"Moda Masculina :: Os Looks do Arlindo Grund \" href=\"https:\/\/i0.wp.com\/www.agrund.com\/wp-content\/uploads\/2012\/09\/41.jpg\"><img aria-describedby=\"caption-attachment-43227\" decoding=\"async\" loading=\"lazy\" class=\" wp-image-43227 \" title=\"Moda Masculina :: Os Looks do Arlindo Grund \" src=\"https:\/\/i0.wp.com\/www.agrund.com\/wp-content\/uploads\/2012\/09\/41.jpg?resize=420%2C420\" alt=\"Moda Masculina :: Os Looks do Arlindo Grund \" width=\"420\" height=\"420\" data-recalc-dims=\"1\" \/><\/a><p id=\"caption-attachment-43227\" class=\"wp-caption-text\">Moda Masculina :: Os Looks do Arlindo Grund<\/p><\/div>\n<p><strong>Look 5 &#8211; \u00a0<\/strong>A estampa liberty fica \u00f3tima quando usada em camisaria. E dessa vez a\u00a0cal\u00e7a veio curta e de acordo com as tend\u00eancias internacionais. A\u00a0cartela de cores \u00e9 a\u00e7ucarada dos p\u00e9s a cabe\u00e7a. Se voc\u00ea n\u00e3o tem\u00a0personalidade para montar um look assim come\u00e7a usando coe somente em\u00a0uma das pe\u00e7as do seu look.<\/p>\n<div id=\"attachment_43228\" style=\"width: 430px\" class=\"wp-caption aligncenter\"><a class=\"lightbox\" title=\"Moda Masculina :: Os Looks do Arlindo Grund \" href=\"https:\/\/i0.wp.com\/www.agrund.com\/wp-content\/uploads\/2012\/09\/52.jpg\"><img aria-describedby=\"caption-attachment-43228\" decoding=\"async\" loading=\"lazy\" class=\" wp-image-43228 \" title=\"Moda Masculina :: Os Looks do Arlindo Grund \" src=\"https:\/\/i0.wp.com\/www.agrund.com\/wp-content\/uploads\/2012\/09\/52.jpg?resize=420%2C420\" alt=\"Moda Masculina :: Os Looks do Arlindo Grund \" width=\"420\" height=\"420\" data-recalc-dims=\"1\" \/><\/a><p id=\"caption-attachment-43228\" class=\"wp-caption-text\">Moda Masculina :: Os Looks do Arlindo Grund<\/p><\/div>\n<p>Imagens por Arlindo Grund.<\/p>\n","protected":false},"excerpt":{"rendered":"<p>Todo s\u00e1bado, \u00e0s 19h45, o consultor de moda Arlindo Grund entra em cena\u00a0junto com sua partner Isabella Fiorentino para detonar as cafonas,\u00a0inadequadas e principalmente aquelas que moram fora da casinha quando\u00a0o assunto \u00e9 moda e estilo no Esquadr\u00e3o da Moda. E todas as tardes no\u00a0SBT ele tamb\u00e9m\u00a0d\u00e1 dicas no seu programa Tenha Estilo. Pensando nisso,\u00a0resolvi [&hellip;]<\/p>\n","protected":false},"author":8,"featured_media":43229,"comment_status":"open","ping_status":"open","sticky":false,"template":"","format":"standard","meta":{"jetpack_post_was_ever_published":false,"_jetpack_newsletter_access":"","jetpack_publicize_message":"","jetpack_is_tweetstorm":false,"jetpack_publicize_feature_enabled":true,"jetpack_social_post_already_shared":false,"jetpack_social_options":{"image_generator_settings":{"template":"highway","enabled":false}}},"categories":[6],"tags":[],"jetpack_publicize_connections":[],"jetpack_featured_media_url":"","jetpack_sharing_enabled":true,"jetpack_shortlink":"https:\/\/wp.me\/p3Hz0n-beX","jetpack_likes_enabled":true,"_links":{"self":[{"href":"https:\/\/agrund.com\/index.php\/wp-json\/wp\/v2\/posts\/43211"}],"collection":[{"href":"https:\/\/agrund.com\/index.php\/wp-json\/wp\/v2\/posts"}],"about":[{"href":"https:\/\/agrund.com\/index.php\/wp-json\/wp\/v2\/types\/post"}],"author":[{"embeddable":true,"href":"https:\/\/agrund.com\/index.php\/wp-json\/wp\/v2\/users\/8"}],"replies":[{"embeddable":true,"href":"https:\/\/agrund.com\/index.php\/wp-json\/wp\/v2\/comments?post=43211"}],"version-history":[{"count":0,"href":"https:\/\/agrund.com\/index.php\/wp-json\/wp\/v2\/posts\/43211\/revisions"}],"wp:featuredmedia":[{"embeddable":true,"href":"https:\/\/agrund.com\/index.php\/wp-json\/"}],"wp:attachment":[{"href":"https:\/\/agrund.com\/index.php\/wp-json\/wp\/v2\/media?parent=43211"}],"wp:term":[{"taxonomy":"category","embeddable":true,"href":"https:\/\/agrund.com\/index.php\/wp-json\/wp\/v2\/categories?post=43211"},{"taxonomy":"post_tag","embeddable":true,"href":"https:\/\/agrund.com\/index.php\/wp-json\/wp\/v2\/tags?post=43211"}],"curies":[{"name":"wp","href":"https:\/\/api.w.org\/{rel}","templated":true}]}}